{"id":2189,"date":"2022-04-29T00:55:45","date_gmt":"2022-04-28T22:55:45","guid":{"rendered":"https:\/\/blogsaverroes.juntadeandalucia.es\/delegacioneducaciongranada\/?p=2189"},"modified":"2022-04-29T10:22:14","modified_gmt":"2022-04-29T08:22:14","slug":"fase-regional-del-iii-torneo-de-debate-educativo-de-andalucia","status":"publish","type":"post","link":"https:\/\/blogsaverroes.juntadeandalucia.es\/delegacioneducaciongranada\/2022\/04\/29\/fase-regional-del-iii-torneo-de-debate-educativo-de-andalucia\/","title":{"rendered":"Fase regional del III Torneo de Debate Educativo de Andaluc\u00eda"},"content":{"rendered":"<p>Durante los d\u00edas 27 y 28 de abril hemos podido disfrutar en la localidad jienense de Alcal\u00e1 la Real, de la fase regional del III Torneo de Debate Educativo de Andaluc\u00eda.<\/p>\n<p dir=\"ltr\">Dirigida a centros de Educaci\u00f3n Secundaria, Ciclos Formativos de Grado Medio y de Bachillerato, en la fase final de la competici\u00f3n se han dado cita ocho de los 214 centros que han participado en el torneo: Novaschool A\u00f1oreta (M\u00e1laga); IES Iulia Salaria, de Sabiote (Ja\u00e9n); IES Jos\u00e9 Mar\u00eda Mor\u00f3n y Barrientos, de Cumbres Mayores (Huelva), IES El Palmeral (Almer\u00eda); IES \u00c1lvarez Cubero, de Priego de C\u00f3rdoba; IES Atalaya (C\u00e1diz); IES Jim\u00e9nez de Quesada (Granada) y CDP Buen Pastor (Sevilla).<\/p>\n<p dir=\"ltr\">La pregunta sobre la que ha girado el debate ha sido:\u00a0<em><strong>\u00bfEs posible afrontar la emergencia clim\u00e1tica sin cambiar sustancialmente nuestro estilo de vida actual?<\/strong><\/em>\u201d A la entrega de premios y clausura del torneo han asistido el jefe de Servicio de Planes y Programas Educativos de la Consejer\u00eda de Educaci\u00f3n, Manuel Mart\u00edn, y la jefa de Servicio de Programas Educativos Internacionales de la Consejer\u00eda de Educaci\u00f3n, Carmen Mellado, adem\u00e1s de autoridades locales.<\/p>\n<p dir=\"ltr\">En estos dos d\u00edas de competici\u00f3n, que arrancaron este mi\u00e9rcoles 27 de abril, han participado unas 160 personas. Por primera vez, el evento ha contado con una fase de exhibici\u00f3n internacional y, de forma experimental, ha ofrecido debates en franc\u00e9s, ingl\u00e9s, alem\u00e1n y chino. Por su parte, el\u00a0<strong>IES \u00c1ngel Ganivet<\/strong> ha participado en el debate exhibici\u00f3n de pluriling\u00fcismo, concretamente en el idioma de franc\u00e9s, realizando una magn\u00edfica actuaci\u00f3n. Tambi\u00e9n para este equipo nuestra m\u00e1s sincera felicitaci\u00f3n.<\/p>\n<p>Para esta fase, Granada ha estado representada por un grupo de alumnas del IES Jim\u00e9nez de Quesada. Katia Trassierra, Noelia C\u00e1liz, Julia Villena y Luc\u00eda Garz\u00f3n nos han hecho sentirnos muy orgullosos del trabajo que desde nuestra provincia hacen los centros escolares en torno al debate educativo.<\/p>\n<figure class=\"wp-block-image size-large\"><a href=\"https:\/\/becreagranadablog.files.wordpress.com\/2022\/04\/whatsapp-image-2022-04-29-at-12.25.04-am-1.jpeg\"><img decoding=\"async\" class=\"wp-image-1163\" src=\"https:\/\/becreagranadablog.files.wordpress.com\/2022\/04\/whatsapp-image-2022-04-29-at-12.25.04-am-1.jpeg?w=1024\" alt=\"\" data-attachment-id=\"1163\" data-permalink=\"https:\/\/becreagranadablog.wordpress.com\/whatsapp-image-2022-04-29-at-12-25-04-am-1\/\" data-orig-file=\"https:\/\/becreagranadablog.files.wordpress.com\/2022\/04\/whatsapp-image-2022-04-29-at-12.25.04-am-1.jpeg\" data-orig-size=\"2048,1536\" data-comments-opened=\"1\" data-image-meta=\"{&quot;aperture&quot;:&quot;0&quot;,&quot;credit&quot;:&quot;&quot;,&quot;camera&quot;:&quot;&quot;,&quot;caption&quot;:&quot;&quot;,&quot;created_timestamp&quot;:&quot;0&quot;,&quot;copyright&quot;:&quot;&quot;,&quot;focal_length&quot;:&quot;0&quot;,&quot;iso&quot;:&quot;0&quot;,&quot;shutter_speed&quot;:&quot;0&quot;,&quot;title&quot;:&quot;&quot;,&quot;orientation&quot;:&quot;0&quot;}\" data-image-title=\"whatsapp-image-2022-04-29-at-12.25.04-am-1\" data-image-description=\"\" data-image-caption=\"\" data-medium-file=\"https:\/\/becreagranadablog.files.wordpress.com\/2022\/04\/whatsapp-image-2022-04-29-at-12.25.04-am-1.jpeg?w=300\" data-large-file=\"https:\/\/becreagranadablog.files.wordpress.com\/2022\/04\/whatsapp-image-2022-04-29-at-12.25.04-am-1.jpeg?w=640\" \/><\/a><\/figure>\n<p>Este grupo de alumnas del IES Jim\u00e9nez de Quesada, con el docente al frente de la actividad Andr\u00e9s Rueda, han demostrado un magn\u00edfico nivel y madurez a la hora de exponer ideas y debatir opiniones. Durante dos d\u00edas, nuestras alumnas nos han mostrado c\u00f3mo han asumido la responsabilidad de representar a su provincia, ofreci\u00e9ndonos la posibilidad de demostrar c\u00f3mo el trabajo desarrollado desde su centro en torno a la pr\u00e1ctica del debate las ha hecho fortalecer su juicio cr\u00edtico y asimilar modelos de comportamiento democr\u00e1tico.<\/p>\n<p>La experiencia de poder disfrutar y compartir como lo ha hecho el alumnado que durante estos dos d\u00edas ha participado en esta fase regional, nos anima a seguir defendiendo uno de los fundamentos de esta actividad, el car\u00e1cter formativo y no competitivo de la misma. Lazos de respeto, admiraci\u00f3n y amistad son los que se han ido entretejiendo durante estos dos d\u00edas entre debate y debate.<\/p>\n<figure class=\"wp-block-image size-large\">\n<p><div id=\"attachment_1160\" style=\"width: 1034px\" class=\"wp-caption alignnone\"><a href=\"https:\/\/becreagranadablog.files.wordpress.com\/2022\/04\/whatsapp-image-2022-04-29-at-12.25.03-am-1.jpeg\"><img loading=\"lazy\" decoding=\"async\" aria-describedby=\"caption-attachment-1160\" class=\"wp-image-1160\" src=\"https:\/\/becreagranadablog.files.wordpress.com\/2022\/04\/whatsapp-image-2022-04-29-at-12.25.03-am-1.jpeg?w=1024\" alt=\"\" width=\"1024\" height=\"768\" data-attachment-id=\"1160\" data-permalink=\"https:\/\/becreagranadablog.wordpress.com\/whatsapp-image-2022-04-29-at-12-25-03-am-1\/\" data-orig-file=\"https:\/\/becreagranadablog.files.wordpress.com\/2022\/04\/whatsapp-image-2022-04-29-at-12.25.03-am-1.jpeg\" data-orig-size=\"2048,1536\" data-comments-opened=\"1\" data-image-meta=\"{&quot;aperture&quot;:&quot;0&quot;,&quot;credit&quot;:&quot;&quot;,&quot;camera&quot;:&quot;&quot;,&quot;caption&quot;:&quot;&quot;,&quot;created_timestamp&quot;:&quot;0&quot;,&quot;copyright&quot;:&quot;&quot;,&quot;focal_length&quot;:&quot;0&quot;,&quot;iso&quot;:&quot;0&quot;,&quot;shutter_speed&quot;:&quot;0&quot;,&quot;title&quot;:&quot;&quot;,&quot;orientation&quot;:&quot;0&quot;}\" data-image-title=\"whatsapp-image-2022-04-29-at-12.25.03-am-1\" data-image-description=\"\" data-image-caption=\"\" data-medium-file=\"https:\/\/becreagranadablog.files.wordpress.com\/2022\/04\/whatsapp-image-2022-04-29-at-12.25.03-am-1.jpeg?w=300\" data-large-file=\"https:\/\/becreagranadablog.files.wordpress.com\/2022\/04\/whatsapp-image-2022-04-29-at-12.25.03-am-1.jpeg?w=640\" \/><\/a><p id=\"caption-attachment-1160\" class=\"wp-caption-text\">Nuestro equipo del IES Jim\u00e9nez de Quesada con el equipo ganador de esta III edici\u00f3n<\/p><\/div><figcaption><\/figcaption><\/figure>\n<p>Pero si estos debates han sido posibles gracias al magn\u00edfico trabajo de docentes y alumnado de todos los centros participantes a nivel regional, la realizaci\u00f3n y desarrollo de la actividad tambi\u00e9n tiene detr\u00e1s el esfuerzo y trabajo de un magn\u00edfico equipo humano al frente de la Red Profesional de Bibliotecas Escolares de Andaluc\u00eda. Este equipo dirigido y capitaneado por Manuel Mart\u00edn, gran profesional caracterizado por su compromiso e implicaci\u00f3n con la educaci\u00f3n, ha coordinado las fases provinciales durante los \u00faltimos meses, actividades previas de las que han sido seleccionado los ocho centros andaluces que han participado durante estos dos d\u00edas en Alcal\u00e1 la Real.<\/p>\n<figure class=\"wp-block-image size-large\">\n<p><div id=\"attachment_1165\" style=\"width: 1034px\" class=\"wp-caption alignnone\"><a href=\"https:\/\/becreagranadablog.files.wordpress.com\/2022\/04\/whatsapp-image-2022-04-29-at-12.26.24-am-1.jpeg\"><img loading=\"lazy\" decoding=\"async\" aria-describedby=\"caption-attachment-1165\" class=\"wp-image-1165\" src=\"https:\/\/becreagranadablog.files.wordpress.com\/2022\/04\/whatsapp-image-2022-04-29-at-12.26.24-am-1.jpeg?w=1024\" alt=\"\" width=\"1024\" height=\"768\" data-attachment-id=\"1165\" data-permalink=\"https:\/\/becreagranadablog.wordpress.com\/whatsapp-image-2022-04-29-at-12-26-24-am-1\/\" data-orig-file=\"https:\/\/becreagranadablog.files.wordpress.com\/2022\/04\/whatsapp-image-2022-04-29-at-12.26.24-am-1.jpeg\" data-orig-size=\"1600,1200\" data-comments-opened=\"1\" data-image-meta=\"{&quot;aperture&quot;:&quot;0&quot;,&quot;credit&quot;:&quot;&quot;,&quot;camera&quot;:&quot;&quot;,&quot;caption&quot;:&quot;&quot;,&quot;created_timestamp&quot;:&quot;0&quot;,&quot;copyright&quot;:&quot;&quot;,&quot;focal_length&quot;:&quot;0&quot;,&quot;iso&quot;:&quot;0&quot;,&quot;shutter_speed&quot;:&quot;0&quot;,&quot;title&quot;:&quot;&quot;,&quot;orientation&quot;:&quot;0&quot;}\" data-image-title=\"whatsapp-image-2022-04-29-at-12.26.24-am-1\" data-image-description=\"\" data-image-caption=\"\" data-medium-file=\"https:\/\/becreagranadablog.files.wordpress.com\/2022\/04\/whatsapp-image-2022-04-29-at-12.26.24-am-1.jpeg?w=300\" data-large-file=\"https:\/\/becreagranadablog.files.wordpress.com\/2022\/04\/whatsapp-image-2022-04-29-at-12.26.24-am-1.jpeg?w=640\" \/><\/a><p id=\"caption-attachment-1165\" class=\"wp-caption-text\">Equipo de la Red Profesional de Bibliotecas Escolares de Andaluc\u00eda<\/p><\/div><figcaption><\/figcaption><\/figure>\n<p>Gracias al ayuntamiento de la localidad de Alcal\u00e1 la Real por las gestiones en la organizaci\u00f3n y cesi\u00f3n de espacios y materiales para el desarrollo de la actividad, as\u00ed como al CEP de Ja\u00e9n y por supuesto a nuestra Responsable Provincial de Lectura y Bibliotecas en la provincia de Ja\u00e9n Puri Colmenero, por su acogida, profesionalidad y su buen hacer.<\/p>\n<p><a href=\"https:\/\/www.youtube.com\/watch?v=2szJcoKwUi4\">INAUGURACI\u00d3N TORNEO<\/a><\/p>\n<p><a href=\"https:\/\/drive.google.com\/drive\/folders\/1J6AG-YcEPILaXPBFOIbqdSmEqIM8_oAk?usp=sharing\">GALER\u00cdA DE IM\u00c1GENES<\/a><\/p>\n","protected":false},"excerpt":{"rendered":"<p>Durante los d\u00edas 27 y 28 de abril hemos podido disfrutar en la localidad jienense de Alcal\u00e1 la Real, de la fase regional del III Torneo de Debate Educativo de Andaluc\u00eda. Dirigida a centros&#46;&#46;&#46;<\/p>\n","protected":false},"author":11586,"featured_media":0,"comment_status":"open","ping_status":"open","sticky":false,"template":"","format":"standard","meta":{"ngg_post_thumbnail":0,"footnotes":""},"categories":[1161,2273961],"tags":[2274067,2274010],"aioseo_notices":[],"_links":{"self":[{"href":"https:\/\/blogsaverroes.juntadeandalucia.es\/delegacioneducaciongranada\/wp-json\/wp\/v2\/posts\/2189"}],"collection":[{"href":"https:\/\/blogsaverroes.juntadeandalucia.es\/delegacioneducaciongranada\/wp-json\/wp\/v2\/posts"}],"about":[{"href":"https:\/\/blogsaverroes.juntadeandalucia.es\/delegacioneducaciongranada\/wp-json\/wp\/v2\/types\/post"}],"author":[{"embeddable":true,"href":"https:\/\/blogsaverroes.juntadeandalucia.es\/delegacioneducaciongranada\/wp-json\/wp\/v2\/users\/11586"}],"replies":[{"embeddable":true,"href":"https:\/\/blogsaverroes.juntadeandalucia.es\/delegacioneducaciongranada\/wp-json\/wp\/v2\/comments?post=2189"}],"version-history":[{"count":4,"href":"https:\/\/blogsaverroes.juntadeandalucia.es\/delegacioneducaciongranada\/wp-json\/wp\/v2\/posts\/2189\/revisions"}],"predecessor-version":[{"id":2191,"href":"https:\/\/blogsaverroes.juntadeandalucia.es\/delegacioneducaciongranada\/wp-json\/wp\/v2\/posts\/2189\/revisions\/2191"}],"wp:attachment":[{"href":"https:\/\/blogsaverroes.juntadeandalucia.es\/delegacioneducaciongranada\/wp-json\/wp\/v2\/media?parent=2189"}],"wp:term":[{"taxonomy":"category","embeddable":true,"href":"https:\/\/blogsaverroes.juntadeandalucia.es\/delegacioneducaciongranada\/wp-json\/wp\/v2\/categories?post=2189"},{"taxonomy":"post_tag","embeddable":true,"href":"https:\/\/blogsaverroes.juntadeandalucia.es\/delegacioneducaciongranada\/wp-json\/wp\/v2\/tags?post=2189"}],"curies":[{"name":"wp","href":"https:\/\/api.w.org\/{rel}","templated":true}]}}