{"id":3080,"date":"2023-05-29T13:10:52","date_gmt":"2023-05-29T11:10:52","guid":{"rendered":"https:\/\/blogsaverroes.juntadeandalucia.es\/delegacioneducaciongranada\/?p=3080"},"modified":"2023-05-29T13:10:52","modified_gmt":"2023-05-29T11:10:52","slug":"jornadas-finales-de-asesoramiento-para-los-centros-ecoescuela-noveles","status":"publish","type":"post","link":"https:\/\/blogsaverroes.juntadeandalucia.es\/delegacioneducaciongranada\/2023\/05\/29\/jornadas-finales-de-asesoramiento-para-los-centros-ecoescuela-noveles\/","title":{"rendered":"Jornadas finales de Asesoramiento para los centros Ecoescuela noveles"},"content":{"rendered":"<p>El d\u00eda 29 de mayo nos hemos reunido los 13 centros que en Granada llevan entre uno y tres a\u00f1os en la Red Andaluza de Ecoescuelas. Para estos centros noveles los CEP ofrecen un apoyo formativo a trav\u00e9s de un Proyecto de Formaci\u00f3n Espec\u00edfica en Centros. En estas jornadas finales, adem\u00e1s de compartir buenas pr\u00e1cticas y experiencias de \u00e9xito llevadas a cabo entre estas Ecoescuelas \u00abj\u00f3venes\u00bb, se ha aprovechado para realizar un balance de c\u00f3mo ha sido este proyecto formativo en cada uno de los centros, acompa\u00f1ados por los respectivos asesores de formaci\u00f3n.&nbsp;<\/p>\n\n\t\t<style>\n\t\t\t#gallery-1 {\n\t\t\t\tmargin: auto;\n\t\t\t}\n\t\t\t#gallery-1 .gallery-item {\n\t\t\t\tfloat: left;\n\t\t\t\tmargin-top: 10px;\n\t\t\t\ttext-align: center;\n\t\t\t\twidth: 33%;\n\t\t\t}\n\t\t\t#gallery-1 img {\n\t\t\t\tborder: 2px solid #cfcfcf;\n\t\t\t}\n\t\t\t#gallery-1 .gallery-caption {\n\t\t\t\tmargin-left: 0;\n\t\t\t}\n\t\t\t\/* see gallery_shortcode() in wp-includes\/media.php *\/\n\t\t<\/style>\n\t\t<div id='gallery-1' class='gallery galleryid-3080 gallery-columns-3 gallery-size-thumbnail'><dl class='gallery-item'>\n\t\t\t<dt class='gallery-icon landscape'>\n\t\t\t\t<a href='https:\/\/blogsaverroes.juntadeandalucia.es\/delegacioneducaciongranada\/2023\/05\/29\/jornadas-finales-de-asesoramiento-para-los-centros-ecoescuela-noveles\/img_6379\/'><img loading=\"lazy\" decoding=\"async\" width=\"150\" height=\"150\" src=\"https:\/\/blogsaverroes.juntadeandalucia.es\/delegacioneducaciongranada\/files\/2023\/05\/IMG_6379-150x150.jpg\" class=\"attachment-thumbnail size-thumbnail\" alt=\"\" \/><\/a>\n\t\t\t<\/dt><\/dl><dl class='gallery-item'>\n\t\t\t<dt class='gallery-icon landscape'>\n\t\t\t\t<a href='https:\/\/blogsaverroes.juntadeandalucia.es\/delegacioneducaciongranada\/2023\/05\/29\/jornadas-finales-de-asesoramiento-para-los-centros-ecoescuela-noveles\/img_6378\/'><img loading=\"lazy\" decoding=\"async\" width=\"150\" height=\"150\" src=\"https:\/\/blogsaverroes.juntadeandalucia.es\/delegacioneducaciongranada\/files\/2023\/05\/IMG_6378-150x150.jpg\" class=\"attachment-thumbnail size-thumbnail\" alt=\"\" \/><\/a>\n\t\t\t<\/dt><\/dl><dl class='gallery-item'>\n\t\t\t<dt class='gallery-icon landscape'>\n\t\t\t\t<a href='https:\/\/blogsaverroes.juntadeandalucia.es\/delegacioneducaciongranada\/2023\/05\/29\/jornadas-finales-de-asesoramiento-para-los-centros-ecoescuela-noveles\/img_6376\/'><img loading=\"lazy\" decoding=\"async\" width=\"150\" height=\"150\" src=\"https:\/\/blogsaverroes.juntadeandalucia.es\/delegacioneducaciongranada\/files\/2023\/05\/IMG_6376-150x150.jpg\" class=\"attachment-thumbnail size-thumbnail\" alt=\"\" \/><\/a>\n\t\t\t<\/dt><\/dl><br style=\"clear: both\" \/><dl class='gallery-item'>\n\t\t\t<dt class='gallery-icon landscape'>\n\t\t\t\t<a href='https:\/\/blogsaverroes.juntadeandalucia.es\/delegacioneducaciongranada\/2023\/05\/29\/jornadas-finales-de-asesoramiento-para-los-centros-ecoescuela-noveles\/img_6374\/'><img loading=\"lazy\" decoding=\"async\" width=\"150\" height=\"150\" src=\"https:\/\/blogsaverroes.juntadeandalucia.es\/delegacioneducaciongranada\/files\/2023\/05\/IMG_6374-150x150.jpg\" class=\"attachment-thumbnail size-thumbnail\" alt=\"\" \/><\/a>\n\t\t\t<\/dt><\/dl><dl class='gallery-item'>\n\t\t\t<dt class='gallery-icon landscape'>\n\t\t\t\t<a href='https:\/\/blogsaverroes.juntadeandalucia.es\/delegacioneducaciongranada\/2023\/05\/29\/jornadas-finales-de-asesoramiento-para-los-centros-ecoescuela-noveles\/img_6373\/'><img loading=\"lazy\" decoding=\"async\" width=\"150\" height=\"150\" src=\"https:\/\/blogsaverroes.juntadeandalucia.es\/delegacioneducaciongranada\/files\/2023\/05\/IMG_6373-150x150.jpg\" class=\"attachment-thumbnail size-thumbnail\" alt=\"\" \/><\/a>\n\t\t\t<\/dt><\/dl><dl class='gallery-item'>\n\t\t\t<dt class='gallery-icon landscape'>\n\t\t\t\t<a href='https:\/\/blogsaverroes.juntadeandalucia.es\/delegacioneducaciongranada\/2023\/05\/29\/jornadas-finales-de-asesoramiento-para-los-centros-ecoescuela-noveles\/img_6372\/'><img loading=\"lazy\" decoding=\"async\" width=\"150\" height=\"150\" src=\"https:\/\/blogsaverroes.juntadeandalucia.es\/delegacioneducaciongranada\/files\/2023\/05\/IMG_6372-150x150.jpg\" class=\"attachment-thumbnail size-thumbnail\" alt=\"\" \/><\/a>\n\t\t\t<\/dt><\/dl><br style=\"clear: both\" \/>\n\t\t<\/div>\n\n<p>Agradecer la colaboraci\u00f3n del CEP de Granada y a la asesora de referencia de la tem\u00e1tica, Asunci\u00f3n Bernab\u00e9u, por la dinamizaci\u00f3n de estas jornadas.&nbsp;<\/p>\n<p>M\u00e1s informaci\u00f3n:<\/p>\n<p><a href=\"https:\/\/www.juntadeandalucia.es\/educacion\/portals\/web\/aldea\/formacion-voluntaria\" target=\"_blank\" rel=\"noopener noreferrer\">https:\/\/www.juntadeandalucia.es\/educacion\/portals\/web\/aldea\/formacion<\/a><\/p>\n","protected":false},"excerpt":{"rendered":"<p>El d\u00eda 29 de mayo nos hemos reunido los 13 centros que en Granada llevan entre uno y tres a\u00f1os en la Red Andaluza de Ecoescuelas. Para estos centros noveles los CEP ofrecen un&#46;&#46;&#46;<\/p>\n","protected":false},"author":8174,"featured_media":0,"comment_status":"open","ping_status":"open","sticky":false,"template":"","format":"standard","meta":{"ngg_post_thumbnail":0,"footnotes":""},"categories":[1161,2273931,2273849],"tags":[2273946,2274038,2274039,2274081],"aioseo_notices":[],"_links":{"self":[{"href":"https:\/\/blogsaverroes.juntadeandalucia.es\/delegacioneducaciongranada\/wp-json\/wp\/v2\/posts\/3080"}],"collection":[{"href":"https:\/\/blogsaverroes.juntadeandalucia.es\/delegacioneducaciongranada\/wp-json\/wp\/v2\/posts"}],"about":[{"href":"https:\/\/blogsaverroes.juntadeandalucia.es\/delegacioneducaciongranada\/wp-json\/wp\/v2\/types\/post"}],"author":[{"embeddable":true,"href":"https:\/\/blogsaverroes.juntadeandalucia.es\/delegacioneducaciongranada\/wp-json\/wp\/v2\/users\/8174"}],"replies":[{"embeddable":true,"href":"https:\/\/blogsaverroes.juntadeandalucia.es\/delegacioneducaciongranada\/wp-json\/wp\/v2\/comments?post=3080"}],"version-history":[{"count":1,"href":"https:\/\/blogsaverroes.juntadeandalucia.es\/delegacioneducaciongranada\/wp-json\/wp\/v2\/posts\/3080\/revisions"}],"predecessor-version":[{"id":3087,"href":"https:\/\/blogsaverroes.juntadeandalucia.es\/delegacioneducaciongranada\/wp-json\/wp\/v2\/posts\/3080\/revisions\/3087"}],"wp:attachment":[{"href":"https:\/\/blogsaverroes.juntadeandalucia.es\/delegacioneducaciongranada\/wp-json\/wp\/v2\/media?parent=3080"}],"wp:term":[{"taxonomy":"category","embeddable":true,"href":"https:\/\/blogsaverroes.juntadeandalucia.es\/delegacioneducaciongranada\/wp-json\/wp\/v2\/categories?post=3080"},{"taxonomy":"post_tag","embeddable":true,"href":"https:\/\/blogsaverroes.juntadeandalucia.es\/delegacioneducaciongranada\/wp-json\/wp\/v2\/tags?post=3080"}],"curies":[{"name":"wp","href":"https:\/\/api.w.org\/{rel}","templated":true}]}}