{"id":3109,"date":"2023-06-02T11:23:04","date_gmt":"2023-06-02T09:23:04","guid":{"rendered":"https:\/\/blogsaverroes.juntadeandalucia.es\/delegacioneducaciongranada\/?p=3109"},"modified":"2023-06-02T13:47:15","modified_gmt":"2023-06-02T11:47:15","slug":"jornadas-de-aldea-b-en-el-aula-de-la-naturaleza-de-dilar","status":"publish","type":"post","link":"https:\/\/blogsaverroes.juntadeandalucia.es\/delegacioneducaciongranada\/2023\/06\/02\/jornadas-de-aldea-b-en-el-aula-de-la-naturaleza-de-dilar\/","title":{"rendered":"Jornadas de Aldea B en el Aula de la Naturaleza de D\u00edlar"},"content":{"rendered":"<p>El d\u00eda 1 de junio todas las personas coordinadoras del Programa de Innovaci\u00f3n Educativa \u00abAldea B\u00bb se han dado cita en el Aula de la Naturaleza \u00abErmita Vieja\u00bb de D\u00edlar para desarrollar las Jornadas Finales del programa correspondientes al curso 22-23. Como se puede ver en las im\u00e1genes, pudimos disfrutar de un d\u00eda fant\u00e1stico en un entorno privilegiado, en plena naturaleza junto al r\u00edo D\u00edlar (Sierra Nevada).&nbsp; &nbsp;<\/p>\n\n\t\t<style>\n\t\t\t#gallery-1 {\n\t\t\t\tmargin: auto;\n\t\t\t}\n\t\t\t#gallery-1 .gallery-item {\n\t\t\t\tfloat: left;\n\t\t\t\tmargin-top: 10px;\n\t\t\t\ttext-align: center;\n\t\t\t\twidth: 33%;\n\t\t\t}\n\t\t\t#gallery-1 img {\n\t\t\t\tborder: 2px solid #cfcfcf;\n\t\t\t}\n\t\t\t#gallery-1 .gallery-caption {\n\t\t\t\tmargin-left: 0;\n\t\t\t}\n\t\t\t\/* see gallery_shortcode() in wp-includes\/media.php *\/\n\t\t<\/style>\n\t\t<div id='gallery-1' class='gallery galleryid-3109 gallery-columns-3 gallery-size-thumbnail'><dl class='gallery-item'>\n\t\t\t<dt class='gallery-icon landscape'>\n\t\t\t\t<a href='https:\/\/blogsaverroes.juntadeandalucia.es\/delegacioneducaciongranada\/2023\/06\/02\/jornadas-de-aldea-b-en-el-aula-de-la-naturaleza-de-dilar\/20230601_150957000_ios\/'><img loading=\"lazy\" decoding=\"async\" width=\"150\" height=\"150\" src=\"https:\/\/blogsaverroes.juntadeandalucia.es\/delegacioneducaciongranada\/files\/2023\/06\/20230601_150957000_iOS-150x150.jpg\" class=\"attachment-thumbnail size-thumbnail\" alt=\"\" \/><\/a>\n\t\t\t<\/dt><\/dl><dl class='gallery-item'>\n\t\t\t<dt class='gallery-icon landscape'>\n\t\t\t\t<a href='https:\/\/blogsaverroes.juntadeandalucia.es\/delegacioneducaciongranada\/2023\/06\/02\/jornadas-de-aldea-b-en-el-aula-de-la-naturaleza-de-dilar\/20230601_150956000_ios\/'><img loading=\"lazy\" decoding=\"async\" width=\"150\" height=\"150\" src=\"https:\/\/blogsaverroes.juntadeandalucia.es\/delegacioneducaciongranada\/files\/2023\/06\/20230601_150956000_iOS-150x150.jpg\" class=\"attachment-thumbnail size-thumbnail\" alt=\"\" \/><\/a>\n\t\t\t<\/dt><\/dl><dl class='gallery-item'>\n\t\t\t<dt class='gallery-icon landscape'>\n\t\t\t\t<a href='https:\/\/blogsaverroes.juntadeandalucia.es\/delegacioneducaciongranada\/2023\/06\/02\/jornadas-de-aldea-b-en-el-aula-de-la-naturaleza-de-dilar\/20230601_074923616_ios\/'><img loading=\"lazy\" decoding=\"async\" width=\"150\" height=\"150\" src=\"https:\/\/blogsaverroes.juntadeandalucia.es\/delegacioneducaciongranada\/files\/2023\/06\/20230601_074923616_iOS-150x150.jpg\" class=\"attachment-thumbnail size-thumbnail\" alt=\"\" \/><\/a>\n\t\t\t<\/dt><\/dl><br style=\"clear: both\" \/><dl class='gallery-item'>\n\t\t\t<dt class='gallery-icon landscape'>\n\t\t\t\t<a href='https:\/\/blogsaverroes.juntadeandalucia.es\/delegacioneducaciongranada\/2023\/06\/02\/jornadas-de-aldea-b-en-el-aula-de-la-naturaleza-de-dilar\/20230601_080153128_ios\/'><img loading=\"lazy\" decoding=\"async\" width=\"150\" height=\"150\" src=\"https:\/\/blogsaverroes.juntadeandalucia.es\/delegacioneducaciongranada\/files\/2023\/06\/20230601_080153128_iOS-150x150.jpg\" class=\"attachment-thumbnail size-thumbnail\" alt=\"\" \/><\/a>\n\t\t\t<\/dt><\/dl><dl class='gallery-item'>\n\t\t\t<dt class='gallery-icon landscape'>\n\t\t\t\t<a href='https:\/\/blogsaverroes.juntadeandalucia.es\/delegacioneducaciongranada\/2023\/06\/02\/jornadas-de-aldea-b-en-el-aula-de-la-naturaleza-de-dilar\/attachment\/1685681124999\/'><img loading=\"lazy\" decoding=\"async\" width=\"150\" height=\"150\" src=\"https:\/\/blogsaverroes.juntadeandalucia.es\/delegacioneducaciongranada\/files\/2023\/06\/1685681124999-150x150.jpg\" class=\"attachment-thumbnail size-thumbnail\" alt=\"\" \/><\/a>\n\t\t\t<\/dt><\/dl><dl class='gallery-item'>\n\t\t\t<dt class='gallery-icon landscape'>\n\t\t\t\t<a href='https:\/\/blogsaverroes.juntadeandalucia.es\/delegacioneducaciongranada\/2023\/06\/02\/jornadas-de-aldea-b-en-el-aula-de-la-naturaleza-de-dilar\/20230601_150957000_ios-1\/'><img loading=\"lazy\" decoding=\"async\" width=\"150\" height=\"150\" src=\"https:\/\/blogsaverroes.juntadeandalucia.es\/delegacioneducaciongranada\/files\/2023\/06\/20230601_150957000_iOS-1-150x150.jpg\" class=\"attachment-thumbnail size-thumbnail\" alt=\"\" \/><\/a>\n\t\t\t<\/dt><\/dl><br style=\"clear: both\" \/><dl class='gallery-item'>\n\t\t\t<dt class='gallery-icon landscape'>\n\t\t\t\t<a href='https:\/\/blogsaverroes.juntadeandalucia.es\/delegacioneducaciongranada\/2023\/06\/02\/jornadas-de-aldea-b-en-el-aula-de-la-naturaleza-de-dilar\/20230601_150952000_ios-1\/'><img loading=\"lazy\" decoding=\"async\" width=\"150\" height=\"150\" src=\"https:\/\/blogsaverroes.juntadeandalucia.es\/delegacioneducaciongranada\/files\/2023\/06\/20230601_150952000_iOS-1-150x150.jpg\" class=\"attachment-thumbnail size-thumbnail\" alt=\"\" \/><\/a>\n\t\t\t<\/dt><\/dl><dl class='gallery-item'>\n\t\t\t<dt class='gallery-icon landscape'>\n\t\t\t\t<a href='https:\/\/blogsaverroes.juntadeandalucia.es\/delegacioneducaciongranada\/2023\/06\/02\/jornadas-de-aldea-b-en-el-aula-de-la-naturaleza-de-dilar\/20230601_095248238_ios\/'><img loading=\"lazy\" decoding=\"async\" width=\"150\" height=\"150\" src=\"https:\/\/blogsaverroes.juntadeandalucia.es\/delegacioneducaciongranada\/files\/2023\/06\/20230601_095248238_iOS-150x150.jpg\" class=\"attachment-thumbnail size-thumbnail\" alt=\"\" \/><\/a>\n\t\t\t<\/dt><\/dl><dl class='gallery-item'>\n\t\t\t<dt class='gallery-icon landscape'>\n\t\t\t\t<a href='https:\/\/blogsaverroes.juntadeandalucia.es\/delegacioneducaciongranada\/2023\/06\/02\/jornadas-de-aldea-b-en-el-aula-de-la-naturaleza-de-dilar\/20230601_150957000_ios-2\/'><img loading=\"lazy\" decoding=\"async\" width=\"150\" height=\"150\" src=\"https:\/\/blogsaverroes.juntadeandalucia.es\/delegacioneducaciongranada\/files\/2023\/06\/20230601_150957000_iOS-2-150x150.jpg\" class=\"attachment-thumbnail size-thumbnail\" alt=\"\" \/><\/a>\n\t\t\t<\/dt><\/dl><br style=\"clear: both\" \/><dl class='gallery-item'>\n\t\t\t<dt class='gallery-icon landscape'>\n\t\t\t\t<a href='https:\/\/blogsaverroes.juntadeandalucia.es\/delegacioneducaciongranada\/2023\/06\/02\/jornadas-de-aldea-b-en-el-aula-de-la-naturaleza-de-dilar\/20230601_150950000_ios\/'><img loading=\"lazy\" decoding=\"async\" width=\"150\" height=\"150\" src=\"https:\/\/blogsaverroes.juntadeandalucia.es\/delegacioneducaciongranada\/files\/2023\/06\/20230601_150950000_iOS-150x150.jpg\" class=\"attachment-thumbnail size-thumbnail\" alt=\"\" \/><\/a>\n\t\t\t<\/dt><\/dl><dl class='gallery-item'>\n\t\t\t<dt class='gallery-icon landscape'>\n\t\t\t\t<a href='https:\/\/blogsaverroes.juntadeandalucia.es\/delegacioneducaciongranada\/2023\/06\/02\/jornadas-de-aldea-b-en-el-aula-de-la-naturaleza-de-dilar\/20230601_150954000_ios-1\/'><img loading=\"lazy\" decoding=\"async\" width=\"150\" height=\"150\" src=\"https:\/\/blogsaverroes.juntadeandalucia.es\/delegacioneducaciongranada\/files\/2023\/06\/20230601_150954000_iOS-1-150x150.jpg\" class=\"attachment-thumbnail size-thumbnail\" alt=\"\" \/><\/a>\n\t\t\t<\/dt><\/dl><dl class='gallery-item'>\n\t\t\t<dt class='gallery-icon landscape'>\n\t\t\t\t<a href='https:\/\/blogsaverroes.juntadeandalucia.es\/delegacioneducaciongranada\/2023\/06\/02\/jornadas-de-aldea-b-en-el-aula-de-la-naturaleza-de-dilar\/20230601_095251709_ios\/'><img loading=\"lazy\" decoding=\"async\" width=\"150\" height=\"150\" src=\"https:\/\/blogsaverroes.juntadeandalucia.es\/delegacioneducaciongranada\/files\/2023\/06\/20230601_095251709_iOS-150x150.jpg\" class=\"attachment-thumbnail size-thumbnail\" alt=\"\" \/><\/a>\n\t\t\t<\/dt><\/dl><br style=\"clear: both\" \/>\n\t\t<\/div>\n\n<p>Tanto el programa, como las distintas din\u00e1micas llevadas a cabo, as\u00ed como las experiencias de los centros seleccionados para exponer sus buenas pr\u00e1cticas se pueden consultar en esta presentaci\u00f3n:<\/p>\n<p><iframe class=\"wp-embedded-content\" sandbox=\"allow-scripts\" security=\"restricted\" title=\"Jornadas Finales Aldea 22-23\" frameborder='0' width='1200' height='675' src='https:\/\/view.genially.com\/646f305691ce650018dec716#?secret=fHf9kiKLB4' data-secret='fHf9kiKLB4' scrolling='yes'><\/iframe><\/p>\n<p>Agradecer a Huerto Alegre, quien gestiona este Aula de la Naturaleza, que ha colaborado para que se desarrollen las jornadas en este espacio.&nbsp;<\/p>\n<p>En este <a href=\"https:\/\/1drv.ms\/f\/s!ArzCgfEnoLbPh50_H4ftHMVN_ghoIA?e=bDi4ll\" target=\"_blank\" rel=\"noopener noreferrer\">ENLACE<\/a> se pueden acceder a m\u00e1s im\u00e1genes de la jornada.&nbsp;<\/p>\n","protected":false},"excerpt":{"rendered":"<p>El d\u00eda 1 de junio todas las personas coordinadoras del Programa de Innovaci\u00f3n Educativa \u00abAldea B\u00bb se han dado cita en el Aula de la Naturaleza \u00abErmita Vieja\u00bb de D\u00edlar para desarrollar las Jornadas&#46;&#46;&#46;<\/p>\n","protected":false},"author":8174,"featured_media":0,"comment_status":"open","ping_status":"open","sticky":false,"template":"","format":"standard","meta":{"ngg_post_thumbnail":0,"footnotes":""},"categories":[1161,2273931,2273849],"tags":[2273946,2274042,2274111,2274041,2274081,2274092],"aioseo_notices":[],"_links":{"self":[{"href":"https:\/\/blogsaverroes.juntadeandalucia.es\/delegacioneducaciongranada\/wp-json\/wp\/v2\/posts\/3109"}],"collection":[{"href":"https:\/\/blogsaverroes.juntadeandalucia.es\/delegacioneducaciongranada\/wp-json\/wp\/v2\/posts"}],"about":[{"href":"https:\/\/blogsaverroes.juntadeandalucia.es\/delegacioneducaciongranada\/wp-json\/wp\/v2\/types\/post"}],"author":[{"embeddable":true,"href":"https:\/\/blogsaverroes.juntadeandalucia.es\/delegacioneducaciongranada\/wp-json\/wp\/v2\/users\/8174"}],"replies":[{"embeddable":true,"href":"https:\/\/blogsaverroes.juntadeandalucia.es\/delegacioneducaciongranada\/wp-json\/wp\/v2\/comments?post=3109"}],"version-history":[{"count":2,"href":"https:\/\/blogsaverroes.juntadeandalucia.es\/delegacioneducaciongranada\/wp-json\/wp\/v2\/posts\/3109\/revisions"}],"predecessor-version":[{"id":3123,"href":"https:\/\/blogsaverroes.juntadeandalucia.es\/delegacioneducaciongranada\/wp-json\/wp\/v2\/posts\/3109\/revisions\/3123"}],"wp:attachment":[{"href":"https:\/\/blogsaverroes.juntadeandalucia.es\/delegacioneducaciongranada\/wp-json\/wp\/v2\/media?parent=3109"}],"wp:term":[{"taxonomy":"category","embeddable":true,"href":"https:\/\/blogsaverroes.juntadeandalucia.es\/delegacioneducaciongranada\/wp-json\/wp\/v2\/categories?post=3109"},{"taxonomy":"post_tag","embeddable":true,"href":"https:\/\/blogsaverroes.juntadeandalucia.es\/delegacioneducaciongranada\/wp-json\/wp\/v2\/tags?post=3109"}],"curies":[{"name":"wp","href":"https:\/\/api.w.org\/{rel}","templated":true}]}}