{"id":3683,"date":"2024-04-25T11:17:35","date_gmt":"2024-04-25T09:17:35","guid":{"rendered":"https:\/\/blogsaverroes.juntadeandalucia.es\/delegacioneducaciongranada\/?p=3683"},"modified":"2024-06-11T13:29:00","modified_gmt":"2024-06-11T11:29:00","slug":"jornada-provincial-de-bibliotecas-escolares-en-granada","status":"publish","type":"post","link":"https:\/\/blogsaverroes.juntadeandalucia.es\/delegacioneducaciongranada\/2024\/04\/25\/jornada-provincial-de-bibliotecas-escolares-en-granada\/","title":{"rendered":"Jornada Provincial de Bibliotecas Escolares en Granada"},"content":{"rendered":"<p><img loading=\"lazy\" decoding=\"async\" class=\"alignleft size-medium wp-image-3920\" src=\"https:\/\/blogsaverroes.juntadeandalucia.es\/delegacioneducaciongranada\/files\/2024\/04\/WhatsApp-Image-2024-06-11-at-13.22.19-2-225x300.jpeg\" alt=\"\" width=\"225\" height=\"300\" srcset=\"https:\/\/blogsaverroes.juntadeandalucia.es\/delegacioneducaciongranada\/files\/2024\/04\/WhatsApp-Image-2024-06-11-at-13.22.19-2-225x300.jpeg 225w, https:\/\/blogsaverroes.juntadeandalucia.es\/delegacioneducaciongranada\/files\/2024\/04\/WhatsApp-Image-2024-06-11-at-13.22.19-2-768x1024.jpeg 768w, https:\/\/blogsaverroes.juntadeandalucia.es\/delegacioneducaciongranada\/files\/2024\/04\/WhatsApp-Image-2024-06-11-at-13.22.19-2-1152x1536.jpeg 1152w, https:\/\/blogsaverroes.juntadeandalucia.es\/delegacioneducaciongranada\/files\/2024\/04\/WhatsApp-Image-2024-06-11-at-13.22.19-2.jpeg 1200w\" sizes=\"(max-width: 225px) 100vw, 225px\" \/>Durante la ma\u00f1ana del lunes 15 y la tarde del 22 de abril, han tenido lugar las dos sesiones organizadas por el equipo de la Red Profesional Provincial de bibliotecas escolares, el FIP ciudad de Granada y el CEP de Granada.<\/p>\n<p>La jornada, que por segundo a\u00f1o consecutivo daba el pistoletazo de salida al FIP Ciudad de Granada en su XX edici\u00f3n, cont\u00f3 con la asistencia de m\u00e1s de 100 docentes y 200 futuros docentes que no quisieron perderse el programa elaborado para la ma\u00f1ana del 15 de abril en el que pudimos disfrutar de una conferencia inaugural a cargo de Mar\u00eda Rosal Nadales, Profesora Titular de Did\u00e1ctica de la Lengua y la Literatura en la Universidad de<br \/>\nC\u00f3rdoba, Licenciada en Filolog\u00eda Hisp\u00e1nica y Doctora en Teor\u00eda de la Literatura<br \/>\npor la Universidad de Granada; un debate entre las chicas del equipo Becrea Gr y\u00a0 Pedro Ma\u00f1as, licenciado en Filolog\u00eda Inglesa por la Universidad Aut\u00f3noma de Madrid al que le han sido concedidos diferentes galardones nacionales e internacionales en el \u00e1mbito de la narrativa infantil, entre los que destacan el premio Leer es Vivir de la editorial Everest y el premio Ciudad de M\u00e1laga de la editorial Anaya; una entrevista dirigida por el miembro de la Red Becrea Gr Antonio Mart\u00ednez Cerezo y un grupo de alumnas de su centro (IES Zaid\u00edn-Vergeles) con Alice Kellen, una joven promesa de las letras espa\u00f1olas y de la novela<br \/>\nrom\u00e1ntica y de las novelas sentimentales y donde contamos con un magnifico broche final con una entrevista al \u00a0buscador de aromas, perseguidor de la f\u00e1bula y el ensue\u00f1o, explorador de la belleza, ac\u00f3lito de la m\u00edstica de lo profano, sanador a trav\u00e9s del \u00e9xtasis, Javier Ruibal.<\/p>\n<p><img loading=\"lazy\" decoding=\"async\" class=\"alignleft size-medium wp-image-3921\" src=\"https:\/\/blogsaverroes.juntadeandalucia.es\/delegacioneducaciongranada\/files\/2024\/04\/WhatsApp-Image-2024-06-11-at-13.22.19-1-300x225.jpeg\" alt=\"\" width=\"300\" height=\"225\" srcset=\"https:\/\/blogsaverroes.juntadeandalucia.es\/delegacioneducaciongranada\/files\/2024\/04\/WhatsApp-Image-2024-06-11-at-13.22.19-1-300x225.jpeg 300w, https:\/\/blogsaverroes.juntadeandalucia.es\/delegacioneducaciongranada\/files\/2024\/04\/WhatsApp-Image-2024-06-11-at-13.22.19-1-1024x768.jpeg 1024w, https:\/\/blogsaverroes.juntadeandalucia.es\/delegacioneducaciongranada\/files\/2024\/04\/WhatsApp-Image-2024-06-11-at-13.22.19-1-768x576.jpeg 768w, https:\/\/blogsaverroes.juntadeandalucia.es\/delegacioneducaciongranada\/files\/2024\/04\/WhatsApp-Image-2024-06-11-at-13.22.19-1-1536x1152.jpeg 1536w, https:\/\/blogsaverroes.juntadeandalucia.es\/delegacioneducaciongranada\/files\/2024\/04\/WhatsApp-Image-2024-06-11-at-13.22.19-1.jpeg 1600w\" sizes=\"(max-width: 300px) 100vw, 300px\" \/>La sesi\u00f3n fue inaugurada por nuestra Delegada de Desarrollo Educativo y formaci\u00f3n Profesional, Mar\u00eda Jos\u00e9 Mart\u00edn G\u00f3mez quien con su presencia apuesta\u00a0 por la educaci\u00f3n y los beneficios que las bibliotecas escolares aportan a la misma. Nuestra delegada quiso aprovechar el acto para agradecer mostrar su compromiso ante la colaboraci\u00f3n fruct\u00edfera y enriquecedora entre la Red Profesional de bibliotecas escolares de la delegaci\u00f3n que lidera y el FIP Ciudad de Granada, que sin duda beneficiar\u00e1 a toda nuestra comunidad educativa. Mar\u00eda Jos\u00e9 cerr\u00f3 su intervenci\u00f3n agradeciendo sinceramente el esfuerzo y compromiso de todos los involucrados en la organizaci\u00f3n de las\u00a0 jornadas y traslad\u00e1ndonos su convencimiento de que ser\u00edan un \u00e9xito rotundo, tal y como hemos podido comprobar tras el desarrollo de las mismas.<\/p>\n<p><img loading=\"lazy\" decoding=\"async\" class=\"alignleft size-medium wp-image-3904\" src=\"https:\/\/blogsaverroes.juntadeandalucia.es\/delegacioneducaciongranada\/files\/2024\/04\/WhatsApp-Image-2024-06-11-at-13.22.22-1-300x225.jpeg\" alt=\"\" width=\"300\" height=\"225\" srcset=\"https:\/\/blogsaverroes.juntadeandalucia.es\/delegacioneducaciongranada\/files\/2024\/04\/WhatsApp-Image-2024-06-11-at-13.22.22-1-300x225.jpeg 300w, https:\/\/blogsaverroes.juntadeandalucia.es\/delegacioneducaciongranada\/files\/2024\/04\/WhatsApp-Image-2024-06-11-at-13.22.22-1-1024x768.jpeg 1024w, https:\/\/blogsaverroes.juntadeandalucia.es\/delegacioneducaciongranada\/files\/2024\/04\/WhatsApp-Image-2024-06-11-at-13.22.22-1-768x576.jpeg 768w, https:\/\/blogsaverroes.juntadeandalucia.es\/delegacioneducaciongranada\/files\/2024\/04\/WhatsApp-Image-2024-06-11-at-13.22.22-1-1536x1152.jpeg 1536w, https:\/\/blogsaverroes.juntadeandalucia.es\/delegacioneducaciongranada\/files\/2024\/04\/WhatsApp-Image-2024-06-11-at-13.22.22-1.jpeg 1600w\" sizes=\"(max-width: 300px) 100vw, 300px\" \/>La segunda sesi\u00f3n de la actividad pero no por ello menos importante, consisti\u00f3 en una serie de talleres simult\u00e1neos desarrollados en el CEP de Granada, sobre el proyecto \u00abLa m\u00fasica de las esferas\u00bb, un proyecto in\u00e9dito creado por el docente Antonio Alcaide y puesto en marcha desde el IES Luis Bueno Crespo de Armilla, contando con la colaboraci\u00f3n del profesorado del centro, entre el que cabe destacar la implicaci\u00f3n y compromiso de Rosa Herrero Salinero y Mar\u00eda Pe\u00f1as Troyano.<\/p>\n<p>En este taller se facilit\u00f3 al profesorado el conocimiento y manejo de herramientas digitales (GeoGebra, Tinkercad) y materiales l\u00fadicos (Rimago, Rimavium, App del proyecto, PoetrIA, Rimaled) para poner en pr\u00e1ctica el sistema de representaci\u00f3n de la rima en diferentes formatos atractivos y motivadores tanto para el docente como para el alumnado.<\/p>\n<p>Galer\u00eda de im\u00e1genes de la Jornada Provincial:<\/p>\n<p><img loading=\"lazy\" decoding=\"async\" class=\"alignleft size-medium wp-image-3905\" src=\"https:\/\/blogsaverroes.juntadeandalucia.es\/delegacioneducaciongranada\/files\/2024\/04\/WhatsApp-Image-2024-06-11-at-13.22.22-300x169.jpeg\" alt=\"\" width=\"300\" height=\"169\" srcset=\"https:\/\/blogsaverroes.juntadeandalucia.es\/delegacioneducaciongranada\/files\/2024\/04\/WhatsApp-Image-2024-06-11-at-13.22.22-300x169.jpeg 300w, https:\/\/blogsaverroes.juntadeandalucia.es\/delegacioneducaciongranada\/files\/2024\/04\/WhatsApp-Image-2024-06-11-at-13.22.22-1024x576.jpeg 1024w, https:\/\/blogsaverroes.juntadeandalucia.es\/delegacioneducaciongranada\/files\/2024\/04\/WhatsApp-Image-2024-06-11-at-13.22.22-768x432.jpeg 768w, https:\/\/blogsaverroes.juntadeandalucia.es\/delegacioneducaciongranada\/files\/2024\/04\/WhatsApp-Image-2024-06-11-at-13.22.22-1536x864.jpeg 1536w, https:\/\/blogsaverroes.juntadeandalucia.es\/delegacioneducaciongranada\/files\/2024\/04\/WhatsApp-Image-2024-06-11-at-13.22.22.jpeg 1600w\" sizes=\"(max-width: 300px) 100vw, 300px\" \/> <img loading=\"lazy\" decoding=\"async\" class=\"alignleft size-medium wp-image-3906\" src=\"https:\/\/blogsaverroes.juntadeandalucia.es\/delegacioneducaciongranada\/files\/2024\/04\/WhatsApp-Image-2024-06-11-at-13.22.21-7-225x300.jpeg\" alt=\"\" width=\"225\" height=\"300\" srcset=\"https:\/\/blogsaverroes.juntadeandalucia.es\/delegacioneducaciongranada\/files\/2024\/04\/WhatsApp-Image-2024-06-11-at-13.22.21-7-225x300.jpeg 225w, https:\/\/blogsaverroes.juntadeandalucia.es\/delegacioneducaciongranada\/files\/2024\/04\/WhatsApp-Image-2024-06-11-at-13.22.21-7-768x1024.jpeg 768w, https:\/\/blogsaverroes.juntadeandalucia.es\/delegacioneducaciongranada\/files\/2024\/04\/WhatsApp-Image-2024-06-11-at-13.22.21-7-1152x1536.jpeg 1152w, https:\/\/blogsaverroes.juntadeandalucia.es\/delegacioneducaciongranada\/files\/2024\/04\/WhatsApp-Image-2024-06-11-at-13.22.21-7.jpeg 1200w\" sizes=\"(max-width: 225px) 100vw, 225px\" \/> <img loading=\"lazy\" decoding=\"async\" class=\"alignleft size-medium wp-image-3907\" src=\"https:\/\/blogsaverroes.juntadeandalucia.es\/delegacioneducaciongranada\/files\/2024\/04\/WhatsApp-Image-2024-06-11-at-13.22.21-6-300x225.jpeg\" alt=\"\" width=\"300\" height=\"225\" srcset=\"https:\/\/blogsaverroes.juntadeandalucia.es\/delegacioneducaciongranada\/files\/2024\/04\/WhatsApp-Image-2024-06-11-at-13.22.21-6-300x225.jpeg 300w, https:\/\/blogsaverroes.juntadeandalucia.es\/delegacioneducaciongranada\/files\/2024\/04\/WhatsApp-Image-2024-06-11-at-13.22.21-6-1024x768.jpeg 1024w, https:\/\/blogsaverroes.juntadeandalucia.es\/delegacioneducaciongranada\/files\/2024\/04\/WhatsApp-Image-2024-06-11-at-13.22.21-6-768x576.jpeg 768w, https:\/\/blogsaverroes.juntadeandalucia.es\/delegacioneducaciongranada\/files\/2024\/04\/WhatsApp-Image-2024-06-11-at-13.22.21-6-1536x1152.jpeg 1536w, https:\/\/blogsaverroes.juntadeandalucia.es\/delegacioneducaciongranada\/files\/2024\/04\/WhatsApp-Image-2024-06-11-at-13.22.21-6.jpeg 1600w\" sizes=\"(max-width: 300px) 100vw, 300px\" \/> <img loading=\"lazy\" decoding=\"async\" class=\"alignleft size-medium wp-image-3908\" src=\"https:\/\/blogsaverroes.juntadeandalucia.es\/delegacioneducaciongranada\/files\/2024\/04\/WhatsApp-Image-2024-06-11-at-13.22.21-5-300x225.jpeg\" alt=\"\" width=\"300\" height=\"225\" srcset=\"https:\/\/blogsaverroes.juntadeandalucia.es\/delegacioneducaciongranada\/files\/2024\/04\/WhatsApp-Image-2024-06-11-at-13.22.21-5-300x225.jpeg 300w, https:\/\/blogsaverroes.juntadeandalucia.es\/delegacioneducaciongranada\/files\/2024\/04\/WhatsApp-Image-2024-06-11-at-13.22.21-5-1024x768.jpeg 1024w, https:\/\/blogsaverroes.juntadeandalucia.es\/delegacioneducaciongranada\/files\/2024\/04\/WhatsApp-Image-2024-06-11-at-13.22.21-5-768x576.jpeg 768w, https:\/\/blogsaverroes.juntadeandalucia.es\/delegacioneducaciongranada\/files\/2024\/04\/WhatsApp-Image-2024-06-11-at-13.22.21-5-1536x1152.jpeg 1536w, https:\/\/blogsaverroes.juntadeandalucia.es\/delegacioneducaciongranada\/files\/2024\/04\/WhatsApp-Image-2024-06-11-at-13.22.21-5.jpeg 1600w\" sizes=\"(max-width: 300px) 100vw, 300px\" \/> <img loading=\"lazy\" decoding=\"async\" class=\"alignleft size-medium wp-image-3909\" src=\"https:\/\/blogsaverroes.juntadeandalucia.es\/delegacioneducaciongranada\/files\/2024\/04\/WhatsApp-Image-2024-06-11-at-13.22.21-4-267x300.jpeg\" alt=\"\" width=\"267\" height=\"300\" srcset=\"https:\/\/blogsaverroes.juntadeandalucia.es\/delegacioneducaciongranada\/files\/2024\/04\/WhatsApp-Image-2024-06-11-at-13.22.21-4-267x300.jpeg 267w, https:\/\/blogsaverroes.juntadeandalucia.es\/delegacioneducaciongranada\/files\/2024\/04\/WhatsApp-Image-2024-06-11-at-13.22.21-4-911x1024.jpeg 911w, https:\/\/blogsaverroes.juntadeandalucia.es\/delegacioneducaciongranada\/files\/2024\/04\/WhatsApp-Image-2024-06-11-at-13.22.21-4-768x864.jpeg 768w, https:\/\/blogsaverroes.juntadeandalucia.es\/delegacioneducaciongranada\/files\/2024\/04\/WhatsApp-Image-2024-06-11-at-13.22.21-4-1366x1536.jpeg 1366w, https:\/\/blogsaverroes.juntadeandalucia.es\/delegacioneducaciongranada\/files\/2024\/04\/WhatsApp-Image-2024-06-11-at-13.22.21-4.jpeg 1423w\" sizes=\"(max-width: 267px) 100vw, 267px\" \/> <img loading=\"lazy\" decoding=\"async\" class=\"alignleft size-medium wp-image-3910\" src=\"https:\/\/blogsaverroes.juntadeandalucia.es\/delegacioneducaciongranada\/files\/2024\/04\/WhatsApp-Image-2024-06-11-at-13.22.21-3-300x169.jpeg\" alt=\"\" width=\"300\" height=\"169\" srcset=\"https:\/\/blogsaverroes.juntadeandalucia.es\/delegacioneducaciongranada\/files\/2024\/04\/WhatsApp-Image-2024-06-11-at-13.22.21-3-300x169.jpeg 300w, https:\/\/blogsaverroes.juntadeandalucia.es\/delegacioneducaciongranada\/files\/2024\/04\/WhatsApp-Image-2024-06-11-at-13.22.21-3-1024x576.jpeg 1024w, https:\/\/blogsaverroes.juntadeandalucia.es\/delegacioneducaciongranada\/files\/2024\/04\/WhatsApp-Image-2024-06-11-at-13.22.21-3-768x432.jpeg 768w, https:\/\/blogsaverroes.juntadeandalucia.es\/delegacioneducaciongranada\/files\/2024\/04\/WhatsApp-Image-2024-06-11-at-13.22.21-3-1536x864.jpeg 1536w, https:\/\/blogsaverroes.juntadeandalucia.es\/delegacioneducaciongranada\/files\/2024\/04\/WhatsApp-Image-2024-06-11-at-13.22.21-3.jpeg 1600w\" sizes=\"(max-width: 300px) 100vw, 300px\" \/> <img loading=\"lazy\" decoding=\"async\" class=\"alignleft size-medium wp-image-3911\" src=\"https:\/\/blogsaverroes.juntadeandalucia.es\/delegacioneducaciongranada\/files\/2024\/04\/WhatsApp-Image-2024-06-11-at-13.22.21-2-300x169.jpeg\" alt=\"\" width=\"300\" height=\"169\" srcset=\"https:\/\/blogsaverroes.juntadeandalucia.es\/delegacioneducaciongranada\/files\/2024\/04\/WhatsApp-Image-2024-06-11-at-13.22.21-2-300x169.jpeg 300w, https:\/\/blogsaverroes.juntadeandalucia.es\/delegacioneducaciongranada\/files\/2024\/04\/WhatsApp-Image-2024-06-11-at-13.22.21-2-1024x576.jpeg 1024w, https:\/\/blogsaverroes.juntadeandalucia.es\/delegacioneducaciongranada\/files\/2024\/04\/WhatsApp-Image-2024-06-11-at-13.22.21-2-768x432.jpeg 768w, https:\/\/blogsaverroes.juntadeandalucia.es\/delegacioneducaciongranada\/files\/2024\/04\/WhatsApp-Image-2024-06-11-at-13.22.21-2-1536x864.jpeg 1536w, https:\/\/blogsaverroes.juntadeandalucia.es\/delegacioneducaciongranada\/files\/2024\/04\/WhatsApp-Image-2024-06-11-at-13.22.21-2.jpeg 1600w\" sizes=\"(max-width: 300px) 100vw, 300px\" \/> <img loading=\"lazy\" decoding=\"async\" class=\"alignleft size-medium wp-image-3912\" src=\"https:\/\/blogsaverroes.juntadeandalucia.es\/delegacioneducaciongranada\/files\/2024\/04\/WhatsApp-Image-2024-06-11-at-13.22.21-1-300x169.jpeg\" alt=\"\" width=\"300\" height=\"169\" srcset=\"https:\/\/blogsaverroes.juntadeandalucia.es\/delegacioneducaciongranada\/files\/2024\/04\/WhatsApp-Image-2024-06-11-at-13.22.21-1-300x169.jpeg 300w, https:\/\/blogsaverroes.juntadeandalucia.es\/delegacioneducaciongranada\/files\/2024\/04\/WhatsApp-Image-2024-06-11-at-13.22.21-1-1024x576.jpeg 1024w, https:\/\/blogsaverroes.juntadeandalucia.es\/delegacioneducaciongranada\/files\/2024\/04\/WhatsApp-Image-2024-06-11-at-13.22.21-1-768x432.jpeg 768w, https:\/\/blogsaverroes.juntadeandalucia.es\/delegacioneducaciongranada\/files\/2024\/04\/WhatsApp-Image-2024-06-11-at-13.22.21-1-1536x864.jpeg 1536w, https:\/\/blogsaverroes.juntadeandalucia.es\/delegacioneducaciongranada\/files\/2024\/04\/WhatsApp-Image-2024-06-11-at-13.22.21-1.jpeg 1600w\" sizes=\"(max-width: 300px) 100vw, 300px\" \/> <img loading=\"lazy\" decoding=\"async\" class=\"alignleft size-medium wp-image-3913\" src=\"https:\/\/blogsaverroes.juntadeandalucia.es\/delegacioneducaciongranada\/files\/2024\/04\/WhatsApp-Image-2024-06-11-at-13.22.21-300x169.jpeg\" alt=\"\" width=\"300\" height=\"169\" srcset=\"https:\/\/blogsaverroes.juntadeandalucia.es\/delegacioneducaciongranada\/files\/2024\/04\/WhatsApp-Image-2024-06-11-at-13.22.21-300x169.jpeg 300w, https:\/\/blogsaverroes.juntadeandalucia.es\/delegacioneducaciongranada\/files\/2024\/04\/WhatsApp-Image-2024-06-11-at-13.22.21-1024x576.jpeg 1024w, https:\/\/blogsaverroes.juntadeandalucia.es\/delegacioneducaciongranada\/files\/2024\/04\/WhatsApp-Image-2024-06-11-at-13.22.21-768x432.jpeg 768w, https:\/\/blogsaverroes.juntadeandalucia.es\/delegacioneducaciongranada\/files\/2024\/04\/WhatsApp-Image-2024-06-11-at-13.22.21-1536x864.jpeg 1536w, https:\/\/blogsaverroes.juntadeandalucia.es\/delegacioneducaciongranada\/files\/2024\/04\/WhatsApp-Image-2024-06-11-at-13.22.21.jpeg 1600w\" sizes=\"(max-width: 300px) 100vw, 300px\" \/> <img loading=\"lazy\" decoding=\"async\" class=\"alignleft size-medium wp-image-3914\" src=\"https:\/\/blogsaverroes.juntadeandalucia.es\/delegacioneducaciongranada\/files\/2024\/04\/WhatsApp-Image-2024-06-11-at-13.22.20-5-300x225.jpeg\" alt=\"\" width=\"300\" height=\"225\" srcset=\"https:\/\/blogsaverroes.juntadeandalucia.es\/delegacioneducaciongranada\/files\/2024\/04\/WhatsApp-Image-2024-06-11-at-13.22.20-5-300x225.jpeg 300w, https:\/\/blogsaverroes.juntadeandalucia.es\/delegacioneducaciongranada\/files\/2024\/04\/WhatsApp-Image-2024-06-11-at-13.22.20-5-1024x768.jpeg 1024w, https:\/\/blogsaverroes.juntadeandalucia.es\/delegacioneducaciongranada\/files\/2024\/04\/WhatsApp-Image-2024-06-11-at-13.22.20-5-768x576.jpeg 768w, https:\/\/blogsaverroes.juntadeandalucia.es\/delegacioneducaciongranada\/files\/2024\/04\/WhatsApp-Image-2024-06-11-at-13.22.20-5-1536x1152.jpeg 1536w, https:\/\/blogsaverroes.juntadeandalucia.es\/delegacioneducaciongranada\/files\/2024\/04\/WhatsApp-Image-2024-06-11-at-13.22.20-5.jpeg 1600w\" sizes=\"(max-width: 300px) 100vw, 300px\" \/> <img loading=\"lazy\" decoding=\"async\" class=\"alignleft size-medium wp-image-3915\" src=\"https:\/\/blogsaverroes.juntadeandalucia.es\/delegacioneducaciongranada\/files\/2024\/04\/WhatsApp-Image-2024-06-11-at-13.22.20-4-300x225.jpeg\" alt=\"\" width=\"300\" height=\"225\" srcset=\"https:\/\/blogsaverroes.juntadeandalucia.es\/delegacioneducaciongranada\/files\/2024\/04\/WhatsApp-Image-2024-06-11-at-13.22.20-4-300x225.jpeg 300w, https:\/\/blogsaverroes.juntadeandalucia.es\/delegacioneducaciongranada\/files\/2024\/04\/WhatsApp-Image-2024-06-11-at-13.22.20-4-1024x768.jpeg 1024w, https:\/\/blogsaverroes.juntadeandalucia.es\/delegacioneducaciongranada\/files\/2024\/04\/WhatsApp-Image-2024-06-11-at-13.22.20-4-768x576.jpeg 768w, https:\/\/blogsaverroes.juntadeandalucia.es\/delegacioneducaciongranada\/files\/2024\/04\/WhatsApp-Image-2024-06-11-at-13.22.20-4-1536x1152.jpeg 1536w, https:\/\/blogsaverroes.juntadeandalucia.es\/delegacioneducaciongranada\/files\/2024\/04\/WhatsApp-Image-2024-06-11-at-13.22.20-4.jpeg 1600w\" sizes=\"(max-width: 300px) 100vw, 300px\" \/> <img loading=\"lazy\" decoding=\"async\" class=\"alignleft size-medium wp-image-3916\" src=\"https:\/\/blogsaverroes.juntadeandalucia.es\/delegacioneducaciongranada\/files\/2024\/04\/WhatsApp-Image-2024-06-11-at-13.22.20-3-300x225.jpeg\" alt=\"\" width=\"300\" height=\"225\" srcset=\"https:\/\/blogsaverroes.juntadeandalucia.es\/delegacioneducaciongranada\/files\/2024\/04\/WhatsApp-Image-2024-06-11-at-13.22.20-3-300x225.jpeg 300w, https:\/\/blogsaverroes.juntadeandalucia.es\/delegacioneducaciongranada\/files\/2024\/04\/WhatsApp-Image-2024-06-11-at-13.22.20-3-1024x768.jpeg 1024w, https:\/\/blogsaverroes.juntadeandalucia.es\/delegacioneducaciongranada\/files\/2024\/04\/WhatsApp-Image-2024-06-11-at-13.22.20-3-768x576.jpeg 768w, https:\/\/blogsaverroes.juntadeandalucia.es\/delegacioneducaciongranada\/files\/2024\/04\/WhatsApp-Image-2024-06-11-at-13.22.20-3-1536x1152.jpeg 1536w, https:\/\/blogsaverroes.juntadeandalucia.es\/delegacioneducaciongranada\/files\/2024\/04\/WhatsApp-Image-2024-06-11-at-13.22.20-3.jpeg 1600w\" sizes=\"(max-width: 300px) 100vw, 300px\" \/> <img loading=\"lazy\" decoding=\"async\" class=\"alignleft size-medium wp-image-3918\" src=\"https:\/\/blogsaverroes.juntadeandalucia.es\/delegacioneducaciongranada\/files\/2024\/04\/WhatsApp-Image-2024-06-11-at-13.22.20-1-300x225.jpeg\" alt=\"\" width=\"300\" height=\"225\" srcset=\"https:\/\/blogsaverroes.juntadeandalucia.es\/delegacioneducaciongranada\/files\/2024\/04\/WhatsApp-Image-2024-06-11-at-13.22.20-1-300x225.jpeg 300w, https:\/\/blogsaverroes.juntadeandalucia.es\/delegacioneducaciongranada\/files\/2024\/04\/WhatsApp-Image-2024-06-11-at-13.22.20-1-1024x768.jpeg 1024w, https:\/\/blogsaverroes.juntadeandalucia.es\/delegacioneducaciongranada\/files\/2024\/04\/WhatsApp-Image-2024-06-11-at-13.22.20-1-768x576.jpeg 768w, https:\/\/blogsaverroes.juntadeandalucia.es\/delegacioneducaciongranada\/files\/2024\/04\/WhatsApp-Image-2024-06-11-at-13.22.20-1-1536x1152.jpeg 1536w, https:\/\/blogsaverroes.juntadeandalucia.es\/delegacioneducaciongranada\/files\/2024\/04\/WhatsApp-Image-2024-06-11-at-13.22.20-1.jpeg 1600w\" sizes=\"(max-width: 300px) 100vw, 300px\" \/> <img loading=\"lazy\" decoding=\"async\" class=\"alignleft size-medium wp-image-3919\" src=\"https:\/\/blogsaverroes.juntadeandalucia.es\/delegacioneducaciongranada\/files\/2024\/04\/WhatsApp-Image-2024-06-11-at-13.22.20-300x225.jpeg\" alt=\"\" width=\"300\" height=\"225\" srcset=\"https:\/\/blogsaverroes.juntadeandalucia.es\/delegacioneducaciongranada\/files\/2024\/04\/WhatsApp-Image-2024-06-11-at-13.22.20-300x225.jpeg 300w, https:\/\/blogsaverroes.juntadeandalucia.es\/delegacioneducaciongranada\/files\/2024\/04\/WhatsApp-Image-2024-06-11-at-13.22.20-1024x768.jpeg 1024w, https:\/\/blogsaverroes.juntadeandalucia.es\/delegacioneducaciongranada\/files\/2024\/04\/WhatsApp-Image-2024-06-11-at-13.22.20-768x576.jpeg 768w, https:\/\/blogsaverroes.juntadeandalucia.es\/delegacioneducaciongranada\/files\/2024\/04\/WhatsApp-Image-2024-06-11-at-13.22.20-1536x1152.jpeg 1536w, https:\/\/blogsaverroes.juntadeandalucia.es\/delegacioneducaciongranada\/files\/2024\/04\/WhatsApp-Image-2024-06-11-at-13.22.20.jpeg 1600w\" sizes=\"(max-width: 300px) 100vw, 300px\" \/> <img loading=\"lazy\" decoding=\"async\" class=\"alignleft size-medium wp-image-3922\" src=\"https:\/\/blogsaverroes.juntadeandalucia.es\/delegacioneducaciongranada\/files\/2024\/04\/WhatsApp-Image-2024-06-11-at-13.22.19-300x225.jpeg\" alt=\"\" width=\"300\" height=\"225\" srcset=\"https:\/\/blogsaverroes.juntadeandalucia.es\/delegacioneducaciongranada\/files\/2024\/04\/WhatsApp-Image-2024-06-11-at-13.22.19-300x225.jpeg 300w, https:\/\/blogsaverroes.juntadeandalucia.es\/delegacioneducaciongranada\/files\/2024\/04\/WhatsApp-Image-2024-06-11-at-13.22.19-1024x768.jpeg 1024w, https:\/\/blogsaverroes.juntadeandalucia.es\/delegacioneducaciongranada\/files\/2024\/04\/WhatsApp-Image-2024-06-11-at-13.22.19-768x576.jpeg 768w, https:\/\/blogsaverroes.juntadeandalucia.es\/delegacioneducaciongranada\/files\/2024\/04\/WhatsApp-Image-2024-06-11-at-13.22.19-1536x1152.jpeg 1536w, https:\/\/blogsaverroes.juntadeandalucia.es\/delegacioneducaciongranada\/files\/2024\/04\/WhatsApp-Image-2024-06-11-at-13.22.19.jpeg 1600w\" sizes=\"(max-width: 300px) 100vw, 300px\" \/> <img loading=\"lazy\" decoding=\"async\" class=\"alignleft size-medium wp-image-3923\" src=\"https:\/\/blogsaverroes.juntadeandalucia.es\/delegacioneducaciongranada\/files\/2024\/04\/WhatsApp-Image-2024-06-11-at-13.22.16-300x225.jpeg\" alt=\"\" width=\"300\" height=\"225\" srcset=\"https:\/\/blogsaverroes.juntadeandalucia.es\/delegacioneducaciongranada\/files\/2024\/04\/WhatsApp-Image-2024-06-11-at-13.22.16-300x225.jpeg 300w, https:\/\/blogsaverroes.juntadeandalucia.es\/delegacioneducaciongranada\/files\/2024\/04\/WhatsApp-Image-2024-06-11-at-13.22.16-1024x768.jpeg 1024w, https:\/\/blogsaverroes.juntadeandalucia.es\/delegacioneducaciongranada\/files\/2024\/04\/WhatsApp-Image-2024-06-11-at-13.22.16-768x576.jpeg 768w, https:\/\/blogsaverroes.juntadeandalucia.es\/delegacioneducaciongranada\/files\/2024\/04\/WhatsApp-Image-2024-06-11-at-13.22.16-1536x1152.jpeg 1536w, https:\/\/blogsaverroes.juntadeandalucia.es\/delegacioneducaciongranada\/files\/2024\/04\/WhatsApp-Image-2024-06-11-at-13.22.16.jpeg 1600w\" sizes=\"(max-width: 300px) 100vw, 300px\" \/><\/p>\n<p>&nbsp;<\/p>\n<p>&nbsp;<\/p>\n<p>&nbsp;<\/p>\n","protected":false},"excerpt":{"rendered":"<p>Durante la ma\u00f1ana del lunes 15 y la tarde del 22 de abril, han tenido lugar las dos sesiones organizadas por el equipo de la Red Profesional Provincial de bibliotecas escolares, el FIP ciudad&#46;&#46;&#46;<\/p>\n","protected":false},"author":11586,"featured_media":0,"comment_status":"open","ping_status":"open","sticky":false,"template":"","format":"standard","meta":{"ngg_post_thumbnail":0,"footnotes":""},"categories":[1161,2273961],"tags":[2274067,2273960],"aioseo_notices":[],"_links":{"self":[{"href":"https:\/\/blogsaverroes.juntadeandalucia.es\/delegacioneducaciongranada\/wp-json\/wp\/v2\/posts\/3683"}],"collection":[{"href":"https:\/\/blogsaverroes.juntadeandalucia.es\/delegacioneducaciongranada\/wp-json\/wp\/v2\/posts"}],"about":[{"href":"https:\/\/blogsaverroes.juntadeandalucia.es\/delegacioneducaciongranada\/wp-json\/wp\/v2\/types\/post"}],"author":[{"embeddable":true,"href":"https:\/\/blogsaverroes.juntadeandalucia.es\/delegacioneducaciongranada\/wp-json\/wp\/v2\/users\/11586"}],"replies":[{"embeddable":true,"href":"https:\/\/blogsaverroes.juntadeandalucia.es\/delegacioneducaciongranada\/wp-json\/wp\/v2\/comments?post=3683"}],"version-history":[{"count":3,"href":"https:\/\/blogsaverroes.juntadeandalucia.es\/delegacioneducaciongranada\/wp-json\/wp\/v2\/posts\/3683\/revisions"}],"predecessor-version":[{"id":3924,"href":"https:\/\/blogsaverroes.juntadeandalucia.es\/delegacioneducaciongranada\/wp-json\/wp\/v2\/posts\/3683\/revisions\/3924"}],"wp:attachment":[{"href":"https:\/\/blogsaverroes.juntadeandalucia.es\/delegacioneducaciongranada\/wp-json\/wp\/v2\/media?parent=3683"}],"wp:term":[{"taxonomy":"category","embeddable":true,"href":"https:\/\/blogsaverroes.juntadeandalucia.es\/delegacioneducaciongranada\/wp-json\/wp\/v2\/categories?post=3683"},{"taxonomy":"post_tag","embeddable":true,"href":"https:\/\/blogsaverroes.juntadeandalucia.es\/delegacioneducaciongranada\/wp-json\/wp\/v2\/tags?post=3683"}],"curies":[{"name":"wp","href":"https:\/\/api.w.org\/{rel}","templated":true}]}}