{"id":3962,"date":"2024-06-12T15:41:11","date_gmt":"2024-06-12T13:41:11","guid":{"rendered":"https:\/\/blogsaverroes.juntadeandalucia.es\/delegacioneducaciongranada\/?p=3962"},"modified":"2024-06-13T13:43:35","modified_gmt":"2024-06-13T11:43:35","slug":"el-ies-emilio-munoz-de-cogollos-vega-premiado-por-su-plan-de-lectura","status":"publish","type":"post","link":"https:\/\/blogsaverroes.juntadeandalucia.es\/delegacioneducaciongranada\/2024\/06\/12\/el-ies-emilio-munoz-de-cogollos-vega-premiado-por-su-plan-de-lectura\/","title":{"rendered":"El IES Emilio Mu\u00f1oz de Cogollos Vega premiado por su Plan de Lectura"},"content":{"rendered":"<p><img loading=\"lazy\" decoding=\"async\" class=\"alignleft size-medium wp-image-3964\" src=\"https:\/\/blogsaverroes.juntadeandalucia.es\/delegacioneducaciongranada\/files\/2024\/06\/se-te-echa-muchisimo-de-menos-300x240.jpg\" alt=\"\" width=\"300\" height=\"240\" srcset=\"https:\/\/blogsaverroes.juntadeandalucia.es\/delegacioneducaciongranada\/files\/2024\/06\/se-te-echa-muchisimo-de-menos-300x240.jpg 300w, https:\/\/blogsaverroes.juntadeandalucia.es\/delegacioneducaciongranada\/files\/2024\/06\/se-te-echa-muchisimo-de-menos-1024x819.jpg 1024w, https:\/\/blogsaverroes.juntadeandalucia.es\/delegacioneducaciongranada\/files\/2024\/06\/se-te-echa-muchisimo-de-menos-768x614.jpg 768w, https:\/\/blogsaverroes.juntadeandalucia.es\/delegacioneducaciongranada\/files\/2024\/06\/se-te-echa-muchisimo-de-menos-1536x1229.jpg 1536w, https:\/\/blogsaverroes.juntadeandalucia.es\/delegacioneducaciongranada\/files\/2024\/06\/se-te-echa-muchisimo-de-menos.jpg 2000w\" sizes=\"(max-width: 300px) 100vw, 300px\" \/>Desde esta delegaci\u00f3n queremos\u00a0 felicitar al Claustro de Profesores\/as del IES Emilio Mu\u00f1oz\u00a0 por este reconocimiento a nivel nacional que\u00a0 reconoce\u00a0 el gran trabajo, dedicaci\u00f3n y esfuerzo que realizan a\u00f1os tras a\u00f1os en torno a la lectura y al fomento de la misma.<\/p>\n<p><a href=\"https:\/\/www.educacionfpydeportes.gob.es\/servicios-al-ciudadano\/catalogo\/general\/29\/2928143\/ficha\/2928143-2024.html\"> Resoluci\u00f3n de concesi\u00f3n de los premios a planes de lectura en el \u00e1mbito escolar correspondientes al curso 2023-2024<\/a>.<\/p>\n<p>\u00a1Enhorabuena!<\/p>\n","protected":false},"excerpt":{"rendered":"<p>Desde esta delegaci\u00f3n queremos\u00a0 felicitar al Claustro de Profesores\/as del IES Emilio Mu\u00f1oz\u00a0 por este reconocimiento a nivel nacional que\u00a0 reconoce\u00a0 el gran trabajo, dedicaci\u00f3n y esfuerzo que realizan a\u00f1os tras a\u00f1os en torno&#46;&#46;&#46;<\/p>\n","protected":false},"author":11586,"featured_media":0,"comment_status":"open","ping_status":"open","sticky":false,"template":"","format":"standard","meta":{"ngg_post_thumbnail":0,"footnotes":""},"categories":[1161,11909],"tags":[2274067,2273960],"aioseo_notices":[],"_links":{"self":[{"href":"https:\/\/blogsaverroes.juntadeandalucia.es\/delegacioneducaciongranada\/wp-json\/wp\/v2\/posts\/3962"}],"collection":[{"href":"https:\/\/blogsaverroes.juntadeandalucia.es\/delegacioneducaciongranada\/wp-json\/wp\/v2\/posts"}],"about":[{"href":"https:\/\/blogsaverroes.juntadeandalucia.es\/delegacioneducaciongranada\/wp-json\/wp\/v2\/types\/post"}],"author":[{"embeddable":true,"href":"https:\/\/blogsaverroes.juntadeandalucia.es\/delegacioneducaciongranada\/wp-json\/wp\/v2\/users\/11586"}],"replies":[{"embeddable":true,"href":"https:\/\/blogsaverroes.juntadeandalucia.es\/delegacioneducaciongranada\/wp-json\/wp\/v2\/comments?post=3962"}],"version-history":[{"count":3,"href":"https:\/\/blogsaverroes.juntadeandalucia.es\/delegacioneducaciongranada\/wp-json\/wp\/v2\/posts\/3962\/revisions"}],"predecessor-version":[{"id":3966,"href":"https:\/\/blogsaverroes.juntadeandalucia.es\/delegacioneducaciongranada\/wp-json\/wp\/v2\/posts\/3962\/revisions\/3966"}],"wp:attachment":[{"href":"https:\/\/blogsaverroes.juntadeandalucia.es\/delegacioneducaciongranada\/wp-json\/wp\/v2\/media?parent=3962"}],"wp:term":[{"taxonomy":"category","embeddable":true,"href":"https:\/\/blogsaverroes.juntadeandalucia.es\/delegacioneducaciongranada\/wp-json\/wp\/v2\/categories?post=3962"},{"taxonomy":"post_tag","embeddable":true,"href":"https:\/\/blogsaverroes.juntadeandalucia.es\/delegacioneducaciongranada\/wp-json\/wp\/v2\/tags?post=3962"}],"curies":[{"name":"wp","href":"https:\/\/api.w.org\/{rel}","templated":true}]}}