{"id":280,"date":"2017-07-16T18:19:22","date_gmt":"2017-07-16T18:19:22","guid":{"rendered":"https:\/\/blogsaverroes.juntadeandalucia.es\/depaelca\/?p=280"},"modified":"2017-07-16T18:33:57","modified_gmt":"2017-07-16T18:33:57","slug":"video-tutoriales-resistencias","status":"publish","type":"post","link":"https:\/\/blogsaverroes.juntadeandalucia.es\/depaelca\/2017\/07\/16\/video-tutoriales-resistencias\/","title":{"rendered":"V\u00cdDEO TUTORIALES: Resistencias fijas y variables. Medidas. C\u00f3digo de colores."},"content":{"rendered":"<p style=\"text-align: justify\"><strong><span style=\"font-size: 12pt\">V\u00eddeos sobre Resistencias el\u00e9ctricas fijas y variables. En los v\u00eddeos se describen los tipos de resistencias y sus caracter\u00edsticas, el uso del c\u00f3digo de colores para su identificaci\u00f3n, y como medirlas con el pol\u00edmetro.<\/span><\/strong><\/p>\n<hr>\n<div class=\"embed-container\"><iframe loading=\"lazy\" title=\"RESISTENCIAS: Tipos, Caracter\u00edsticas, C\u00f3digo de Colores y Medidas. 1\u00aa Parte.\" width=\"1036\" height=\"777\" src=\"https:\/\/www.youtube.com\/embed\/rhvJhTqZ9qA?feature=oembed\" frameborder=\"0\" allow=\"accelerometer; autoplay; clipboard-write; encrypted-media; gyroscope; picture-in-picture; web-share\" referrerpolicy=\"strict-origin-when-cross-origin\" allowfullscreen><\/iframe><\/div>\n<div class=\"embed-container\"><iframe loading=\"lazy\" title=\"RESISTENCIAS: Tipos, Caracter\u00edsticas, C\u00f3digo de Colores y Medidas. 2\u00aa Parte.\" width=\"1036\" height=\"777\" src=\"https:\/\/www.youtube.com\/embed\/VzTy9z9kvMg?feature=oembed\" frameborder=\"0\" allow=\"accelerometer; autoplay; clipboard-write; encrypted-media; gyroscope; picture-in-picture; web-share\" referrerpolicy=\"strict-origin-when-cross-origin\" allowfullscreen><\/iframe><\/div>\n<div class=\"embed-container\"><iframe loading=\"lazy\" title=\"Medida de resistencias con el Pol\u00edmetro\" width=\"1036\" height=\"777\" src=\"https:\/\/www.youtube.com\/embed\/EdsvkM810BQ?feature=oembed\" frameborder=\"0\" allow=\"accelerometer; autoplay; clipboard-write; encrypted-media; gyroscope; picture-in-picture; web-share\" referrerpolicy=\"strict-origin-when-cross-origin\" allowfullscreen><\/iframe><\/div>\n<p>&nbsp;<\/p>\n","protected":false},"excerpt":{"rendered":"<p>V\u00eddeos sobre Resistencias el\u00e9ctricas fijas y variables. En los v\u00eddeos se describen los tipos de resistencias y sus caracter\u00edsticas, el uso del c\u00f3digo de colores para su identificaci\u00f3n, y como medirlas con el pol\u00edmetro. &nbsp;<\/p>\n","protected":false},"author":5100,"featured_media":278,"comment_status":"closed","ping_status":"closed","sticky":false,"template":"","format":"standard","meta":{"ngg_post_thumbnail":0,"footnotes":""},"categories":[1172753],"tags":[],"aioseo_notices":[],"_links":{"self":[{"href":"https:\/\/blogsaverroes.juntadeandalucia.es\/depaelca\/wp-json\/wp\/v2\/posts\/280"}],"collection":[{"href":"https:\/\/blogsaverroes.juntadeandalucia.es\/depaelca\/wp-json\/wp\/v2\/posts"}],"about":[{"href":"https:\/\/blogsaverroes.juntadeandalucia.es\/depaelca\/wp-json\/wp\/v2\/types\/post"}],"author":[{"embeddable":true,"href":"https:\/\/blogsaverroes.juntadeandalucia.es\/depaelca\/wp-json\/wp\/v2\/users\/5100"}],"replies":[{"embeddable":true,"href":"https:\/\/blogsaverroes.juntadeandalucia.es\/depaelca\/wp-json\/wp\/v2\/comments?post=280"}],"version-history":[{"count":4,"href":"https:\/\/blogsaverroes.juntadeandalucia.es\/depaelca\/wp-json\/wp\/v2\/posts\/280\/revisions"}],"predecessor-version":[{"id":284,"href":"https:\/\/blogsaverroes.juntadeandalucia.es\/depaelca\/wp-json\/wp\/v2\/posts\/280\/revisions\/284"}],"wp:featuredmedia":[{"embeddable":true,"href":"https:\/\/blogsaverroes.juntadeandalucia.es\/depaelca\/wp-json\/wp\/v2\/media\/278"}],"wp:attachment":[{"href":"https:\/\/blogsaverroes.juntadeandalucia.es\/depaelca\/wp-json\/wp\/v2\/media?parent=280"}],"wp:term":[{"taxonomy":"category","embeddable":true,"href":"https:\/\/blogsaverroes.juntadeandalucia.es\/depaelca\/wp-json\/wp\/v2\/categories?post=280"},{"taxonomy":"post_tag","embeddable":true,"href":"https:\/\/blogsaverroes.juntadeandalucia.es\/depaelca\/wp-json\/wp\/v2\/tags?post=280"}],"curies":[{"name":"wp","href":"https:\/\/api.w.org\/{rel}","templated":true}]}}