{"id":980,"date":"2020-03-30T11:40:28","date_gmt":"2020-03-30T11:40:28","guid":{"rendered":"https:\/\/blogsaverroes.juntadeandalucia.es\/depaelca\/?p=980"},"modified":"2020-03-30T19:26:25","modified_gmt":"2020-03-30T19:26:25","slug":"980","status":"publish","type":"post","link":"https:\/\/blogsaverroes.juntadeandalucia.es\/depaelca\/2020\/03\/30\/980\/","title":{"rendered":"V\u00eddeo Tutorial: Comunicaciones en Red MPI con TIA Portal"},"content":{"rendered":"<p><span style=\"font-size: 12pt\"><strong>M\u00d3DULO PROFESIONAL:<\/strong> <strong><span style=\"color: #993300\">COMUNICACIONES INDUSTRIALES&nbsp; &nbsp; &nbsp; &nbsp; &nbsp; &nbsp;<\/span><\/strong><\/span><\/p>\n<p style=\"text-align: justify\">El tutorial describe la configuraci\u00f3n y la programaci\u00f3n b\u00e1sica que debemos realizar en STEP-7 para realizar una comunicaci\u00f3n MPI entre dos PLC\u00b4s S7-300 de Siemens.<\/p>\n<div class=\"embed-container\"><iframe loading=\"lazy\" title=\"VIDEO Tutorial Comunicaci\u00f3n Red MPI con TIA Portal\" width=\"1036\" height=\"583\" src=\"https:\/\/www.youtube.com\/embed\/eY7vEGf8-Lo?feature=oembed\" frameborder=\"0\" allow=\"accelerometer; autoplay; clipboard-write; encrypted-media; gyroscope; picture-in-picture; web-share\" referrerpolicy=\"strict-origin-when-cross-origin\" allowfullscreen><\/iframe><\/div>\n","protected":false},"excerpt":{"rendered":"<p>M\u00d3DULO PROFESIONAL: COMUNICACIONES INDUSTRIALES&nbsp; &nbsp; &nbsp; &nbsp; &nbsp; &nbsp; El tutorial describe la configuraci\u00f3n y la programaci\u00f3n b\u00e1sica que debemos realizar en STEP-7 para realizar una comunicaci\u00f3n MPI entre dos PLC\u00b4s S7-300 de Siemens.<\/p>\n","protected":false},"author":6693,"featured_media":992,"comment_status":"open","ping_status":"open","sticky":false,"template":"","format":"standard","meta":{"ngg_post_thumbnail":0,"footnotes":""},"categories":[1172745,1172744],"tags":[],"aioseo_notices":[],"_links":{"self":[{"href":"https:\/\/blogsaverroes.juntadeandalucia.es\/depaelca\/wp-json\/wp\/v2\/posts\/980"}],"collection":[{"href":"https:\/\/blogsaverroes.juntadeandalucia.es\/depaelca\/wp-json\/wp\/v2\/posts"}],"about":[{"href":"https:\/\/blogsaverroes.juntadeandalucia.es\/depaelca\/wp-json\/wp\/v2\/types\/post"}],"author":[{"embeddable":true,"href":"https:\/\/blogsaverroes.juntadeandalucia.es\/depaelca\/wp-json\/wp\/v2\/users\/6693"}],"replies":[{"embeddable":true,"href":"https:\/\/blogsaverroes.juntadeandalucia.es\/depaelca\/wp-json\/wp\/v2\/comments?post=980"}],"version-history":[{"count":5,"href":"https:\/\/blogsaverroes.juntadeandalucia.es\/depaelca\/wp-json\/wp\/v2\/posts\/980\/revisions"}],"predecessor-version":[{"id":1011,"href":"https:\/\/blogsaverroes.juntadeandalucia.es\/depaelca\/wp-json\/wp\/v2\/posts\/980\/revisions\/1011"}],"wp:featuredmedia":[{"embeddable":true,"href":"https:\/\/blogsaverroes.juntadeandalucia.es\/depaelca\/wp-json\/wp\/v2\/media\/992"}],"wp:attachment":[{"href":"https:\/\/blogsaverroes.juntadeandalucia.es\/depaelca\/wp-json\/wp\/v2\/media?parent=980"}],"wp:term":[{"taxonomy":"category","embeddable":true,"href":"https:\/\/blogsaverroes.juntadeandalucia.es\/depaelca\/wp-json\/wp\/v2\/categories?post=980"},{"taxonomy":"post_tag","embeddable":true,"href":"https:\/\/blogsaverroes.juntadeandalucia.es\/depaelca\/wp-json\/wp\/v2\/tags?post=980"}],"curies":[{"name":"wp","href":"https:\/\/api.w.org\/{rel}","templated":true}]}}