{"id":2372,"date":"2016-02-04T11:34:03","date_gmt":"2016-02-04T10:34:03","guid":{"rendered":"http:\/\/blogsaverroes.juntadeandalucia.es\/directormanuelsomoza\/?p=2372"},"modified":"2016-02-08T17:01:20","modified_gmt":"2016-02-08T16:01:20","slug":"programa-escuela-espacio-de-paz","status":"publish","type":"post","link":"https:\/\/blogsaverroes.juntadeandalucia.es\/directormanuelsomoza\/2016\/02\/04\/programa-escuela-espacio-de-paz\/","title":{"rendered":"PROGRAMA ESCUELA: ESPACIO DE PAZ"},"content":{"rendered":"<h2 style=\"text-align: justify\"><span style=\"text-decoration: underline\"><strong>30 DE ENERO \u00a0\u00bb D\u00cdA DE LA PAZ ESCOLAR Y NO VIOLENCIA\u00bb<\/strong><\/span><\/h2>\n<h2 style=\"text-align: justify\">El pasado viernes 29 de enero en nuestro centro, celebramos el d\u00eda de la paz, para ello nuestros alumnos y alumnas estuvieron trabajando todo el mes de enero.<\/h2>\n<p style=\"text-align: justify\">Hemos querido pensar en aquellos ni\u00f1os que por la guerra han tenido que abandonar sus hogares y sus familias, y nuestros alumnos nos han sorprendido gratamente porque adem\u00e1s de comprender la situaci\u00f3n de los refugiados, han sido capaces de empatizar con ellos y buscar algunas soluciones que nos han llegado al coraz\u00f3n, adem\u00e1s de mostrar su creatividad en la realizaci\u00f3n de cuentos ilustrados, comics, cartas, murales de im\u00e1genes\u00a0 y relatos.<\/p>\n<p style=\"text-align: justify\">Pudimos ver las aportaciones de todos los cursos en una exposici\u00f3n que se instal\u00f3 en el patio del centro, para que las familias tambi\u00e9n tuvieran acceso a la misma, y que estuvo montada desde las ocho y media hasta pasadas las dos.<\/p>\n<p style=\"text-align: justify\">Tras el recreo tuvo lugar el acto de conmemoraci\u00f3n de este d\u00eda con la participaci\u00f3n de todo el alumnado, consistente en la lectura por parte de los mayores (5\u00ba, 6\u00ba, 1\u00baESO y 2\u00baESO) de los relatos realizados. Para concluir cantamos la canci\u00f3n \u201cOtro mundo es posible\u201d.<\/p>\n<h3 style=\"text-align: center\"><span style=\"text-decoration: underline\"><strong><a href=\"https:\/\/goo.gl\/photos\/vAHjZXqstXwafs1G8\" target=\"_blank\">ENLACE A LAS FOTOGRAF\u00cdAS DEL D\u00cdA DE LA PAZ<\/a><\/strong><\/span><\/h3>\n","protected":false},"excerpt":{"rendered":"<p>30 DE ENERO \u00a0\u00bb D\u00cdA DE LA PAZ ESCOLAR Y NO VIOLENCIA\u00bb El pasado viernes 29 de enero en nuestro centro, celebramos el d\u00eda de la paz, para ello nuestros alumnos y alumnas estuvieron&#46;&#46;&#46;<\/p>\n","protected":false},"author":1958,"featured_media":2361,"comment_status":"open","ping_status":"open","sticky":false,"template":"","format":"standard","meta":{"ngg_post_thumbnail":0,"footnotes":""},"categories":[5991,25494,25495,25496,25498,611550,33096,602696],"tags":[],"aioseo_notices":[],"_links":{"self":[{"href":"https:\/\/blogsaverroes.juntadeandalucia.es\/directormanuelsomoza\/wp-json\/wp\/v2\/posts\/2372"}],"collection":[{"href":"https:\/\/blogsaverroes.juntadeandalucia.es\/directormanuelsomoza\/wp-json\/wp\/v2\/posts"}],"about":[{"href":"https:\/\/blogsaverroes.juntadeandalucia.es\/directormanuelsomoza\/wp-json\/wp\/v2\/types\/post"}],"author":[{"embeddable":true,"href":"https:\/\/blogsaverroes.juntadeandalucia.es\/directormanuelsomoza\/wp-json\/wp\/v2\/users\/1958"}],"replies":[{"embeddable":true,"href":"https:\/\/blogsaverroes.juntadeandalucia.es\/directormanuelsomoza\/wp-json\/wp\/v2\/comments?post=2372"}],"version-history":[{"count":3,"href":"https:\/\/blogsaverroes.juntadeandalucia.es\/directormanuelsomoza\/wp-json\/wp\/v2\/posts\/2372\/revisions"}],"predecessor-version":[{"id":2378,"href":"https:\/\/blogsaverroes.juntadeandalucia.es\/directormanuelsomoza\/wp-json\/wp\/v2\/posts\/2372\/revisions\/2378"}],"wp:featuredmedia":[{"embeddable":true,"href":"https:\/\/blogsaverroes.juntadeandalucia.es\/directormanuelsomoza\/wp-json\/wp\/v2\/media\/2361"}],"wp:attachment":[{"href":"https:\/\/blogsaverroes.juntadeandalucia.es\/directormanuelsomoza\/wp-json\/wp\/v2\/media?parent=2372"}],"wp:term":[{"taxonomy":"category","embeddable":true,"href":"https:\/\/blogsaverroes.juntadeandalucia.es\/directormanuelsomoza\/wp-json\/wp\/v2\/categories?post=2372"},{"taxonomy":"post_tag","embeddable":true,"href":"https:\/\/blogsaverroes.juntadeandalucia.es\/directormanuelsomoza\/wp-json\/wp\/v2\/tags?post=2372"}],"curies":[{"name":"wp","href":"https:\/\/api.w.org\/{rel}","templated":true}]}}