{"id":4771,"date":"2021-11-26T13:09:09","date_gmt":"2021-11-26T12:09:09","guid":{"rendered":"https:\/\/blogsaverroes.juntadeandalucia.es\/directormanuelsomoza\/?p=4771"},"modified":"2021-11-29T13:37:33","modified_gmt":"2021-11-29T12:37:33","slug":"4771","status":"publish","type":"post","link":"https:\/\/blogsaverroes.juntadeandalucia.es\/directormanuelsomoza\/2021\/11\/26\/4771\/","title":{"rendered":"25 N  \u00abD\u00eda Internacional de la Eliminaci\u00f3n de la Violencia contra la Mujer\u00bb"},"content":{"rendered":"<div style=\"text-align: justify\">Este curso 2021\/2022, nuestra Coordiadora del <span style=\"text-decoration: underline\"><strong><span style=\"font-size: 18pt;color: #ff0000;text-decoration: underline\">PLAN DE IGUALDAD ENTRE HOMBRES Y MUJERES EN EDUCACI\u00d3N<\/span><\/strong><\/span> ser\u00e1 la compa\u00f1era D\u00f1a. Caridad Serrano Echevarr\u00eda. Para esta efem\u00e9ride ha preparado una serie de actividades, las cuales se&nbsp; detallan a continuaci\u00f3n:<\/div>\n<div>&nbsp;<\/div>\n<div>&nbsp;<\/div>\n<div>&nbsp;<\/div>\n<div>&nbsp;<\/div>\n<div>\n<div>\n<p style=\"text-align: center\"><span style=\"text-decoration: underline\"><span style=\"font-size: 36pt;color: #008000;font-family: 'comic sans ms', sans-serif\"><strong><span style=\"color: #008000;text-decoration: underline\">CURSO 2021\/2022<\/span><\/strong><\/span><\/span><\/p>\n<\/div>\n<p><a href=\"https:\/\/blogsaverroes.juntadeandalucia.es\/directormanuelsomoza\/files\/2020\/02\/ParacuatroLogos-1.jpg\" target=\"_blank\" rel=\"noopener noreferrer\"><img loading=\"lazy\" decoding=\"async\" class=\"alignnone wp-image-3826 size-large\" src=\"https:\/\/blogsaverroes.juntadeandalucia.es\/directormanuelsomoza\/files\/2020\/02\/ParacuatroLogos-1-1024x153.jpg\" alt=\"\" width=\"660\" height=\"99\" srcset=\"https:\/\/blogsaverroes.juntadeandalucia.es\/directormanuelsomoza\/files\/2020\/02\/ParacuatroLogos-1-1024x153.jpg 1024w, https:\/\/blogsaverroes.juntadeandalucia.es\/directormanuelsomoza\/files\/2020\/02\/ParacuatroLogos-1-300x45.jpg 300w, https:\/\/blogsaverroes.juntadeandalucia.es\/directormanuelsomoza\/files\/2020\/02\/ParacuatroLogos-1-768x115.jpg 768w, https:\/\/blogsaverroes.juntadeandalucia.es\/directormanuelsomoza\/files\/2020\/02\/ParacuatroLogos-1-700x105.jpg 700w, https:\/\/blogsaverroes.juntadeandalucia.es\/directormanuelsomoza\/files\/2020\/02\/ParacuatroLogos-1-24x4.jpg 24w, https:\/\/blogsaverroes.juntadeandalucia.es\/directormanuelsomoza\/files\/2020\/02\/ParacuatroLogos-1-36x5.jpg 36w, https:\/\/blogsaverroes.juntadeandalucia.es\/directormanuelsomoza\/files\/2020\/02\/ParacuatroLogos-1-48x7.jpg 48w, https:\/\/blogsaverroes.juntadeandalucia.es\/directormanuelsomoza\/files\/2020\/02\/ParacuatroLogos-1.jpg 1600w\" sizes=\"(max-width: 660px) 100vw, 660px\" \/><\/a><\/p>\n<\/div>\n<p style=\"text-align: justify\">Nuestro centro&nbsp; se une a la conmemoraci\u00f3n de este d\u00eda, con una serie de actividades centradas en la canci\u00f3n de <em><span style=\"color: #800080;font-size: 12pt\"><strong><span style=\"color: #800080\">Rozal\u00e9n<\/span>&nbsp; <span style=\"color: #800080\">\u201cLa puerta violeta\u201d,<\/span><\/strong><\/span><\/em> un himno en contra de esta lacra social.<\/p>\n<p style=\"text-align: justify\">Las aulas y el colegio se han llenado de puertas violetas, de manos y&nbsp; de llaves que quieren abrir las puertas de la igualdad, tambi\u00e9n de mensajes positivos para conseguir un mundo m\u00e1s inclusivo, igualitario y m\u00e1s respetuoso.<\/p>\n<p style=\"text-align: justify\">Los trabajos realizados han quedado preciosos y se han expuesto en el patio. Todos los grupos han podido acercarse a ver la exposici\u00f3n.<\/p>\n<p style=\"text-align: justify\">El alumnado de 1\u00ba y 2\u00ba de ESO han preparado un montaje en formato digital, que se ha mostrado en el resto de las clases.<\/p>\n<p style=\"text-align: justify\">Con la colaboraci\u00f3n de las familias, el alumnado se ha aprendido el estribillo de la canci\u00f3n&nbsp; en lenguaje de signos y lo han demostrado en el patio del colegio, donde tambi\u00e9n, hemos escuchado los manifiestos realizados por el alumnado de 6\u00ba y de 2\u00ba de ESO.<\/p>\n<p>&nbsp;<\/p>\n<div class=\"fluid-width-video-wrapper\">\n<p><iframe loading=\"lazy\" title=\"ACTIVIDADES 25 NOVIEMBRE CEIP DIRECTOR MANUEL SOMOZA\" width=\"500\" height=\"281\" src=\"https:\/\/www.youtube.com\/embed\/Fv9I8CEn0Uc?feature=oembed&#038;wmode=opaque\" frameborder=\"0\" allow=\"accelerometer; autoplay; clipboard-write; encrypted-media; gyroscope; picture-in-picture; web-share\" referrerpolicy=\"strict-origin-when-cross-origin\" allowfullscreen><\/iframe><\/p>\n<\/div>\n<p style=\"text-align: center\"><span style=\"font-size: 8pt\"><strong>V\u00cdDEO RESUMEN DE LAS ACTIVIDADES<\/strong><\/span><\/p>\n<p>&nbsp;<\/p>\n<p style=\"text-align: justify\">\u00a1Enhorabuena por el esfuerzo en la realizaci\u00f3n de todas las actividades!!<\/p>\n<p>Si pinch\u00e1is en la imagen, os enlazar\u00e1 con m\u00e1s muestras de lo trabajado con el alumnado:&nbsp;<\/p>\n<p><a href=\"https:\/\/photos.google.com\/share\/AF1QipOj4rrvNYlLnUWibQk6rodGDSruFyRYF68d9dZ8HxsiDwHp71OliuQKSnniORfceQ?key=cEtlVE1OMlJWZXdJYWZSUktMVTh5OUp2Y0NmdG5B\" target=\"_blank\" rel=\"noopener noreferrer\"><img loading=\"lazy\" decoding=\"async\" class=\"alignnone wp-image-4769 size-full\" src=\"https:\/\/blogsaverroes.juntadeandalucia.es\/directormanuelsomoza\/files\/2021\/11\/6e1d05b7-e011-44d3-9a62-abd5b4bb1bd3.jpg\" alt=\"\" width=\"1599\" height=\"1200\" srcset=\"https:\/\/blogsaverroes.juntadeandalucia.es\/directormanuelsomoza\/files\/2021\/11\/6e1d05b7-e011-44d3-9a62-abd5b4bb1bd3.jpg 1599w, https:\/\/blogsaverroes.juntadeandalucia.es\/directormanuelsomoza\/files\/2021\/11\/6e1d05b7-e011-44d3-9a62-abd5b4bb1bd3-300x225.jpg 300w, https:\/\/blogsaverroes.juntadeandalucia.es\/directormanuelsomoza\/files\/2021\/11\/6e1d05b7-e011-44d3-9a62-abd5b4bb1bd3-1024x768.jpg 1024w, https:\/\/blogsaverroes.juntadeandalucia.es\/directormanuelsomoza\/files\/2021\/11\/6e1d05b7-e011-44d3-9a62-abd5b4bb1bd3-768x576.jpg 768w, https:\/\/blogsaverroes.juntadeandalucia.es\/directormanuelsomoza\/files\/2021\/11\/6e1d05b7-e011-44d3-9a62-abd5b4bb1bd3-1536x1153.jpg 1536w, https:\/\/blogsaverroes.juntadeandalucia.es\/directormanuelsomoza\/files\/2021\/11\/6e1d05b7-e011-44d3-9a62-abd5b4bb1bd3-700x525.jpg 700w\" sizes=\"(max-width: 1599px) 100vw, 1599px\" \/><\/a><\/p>\n<p>&nbsp;<\/p>\n<p>&nbsp;<\/p>\n<div>\n<p>&nbsp;<\/p>\n<\/div>\n","protected":false},"excerpt":{"rendered":"<p>Este curso 2021\/2022, nuestra Coordiadora del PLAN DE IGUALDAD ENTRE HOMBRES Y MUJERES EN EDUCACI\u00d3N ser\u00e1 la compa\u00f1era D\u00f1a. Caridad Serrano Echevarr\u00eda. Para esta efem\u00e9ride ha preparado una serie de actividades, las cuales se&nbsp;&#46;&#46;&#46;<\/p>\n","protected":false},"author":1958,"featured_media":4769,"comment_status":"open","ping_status":"open","sticky":false,"template":"","format":"standard","meta":{"ngg_post_thumbnail":0,"footnotes":""},"categories":[5991,25490,25494,25495,25496,25498,611550,68,594724,365496],"tags":[],"aioseo_notices":[],"_links":{"self":[{"href":"https:\/\/blogsaverroes.juntadeandalucia.es\/directormanuelsomoza\/wp-json\/wp\/v2\/posts\/4771"}],"collection":[{"href":"https:\/\/blogsaverroes.juntadeandalucia.es\/directormanuelsomoza\/wp-json\/wp\/v2\/posts"}],"about":[{"href":"https:\/\/blogsaverroes.juntadeandalucia.es\/directormanuelsomoza\/wp-json\/wp\/v2\/types\/post"}],"author":[{"embeddable":true,"href":"https:\/\/blogsaverroes.juntadeandalucia.es\/directormanuelsomoza\/wp-json\/wp\/v2\/users\/1958"}],"replies":[{"embeddable":true,"href":"https:\/\/blogsaverroes.juntadeandalucia.es\/directormanuelsomoza\/wp-json\/wp\/v2\/comments?post=4771"}],"version-history":[{"count":4,"href":"https:\/\/blogsaverroes.juntadeandalucia.es\/directormanuelsomoza\/wp-json\/wp\/v2\/posts\/4771\/revisions"}],"predecessor-version":[{"id":4785,"href":"https:\/\/blogsaverroes.juntadeandalucia.es\/directormanuelsomoza\/wp-json\/wp\/v2\/posts\/4771\/revisions\/4785"}],"wp:featuredmedia":[{"embeddable":true,"href":"https:\/\/blogsaverroes.juntadeandalucia.es\/directormanuelsomoza\/wp-json\/wp\/v2\/media\/4769"}],"wp:attachment":[{"href":"https:\/\/blogsaverroes.juntadeandalucia.es\/directormanuelsomoza\/wp-json\/wp\/v2\/media?parent=4771"}],"wp:term":[{"taxonomy":"category","embeddable":true,"href":"https:\/\/blogsaverroes.juntadeandalucia.es\/directormanuelsomoza\/wp-json\/wp\/v2\/categories?post=4771"},{"taxonomy":"post_tag","embeddable":true,"href":"https:\/\/blogsaverroes.juntadeandalucia.es\/directormanuelsomoza\/wp-json\/wp\/v2\/tags?post=4771"}],"curies":[{"name":"wp","href":"https:\/\/api.w.org\/{rel}","templated":true}]}}