{"id":84,"date":"2024-05-27T19:23:13","date_gmt":"2024-05-27T19:23:13","guid":{"rendered":"https:\/\/blogsaverroes.juntadeandalucia.es\/disciplinapositiva\/?p=84"},"modified":"2024-05-28T18:37:22","modified_gmt":"2024-05-28T18:37:22","slug":"10-motivos-por-los-que-necesitamos-un-rincon-de-la-calma","status":"publish","type":"post","link":"https:\/\/blogsaverroes.juntadeandalucia.es\/disciplinapositiva\/2024\/05\/27\/10-motivos-por-los-que-necesitamos-un-rincon-de-la-calma\/","title":{"rendered":"10 MOTIVOS POR LOS QUE NECESITAMOS UN RINC\u00d3N DE LA CALMA"},"content":{"rendered":"<p><img loading=\"lazy\" decoding=\"async\" class=\"size-medium wp-image-96 alignleft\" src=\"https:\/\/blogsaverroes.juntadeandalucia.es\/disciplinapositiva\/files\/2024\/05\/PHOTO-2024-05-28-14-50-42-224x300.jpg\" alt=\"\" width=\"224\" height=\"300\" srcset=\"https:\/\/blogsaverroes.juntadeandalucia.es\/disciplinapositiva\/files\/2024\/05\/PHOTO-2024-05-28-14-50-42-224x300.jpg 224w, https:\/\/blogsaverroes.juntadeandalucia.es\/disciplinapositiva\/files\/2024\/05\/PHOTO-2024-05-28-14-50-42-766x1024.jpg 766w, https:\/\/blogsaverroes.juntadeandalucia.es\/disciplinapositiva\/files\/2024\/05\/PHOTO-2024-05-28-14-50-42-768x1027.jpg 768w, https:\/\/blogsaverroes.juntadeandalucia.es\/disciplinapositiva\/files\/2024\/05\/PHOTO-2024-05-28-14-50-42-1149x1536.jpg 1149w, https:\/\/blogsaverroes.juntadeandalucia.es\/disciplinapositiva\/files\/2024\/05\/PHOTO-2024-05-28-14-50-42.jpg 1496w\" sizes=\"(max-width: 224px) 100vw, 224px\" \/> <img loading=\"lazy\" decoding=\"async\" class=\"size-medium wp-image-95 alignright\" src=\"https:\/\/blogsaverroes.juntadeandalucia.es\/disciplinapositiva\/files\/2024\/05\/PHOTO-2024-05-28-14-50-43-224x300.jpg\" alt=\"\" width=\"224\" height=\"300\" srcset=\"https:\/\/blogsaverroes.juntadeandalucia.es\/disciplinapositiva\/files\/2024\/05\/PHOTO-2024-05-28-14-50-43-224x300.jpg 224w, https:\/\/blogsaverroes.juntadeandalucia.es\/disciplinapositiva\/files\/2024\/05\/PHOTO-2024-05-28-14-50-43-766x1024.jpg 766w, https:\/\/blogsaverroes.juntadeandalucia.es\/disciplinapositiva\/files\/2024\/05\/PHOTO-2024-05-28-14-50-43-768x1027.jpg 768w, https:\/\/blogsaverroes.juntadeandalucia.es\/disciplinapositiva\/files\/2024\/05\/PHOTO-2024-05-28-14-50-43-1149x1536.jpg 1149w, https:\/\/blogsaverroes.juntadeandalucia.es\/disciplinapositiva\/files\/2024\/05\/PHOTO-2024-05-28-14-50-43.jpg 1496w\" sizes=\"(max-width: 224px) 100vw, 224px\" \/>En este Grupo de Trabajo estamos aprendiendo la importancia de tener un espacio en el aula `para que nuestro alumnado sepa autorregular sus emociones, Necesitamos objetos con diferentes texturas que puedan tocar, oler (la taza de la calma), dibujos en la pared, dibujos para regular su respiraci\u00f3n,&#8230; En este sentido la respiraci\u00f3n es muy importante y aconsejamos que se haga despu\u00e9s del recreo para que se relajen.<\/p>\n<p>\u00bfQuieres conocer 10 motivos para poner un rinc\u00f3n de la calma en tu clase o incluso en tu casa?<\/p>\n<div class=\"flex flex-grow flex-col max-w-full\">\n<div class=\"min-h-[20px] text-message flex flex-col items-start whitespace-pre-wrap break-words [.text-message+&amp;]:mt-5 juice:w-full juice:items-end overflow-x-auto gap-3\" dir=\"auto\" data-message-author-role=\"assistant\" data-message-id=\"95a92c08-9a43-4553-a3e1-749ad6589068\">\n<div class=\"markdown prose w-full break-words dark:prose-invert light\">\n<ol>\n<li><strong>Reducci\u00f3n del Estr\u00e9s<\/strong>: Proporciona un lugar tranquilo donde los estudiantes pueden relajarse y reducir su nivel de estr\u00e9s, especialmente durante momentos de ansiedad o despu\u00e9s de una situaci\u00f3n conflictiva.<\/li>\n<li><strong>Mejora de la Concentraci\u00f3n<\/strong>: Al tener un espacio para calmarse, los estudiantes pueden regresar a sus tareas con una mente m\u00e1s clara y concentrada.<\/li>\n<li><strong>Fomento del Autocontrol<\/strong>: Ense\u00f1a a los estudiantes estrategias para manejar sus emociones y comportamientos de manera aut\u00f3noma.<\/li>\n<li><strong>Promoci\u00f3n de la Empat\u00eda<\/strong>: Al ver que otros compa\u00f1eros utilizan el rinc\u00f3n de la paz, los estudiantes aprenden a reconocer y respetar las emociones de los dem\u00e1s.<\/li>\n<li><strong>Desarrollo de Habilidades Sociales<\/strong>: Ofrece un lugar para resolver conflictos de manera pac\u00edfica, ayudando a mejorar las habilidades de comunicaci\u00f3n y resoluci\u00f3n de problemas.<\/li>\n<li><strong>Mejora del Clima Escolar<\/strong>: Un ambiente de clase m\u00e1s tranquilo y armonioso se traduce en un clima escolar m\u00e1s positivo y propicio para el aprendizaje.<img loading=\"lazy\" decoding=\"async\" class=\"size-medium wp-image-94 alignright\" style=\"font-size: 14px\" src=\"https:\/\/blogsaverroes.juntadeandalucia.es\/disciplinapositiva\/files\/2024\/05\/PHOTO-2024-05-28-14-50-44-224x300.jpg\" alt=\"\" width=\"224\" height=\"300\" srcset=\"https:\/\/blogsaverroes.juntadeandalucia.es\/disciplinapositiva\/files\/2024\/05\/PHOTO-2024-05-28-14-50-44-224x300.jpg 224w, https:\/\/blogsaverroes.juntadeandalucia.es\/disciplinapositiva\/files\/2024\/05\/PHOTO-2024-05-28-14-50-44-766x1024.jpg 766w, https:\/\/blogsaverroes.juntadeandalucia.es\/disciplinapositiva\/files\/2024\/05\/PHOTO-2024-05-28-14-50-44-768x1027.jpg 768w, https:\/\/blogsaverroes.juntadeandalucia.es\/disciplinapositiva\/files\/2024\/05\/PHOTO-2024-05-28-14-50-44-1149x1536.jpg 1149w, https:\/\/blogsaverroes.juntadeandalucia.es\/disciplinapositiva\/files\/2024\/05\/PHOTO-2024-05-28-14-50-44.jpg 1496w\" sizes=\"(max-width: 224px) 100vw, 224px\" \/><\/li>\n<li><strong>Fomento de la Autoestima<\/strong>: Proporciona a los estudiantes un espacio donde se sienten seguros y valorados, mejorando su autoestima y bienestar emocional.<\/li>\n<li>&nbsp;<\/li>\n<li><strong>Apoyo a la Autorregulaci\u00f3n<\/strong>: Ayuda a los estudiantes a identificar sus emociones y desarrollar estrategias para regularlas, lo cual es crucial para su&nbsp;<\/li>\n<li>desarrollo emocional.<\/li>\n<li><strong>Promoci\u00f3n de la Mindfulness<\/strong>: Puede incluir pr\u00e1cticas de atenci\u00f3n plena (mindfulness), ayudando a los estudiantes a estar m\u00e1s presentes y conscientes en el momento.<\/li>\n<li><strong>Refuerzo de la Autonom\u00eda<\/strong>: Permite a los estudiantes tomar decisiones sobre cu\u00e1ndo necesitan un descanso, fomentando la responsa<br \/>\nbilidad y la autonom\u00eda personal.<\/li>\n<\/ol>\n<p>Este rinc\u00f3n puede incluir elementos como cojines c\u00f3modos, libros tranquilos, materiales de arte, juguetes sensoriales, o incluso audios relajantes. El objetivo es crear un espacio que ofrezca confort y calma, ayudando a los estudiantes a gestionar sus emociones y comportamientos de manera positiva.<\/p>\n<\/div>\n<\/div>\n<\/div>\n<div class=\"mt-1 flex gap-3 empty:hidden juice:-ml-3\">\n<div class=\"-ml-1 mt-0 flex h-7 items-center justify-center gap-[2px] self-end text-gray-400 lg:justify-start lg:self-center visible\">\n<p>&nbsp;<\/p>\n<div class=\"flex\">&nbsp;<\/div>\n<div class=\"flex\">&nbsp;<\/div>\n<p>&nbsp;<\/p>\n<div class=\"flex items-center pb-0.5 juice:pb-0\">\n<div class=\"[&amp;_svg]:h-full [&amp;_svg]:w-full icon-md h-4 w-4\">&nbsp;<\/div>\n<\/div>\n<\/div>\n<\/div>\n","protected":false},"excerpt":{"rendered":"<p>En este Grupo de Trabajo estamos aprendiendo la importancia de tener un espacio en el aula `para que nuestro alumnado sepa autorregular sus emociones, Necesitamos objetos con diferentes texturas que puedan tocar, oler (la taza de la calma), dibujos en la pared, dibujos para regular su respiraci\u00f3n,&#8230; En este sentido la respiraci\u00f3n es muy importante [&hellip;]<\/p>\n","protected":false},"author":18630,"featured_media":0,"comment_status":"open","ping_status":"open","sticky":false,"template":"","format":"standard","meta":{"ngg_post_thumbnail":0,"footnotes":""},"categories":[1],"tags":[],"aioseo_notices":[],"_links":{"self":[{"href":"https:\/\/blogsaverroes.juntadeandalucia.es\/disciplinapositiva\/wp-json\/wp\/v2\/posts\/84"}],"collection":[{"href":"https:\/\/blogsaverroes.juntadeandalucia.es\/disciplinapositiva\/wp-json\/wp\/v2\/posts"}],"about":[{"href":"https:\/\/blogsaverroes.juntadeandalucia.es\/disciplinapositiva\/wp-json\/wp\/v2\/types\/post"}],"author":[{"embeddable":true,"href":"https:\/\/blogsaverroes.juntadeandalucia.es\/disciplinapositiva\/wp-json\/wp\/v2\/users\/18630"}],"replies":[{"embeddable":true,"href":"https:\/\/blogsaverroes.juntadeandalucia.es\/disciplinapositiva\/wp-json\/wp\/v2\/comments?post=84"}],"version-history":[{"count":3,"href":"https:\/\/blogsaverroes.juntadeandalucia.es\/disciplinapositiva\/wp-json\/wp\/v2\/posts\/84\/revisions"}],"predecessor-version":[{"id":98,"href":"https:\/\/blogsaverroes.juntadeandalucia.es\/disciplinapositiva\/wp-json\/wp\/v2\/posts\/84\/revisions\/98"}],"wp:attachment":[{"href":"https:\/\/blogsaverroes.juntadeandalucia.es\/disciplinapositiva\/wp-json\/wp\/v2\/media?parent=84"}],"wp:term":[{"taxonomy":"category","embeddable":true,"href":"https:\/\/blogsaverroes.juntadeandalucia.es\/disciplinapositiva\/wp-json\/wp\/v2\/categories?post=84"},{"taxonomy":"post_tag","embeddable":true,"href":"https:\/\/blogsaverroes.juntadeandalucia.es\/disciplinapositiva\/wp-json\/wp\/v2\/tags?post=84"}],"curies":[{"name":"wp","href":"https:\/\/api.w.org\/{rel}","templated":true}]}}