{"id":1002,"date":"2022-09-30T13:00:52","date_gmt":"2022-09-30T13:00:52","guid":{"rendered":"https:\/\/blogsaverroes.juntadeandalucia.es\/divercapacidades\/?p=1002"},"modified":"2023-02-21T13:18:19","modified_gmt":"2023-02-21T13:18:19","slug":"diversos-nuestro-programa-de-podcast","status":"publish","type":"post","link":"https:\/\/blogsaverroes.juntadeandalucia.es\/divercapacidades\/2022\/09\/30\/diversos-nuestro-programa-de-podcast\/","title":{"rendered":"\u00abDIVERSOS\u00bb  NUESTRO PROGRAMA DE PODCAST"},"content":{"rendered":"<p>Este a\u00f1o hemos empezado a trabajar con los podcast, y hemos hecho anuncios de diversas actividades que se realizan en el centro.<\/p>\n<p>Participamos todo el alumnado del PEFP y AE, nos gusta mucho hacer PODCAST y tenemos un canal en la plataforma IVOX donde vamos subiendo nuestros podcast.<\/p>\n<p>Adem\u00e1s realizan entrevistas a personas relevantes del centro que destacan por m\u00faltiples facetas dentro del profesorado, alumnado y familias.<\/p>\n<p>Aqu\u00ed ten\u00e9is nuestro enlace par que nos pod\u00e1is escuchar:<\/p>\n<p>&nbsp;<\/p>\n<p><a href=\"https:\/\/www.ivoox.com\/perfil-diversos-ies-al-andalus_a8_podcaster_30135596_1.html\">DIVERSOS IES AL-ANDALUS usuario en Ivoox &#8211; iVoox<\/a><\/p>\n<p>&nbsp;<\/p>\n<p>Y \u00e9ste es nuestro logo que hemos realizado entre todos.<\/p>\n<p><img loading=\"lazy\" decoding=\"async\" class=\"alignnone wp-image-1003\" src=\"https:\/\/blogsaverroes.juntadeandalucia.es\/divercapacidades\/files\/2023\/02\/2b4a47b25042f42853f5a2df7e944ba5g-1-300x300.jpg\" alt=\"\" width=\"275\" height=\"275\" srcset=\"https:\/\/blogsaverroes.juntadeandalucia.es\/divercapacidades\/files\/2023\/02\/2b4a47b25042f42853f5a2df7e944ba5g-1-300x300.jpg 300w, https:\/\/blogsaverroes.juntadeandalucia.es\/divercapacidades\/files\/2023\/02\/2b4a47b25042f42853f5a2df7e944ba5g-1-1024x1024.jpg 1024w, https:\/\/blogsaverroes.juntadeandalucia.es\/divercapacidades\/files\/2023\/02\/2b4a47b25042f42853f5a2df7e944ba5g-1-150x150.jpg 150w, https:\/\/blogsaverroes.juntadeandalucia.es\/divercapacidades\/files\/2023\/02\/2b4a47b25042f42853f5a2df7e944ba5g-1-768x768.jpg 768w, https:\/\/blogsaverroes.juntadeandalucia.es\/divercapacidades\/files\/2023\/02\/2b4a47b25042f42853f5a2df7e944ba5g-1.jpg 1400w\" sizes=\"(max-width: 275px) 100vw, 275px\" \/><\/p>\n<p>&nbsp;<\/p>\n<!--themify_builder_content-->\n<div id=\"themify_builder_content-1002\" data-postid=\"1002\" class=\"themify_builder_content themify_builder_content-1002 themify_builder tf_clear\">\n    <\/div>\n<!--\/themify_builder_content-->\n","protected":false},"excerpt":{"rendered":"<p>Este a\u00f1o hemos empezado a trabajar con los podcast, y hemos hecho anuncios de diversas actividades que se realizan en el centro. Participamos todo el alumnado del PEFP y AE, nos gusta mucho hacer PODCAST y tenemos un canal en la plataforma IVOX donde vamos subiendo nuestros podcast. Adem\u00e1s realizan entrevistas a personas relevantes del [&hellip;]<\/p>\n","protected":false},"author":11960,"featured_media":0,"comment_status":"open","ping_status":"open","sticky":false,"template":"","format":"standard","meta":{"ngg_post_thumbnail":0,"footnotes":""},"categories":[7,5],"tags":[],"aioseo_notices":[],"_links":{"self":[{"href":"https:\/\/blogsaverroes.juntadeandalucia.es\/divercapacidades\/wp-json\/wp\/v2\/posts\/1002"}],"collection":[{"href":"https:\/\/blogsaverroes.juntadeandalucia.es\/divercapacidades\/wp-json\/wp\/v2\/posts"}],"about":[{"href":"https:\/\/blogsaverroes.juntadeandalucia.es\/divercapacidades\/wp-json\/wp\/v2\/types\/post"}],"author":[{"embeddable":true,"href":"https:\/\/blogsaverroes.juntadeandalucia.es\/divercapacidades\/wp-json\/wp\/v2\/users\/11960"}],"replies":[{"embeddable":true,"href":"https:\/\/blogsaverroes.juntadeandalucia.es\/divercapacidades\/wp-json\/wp\/v2\/comments?post=1002"}],"version-history":[{"count":7,"href":"https:\/\/blogsaverroes.juntadeandalucia.es\/divercapacidades\/wp-json\/wp\/v2\/posts\/1002\/revisions"}],"predecessor-version":[{"id":1010,"href":"https:\/\/blogsaverroes.juntadeandalucia.es\/divercapacidades\/wp-json\/wp\/v2\/posts\/1002\/revisions\/1010"}],"wp:attachment":[{"href":"https:\/\/blogsaverroes.juntadeandalucia.es\/divercapacidades\/wp-json\/wp\/v2\/media?parent=1002"}],"wp:term":[{"taxonomy":"category","embeddable":true,"href":"https:\/\/blogsaverroes.juntadeandalucia.es\/divercapacidades\/wp-json\/wp\/v2\/categories?post=1002"},{"taxonomy":"post_tag","embeddable":true,"href":"https:\/\/blogsaverroes.juntadeandalucia.es\/divercapacidades\/wp-json\/wp\/v2\/tags?post=1002"}],"curies":[{"name":"wp","href":"https:\/\/api.w.org\/{rel}","templated":true}]}}