{"id":393,"date":"2021-03-12T12:50:08","date_gmt":"2021-03-12T12:50:08","guid":{"rendered":"https:\/\/blogsaverroes.juntadeandalucia.es\/divercapacidades\/?p=393"},"modified":"2021-03-23T17:25:26","modified_gmt":"2021-03-23T17:25:26","slug":"8-de-marzo-de-2021","status":"publish","type":"post","link":"https:\/\/blogsaverroes.juntadeandalucia.es\/divercapacidades\/2021\/03\/12\/8-de-marzo-de-2021\/","title":{"rendered":"8 de Marzo de 2021"},"content":{"rendered":"<p><img loading=\"lazy\" decoding=\"async\" class=\"alignnone size-medium wp-image-399\" src=\"https:\/\/blogsaverroes.juntadeandalucia.es\/divercapacidades\/files\/2021\/03\/IMG-20210308-WA0039-300x169.jpg\" alt=\"\" width=\"300\" height=\"169\" srcset=\"https:\/\/blogsaverroes.juntadeandalucia.es\/divercapacidades\/files\/2021\/03\/IMG-20210308-WA0039-300x169.jpg 300w, https:\/\/blogsaverroes.juntadeandalucia.es\/divercapacidades\/files\/2021\/03\/IMG-20210308-WA0039-1024x576.jpg 1024w, https:\/\/blogsaverroes.juntadeandalucia.es\/divercapacidades\/files\/2021\/03\/IMG-20210308-WA0039-768x432.jpg 768w, https:\/\/blogsaverroes.juntadeandalucia.es\/divercapacidades\/files\/2021\/03\/IMG-20210308-WA0039-1536x864.jpg 1536w, https:\/\/blogsaverroes.juntadeandalucia.es\/divercapacidades\/files\/2021\/03\/IMG-20210308-WA0039.jpg 1600w\" sizes=\"(max-width: 300px) 100vw, 300px\" \/><img loading=\"lazy\" decoding=\"async\" class=\"alignnone size-medium wp-image-400\" src=\"https:\/\/blogsaverroes.juntadeandalucia.es\/divercapacidades\/files\/2021\/03\/IMG-20210308-WA0066-300x168.jpg\" alt=\"\" width=\"300\" height=\"168\" srcset=\"https:\/\/blogsaverroes.juntadeandalucia.es\/divercapacidades\/files\/2021\/03\/IMG-20210308-WA0066-300x168.jpg 300w, https:\/\/blogsaverroes.juntadeandalucia.es\/divercapacidades\/files\/2021\/03\/IMG-20210308-WA0066-1024x575.jpg 1024w, https:\/\/blogsaverroes.juntadeandalucia.es\/divercapacidades\/files\/2021\/03\/IMG-20210308-WA0066-768x431.jpg 768w, https:\/\/blogsaverroes.juntadeandalucia.es\/divercapacidades\/files\/2021\/03\/IMG-20210308-WA0066-1536x863.jpg 1536w, https:\/\/blogsaverroes.juntadeandalucia.es\/divercapacidades\/files\/2021\/03\/IMG-20210308-WA0066.jpg 2048w\" sizes=\"(max-width: 300px) 100vw, 300px\" \/><\/p>\n<p><img loading=\"lazy\" decoding=\"async\" class=\"alignnone size-medium wp-image-401\" src=\"https:\/\/blogsaverroes.juntadeandalucia.es\/divercapacidades\/files\/2021\/03\/IMG-20210308-WA0083-300x169.jpg\" alt=\"\" width=\"300\" height=\"169\" srcset=\"https:\/\/blogsaverroes.juntadeandalucia.es\/divercapacidades\/files\/2021\/03\/IMG-20210308-WA0083-300x169.jpg 300w, https:\/\/blogsaverroes.juntadeandalucia.es\/divercapacidades\/files\/2021\/03\/IMG-20210308-WA0083-1024x576.jpg 1024w, https:\/\/blogsaverroes.juntadeandalucia.es\/divercapacidades\/files\/2021\/03\/IMG-20210308-WA0083-768x432.jpg 768w, https:\/\/blogsaverroes.juntadeandalucia.es\/divercapacidades\/files\/2021\/03\/IMG-20210308-WA0083-1536x864.jpg 1536w, https:\/\/blogsaverroes.juntadeandalucia.es\/divercapacidades\/files\/2021\/03\/IMG-20210308-WA0083.jpg 1600w\" sizes=\"(max-width: 300px) 100vw, 300px\" \/><img loading=\"lazy\" decoding=\"async\" class=\"alignnone size-medium wp-image-402\" src=\"https:\/\/blogsaverroes.juntadeandalucia.es\/divercapacidades\/files\/2021\/03\/IMG-20210308-WA0087-300x169.jpg\" alt=\"\" width=\"300\" height=\"169\" srcset=\"https:\/\/blogsaverroes.juntadeandalucia.es\/divercapacidades\/files\/2021\/03\/IMG-20210308-WA0087-300x169.jpg 300w, https:\/\/blogsaverroes.juntadeandalucia.es\/divercapacidades\/files\/2021\/03\/IMG-20210308-WA0087-1024x576.jpg 1024w, https:\/\/blogsaverroes.juntadeandalucia.es\/divercapacidades\/files\/2021\/03\/IMG-20210308-WA0087-768x432.jpg 768w, https:\/\/blogsaverroes.juntadeandalucia.es\/divercapacidades\/files\/2021\/03\/IMG-20210308-WA0087-1536x864.jpg 1536w, https:\/\/blogsaverroes.juntadeandalucia.es\/divercapacidades\/files\/2021\/03\/IMG-20210308-WA0087.jpg 1600w\" sizes=\"(max-width: 300px) 100vw, 300px\" \/><\/p>\n<p>Nos enorgullece el protagonismo que nuestros alumnos han tenido en la celebraci\u00f3n del D\u00eda de la Mujer en el IES Al-\u00c1ndalus. Zayra y Yolanda han sido unas presentadoras excepcionales para este emotivo acto, al cual han asistido el Delegado de Educaci\u00f3n de Almer\u00eda, nuestra Inspectora Educativa y la Jefa de Personal de Almer\u00eda, que adem\u00e1s fueron obsequiados con un par de pendientes por la igualdad dise\u00f1ados y elaborados en impresi\u00f3n 3D por nuestro alumnado.<\/p>\n<p>El Centro Educativo reconoci\u00f3 nuestro compromiso e implicaci\u00f3n con diplomas para el aula espec\u00edfica y para primer y segundo curso de Formaci\u00f3n B\u00e1sica Espec\u00edfica de Informatica de oficina.<\/p>\n<p>Otra enorme alegr\u00eda fue gracias a la menci\u00f3n especial que obtuvieron nuestros alumnos participantes en el Concurso de Fotograf\u00eda Art\u00edstica de una mujer.<\/p>\n<p>Para finalizar, formamos parte de la Ecobatukada junto a otros alumnos y profesores de nuestro instituto.<\/p>\n<p>\u00a1Gracias a todos por hacer de este 8 de marzo un d\u00eda inolvidable!<\/p>\n<!--themify_builder_content-->\n<div id=\"themify_builder_content-393\" data-postid=\"393\" class=\"themify_builder_content themify_builder_content-393 themify_builder tf_clear\">\n    <\/div>\n<!--\/themify_builder_content-->\n","protected":false},"excerpt":{"rendered":"<p>Nos enorgullece el protagonismo que nuestros alumnos han tenido en la celebraci\u00f3n del D\u00eda de la Mujer en el IES Al-\u00c1ndalus. Zayra y Yolanda han sido unas presentadoras excepcionales para este emotivo acto, al cual han asistido el Delegado de Educaci\u00f3n de Almer\u00eda, nuestra Inspectora Educativa y la Jefa de Personal de Almer\u00eda, que adem\u00e1s [&hellip;]<\/p>\n","protected":false},"author":11980,"featured_media":0,"comment_status":"open","ping_status":"open","sticky":false,"template":"","format":"standard","meta":{"ngg_post_thumbnail":0,"footnotes":""},"categories":[7],"tags":[],"aioseo_notices":[],"_links":{"self":[{"href":"https:\/\/blogsaverroes.juntadeandalucia.es\/divercapacidades\/wp-json\/wp\/v2\/posts\/393"}],"collection":[{"href":"https:\/\/blogsaverroes.juntadeandalucia.es\/divercapacidades\/wp-json\/wp\/v2\/posts"}],"about":[{"href":"https:\/\/blogsaverroes.juntadeandalucia.es\/divercapacidades\/wp-json\/wp\/v2\/types\/post"}],"author":[{"embeddable":true,"href":"https:\/\/blogsaverroes.juntadeandalucia.es\/divercapacidades\/wp-json\/wp\/v2\/users\/11980"}],"replies":[{"embeddable":true,"href":"https:\/\/blogsaverroes.juntadeandalucia.es\/divercapacidades\/wp-json\/wp\/v2\/comments?post=393"}],"version-history":[{"count":13,"href":"https:\/\/blogsaverroes.juntadeandalucia.es\/divercapacidades\/wp-json\/wp\/v2\/posts\/393\/revisions"}],"predecessor-version":[{"id":416,"href":"https:\/\/blogsaverroes.juntadeandalucia.es\/divercapacidades\/wp-json\/wp\/v2\/posts\/393\/revisions\/416"}],"wp:attachment":[{"href":"https:\/\/blogsaverroes.juntadeandalucia.es\/divercapacidades\/wp-json\/wp\/v2\/media?parent=393"}],"wp:term":[{"taxonomy":"category","embeddable":true,"href":"https:\/\/blogsaverroes.juntadeandalucia.es\/divercapacidades\/wp-json\/wp\/v2\/categories?post=393"},{"taxonomy":"post_tag","embeddable":true,"href":"https:\/\/blogsaverroes.juntadeandalucia.es\/divercapacidades\/wp-json\/wp\/v2\/tags?post=393"}],"curies":[{"name":"wp","href":"https:\/\/api.w.org\/{rel}","templated":true}]}}