{"id":690,"date":"2021-10-05T12:10:25","date_gmt":"2021-10-05T12:10:25","guid":{"rendered":"https:\/\/blogsaverroes.juntadeandalucia.es\/divercapacidades\/?p=690"},"modified":"2022-11-12T09:43:14","modified_gmt":"2022-11-12T09:43:14","slug":"caja-de-los-suenos","status":"publish","type":"post","link":"https:\/\/blogsaverroes.juntadeandalucia.es\/divercapacidades\/2021\/10\/05\/caja-de-los-suenos\/","title":{"rendered":"CAJA DE LOS SUE\u00d1OS"},"content":{"rendered":"<p>El alumnado de AE y 1\u00ba y 2\u00ba PEFPB y el profesorado hemos colaborado en la realizaci\u00f3n de la caja de los sue\u00f1os para que todo el alumnado y profesorado del centro pueda depositar lo que desear\u00eda que se realizara en nuestro centro.<\/p>\n<p>&nbsp;<\/p>\n<figure id=\"attachment_811\" aria-describedby=\"caption-attachment-811\" style=\"width: 300px\" class=\"wp-caption alignnone\"><img loading=\"lazy\" decoding=\"async\" class=\"size-medium wp-image-811\" src=\"https:\/\/blogsaverroes.juntadeandalucia.es\/divercapacidades\/files\/2021\/10\/IMG_20211006_102228-300x150.jpg\" alt=\"\" width=\"300\" height=\"150\" srcset=\"https:\/\/blogsaverroes.juntadeandalucia.es\/divercapacidades\/files\/2021\/10\/IMG_20211006_102228-300x150.jpg 300w, https:\/\/blogsaverroes.juntadeandalucia.es\/divercapacidades\/files\/2021\/10\/IMG_20211006_102228-1024x512.jpg 1024w, https:\/\/blogsaverroes.juntadeandalucia.es\/divercapacidades\/files\/2021\/10\/IMG_20211006_102228-768x384.jpg 768w, https:\/\/blogsaverroes.juntadeandalucia.es\/divercapacidades\/files\/2021\/10\/IMG_20211006_102228-1536x768.jpg 1536w, https:\/\/blogsaverroes.juntadeandalucia.es\/divercapacidades\/files\/2021\/10\/IMG_20211006_102228-2048x1024.jpg 2048w\" sizes=\"(max-width: 300px) 100vw, 300px\" \/><figcaption id=\"caption-attachment-811\" class=\"wp-caption-text\">dav<\/figcaption><\/figure>\n<!--themify_builder_content-->\n<div id=\"themify_builder_content-690\" data-postid=\"690\" class=\"themify_builder_content themify_builder_content-690 themify_builder tf_clear\">\n    <\/div>\n<!--\/themify_builder_content-->\n","protected":false},"excerpt":{"rendered":"<p>El alumnado de AE y 1\u00ba y 2\u00ba PEFPB y el profesorado hemos colaborado en la realizaci\u00f3n de la caja de los sue\u00f1os para que todo el alumnado y profesorado del centro pueda depositar lo que desear\u00eda que se realizara en nuestro centro. &nbsp;<\/p>\n","protected":false},"author":11960,"featured_media":0,"comment_status":"open","ping_status":"open","sticky":false,"template":"","format":"standard","meta":{"ngg_post_thumbnail":0,"footnotes":""},"categories":[7],"tags":[],"aioseo_notices":[],"_links":{"self":[{"href":"https:\/\/blogsaverroes.juntadeandalucia.es\/divercapacidades\/wp-json\/wp\/v2\/posts\/690"}],"collection":[{"href":"https:\/\/blogsaverroes.juntadeandalucia.es\/divercapacidades\/wp-json\/wp\/v2\/posts"}],"about":[{"href":"https:\/\/blogsaverroes.juntadeandalucia.es\/divercapacidades\/wp-json\/wp\/v2\/types\/post"}],"author":[{"embeddable":true,"href":"https:\/\/blogsaverroes.juntadeandalucia.es\/divercapacidades\/wp-json\/wp\/v2\/users\/11960"}],"replies":[{"embeddable":true,"href":"https:\/\/blogsaverroes.juntadeandalucia.es\/divercapacidades\/wp-json\/wp\/v2\/comments?post=690"}],"version-history":[{"count":7,"href":"https:\/\/blogsaverroes.juntadeandalucia.es\/divercapacidades\/wp-json\/wp\/v2\/posts\/690\/revisions"}],"predecessor-version":[{"id":917,"href":"https:\/\/blogsaverroes.juntadeandalucia.es\/divercapacidades\/wp-json\/wp\/v2\/posts\/690\/revisions\/917"}],"wp:attachment":[{"href":"https:\/\/blogsaverroes.juntadeandalucia.es\/divercapacidades\/wp-json\/wp\/v2\/media?parent=690"}],"wp:term":[{"taxonomy":"category","embeddable":true,"href":"https:\/\/blogsaverroes.juntadeandalucia.es\/divercapacidades\/wp-json\/wp\/v2\/categories?post=690"},{"taxonomy":"post_tag","embeddable":true,"href":"https:\/\/blogsaverroes.juntadeandalucia.es\/divercapacidades\/wp-json\/wp\/v2\/tags?post=690"}],"curies":[{"name":"wp","href":"https:\/\/api.w.org\/{rel}","templated":true}]}}