{"id":3934,"date":"2018-05-23T17:40:05","date_gmt":"2018-05-23T16:40:05","guid":{"rendered":"https:\/\/blogsaverroes.juntadeandalucia.es\/ebarrios\/?p=3934"},"modified":"2018-05-24T10:30:40","modified_gmt":"2018-05-24T09:30:40","slug":"esto-se-acaba","status":"publish","type":"post","link":"https:\/\/blogsaverroes.juntadeandalucia.es\/ebarrios\/2018\/05\/23\/esto-se-acaba\/","title":{"rendered":"Esto se acaba"},"content":{"rendered":"<p>Con el puente de la Feria (24 y 25 de mayo no hay colegio) el curso entra en su recta final. Hemos tenido unos meses repletos de actividades, cuyas fotos y v\u00eddeos est\u00e1n ya o estar\u00e1n la pr\u00f3xima semana en la web de <a href=\"https:\/\/blogsaverroes.juntadeandalucia.es\/ebarrios\/descargas\/\">descargas<\/a>. La experiencia de traer a Xavi Lozano a nuestro colegio (que pudimos llevar a cabo con la colaboraci\u00f3n de la AMPA) fue genial. Aunque se ha enviado un enlace a la lista de distribuci\u00f3n de whatsapp, aqu\u00ed tienen el v\u00eddeo:<\/p>\n<p style=\"text-align: center\">&nbsp;<\/p>\n<p><iframe loading=\"lazy\" src=\"https:\/\/player.vimeo.com\/video\/271367853\" width=\"640\" height=\"360\" frameborder=\"0\"><\/iframe><\/p>\n<p>&nbsp;<\/p>\n<p><a href=\"https:\/\/blogsaverroes.juntadeandalucia.es\/ebarrios\/files\/2018\/05\/20180503_115118.jpg\" target=\"_blank\" rel=\"noopener\"><img loading=\"lazy\" decoding=\"async\" class=\"aligncenter wp-image-3935 size-medium\" src=\"https:\/\/blogsaverroes.juntadeandalucia.es\/ebarrios\/files\/2018\/05\/20180503_115118-300x225.jpg\" alt=\"\" width=\"300\" height=\"225\" srcset=\"https:\/\/blogsaverroes.juntadeandalucia.es\/ebarrios\/files\/2018\/05\/20180503_115118-300x225.jpg 300w, https:\/\/blogsaverroes.juntadeandalucia.es\/ebarrios\/files\/2018\/05\/20180503_115118-1024x768.jpg 1024w, https:\/\/blogsaverroes.juntadeandalucia.es\/ebarrios\/files\/2018\/05\/20180503_115118-24x18.jpg 24w, https:\/\/blogsaverroes.juntadeandalucia.es\/ebarrios\/files\/2018\/05\/20180503_115118-36x27.jpg 36w, https:\/\/blogsaverroes.juntadeandalucia.es\/ebarrios\/files\/2018\/05\/20180503_115118-48x36.jpg 48w, https:\/\/blogsaverroes.juntadeandalucia.es\/ebarrios\/files\/2018\/05\/20180503_115118.jpg 1200w\" sizes=\"(max-width: 300px) 100vw, 300px\" \/><\/a><\/p>\n<p>A comienzos de mayo, finalizaron sus pr\u00e1cticas en el centro Francisco Javier (Segundo ciclo), Rosario (Pedagog\u00eda terap\u00e9utica) y Elena (Infantil 4 a\u00f1os). Les agradecemos su dedicaci\u00f3n y les deseamos mucha suerte en su futuro profesional.<\/p>\n<p>&nbsp;<\/p>\n<p style=\"text-align: center\"><a href=\"https:\/\/blogsaverroes.juntadeandalucia.es\/ebarrios\/files\/2018\/05\/ies-twi.jpg\"><img loading=\"lazy\" decoding=\"async\" class=\"aligncenter size-full wp-image-3937\" src=\"https:\/\/blogsaverroes.juntadeandalucia.es\/ebarrios\/files\/2018\/05\/ies-twi.jpg\" alt=\"\" width=\"583\" height=\"370\" srcset=\"https:\/\/blogsaverroes.juntadeandalucia.es\/ebarrios\/files\/2018\/05\/ies-twi.jpg 583w, https:\/\/blogsaverroes.juntadeandalucia.es\/ebarrios\/files\/2018\/05\/ies-twi-300x190.jpg 300w, https:\/\/blogsaverroes.juntadeandalucia.es\/ebarrios\/files\/2018\/05\/ies-twi-24x15.jpg 24w, https:\/\/blogsaverroes.juntadeandalucia.es\/ebarrios\/files\/2018\/05\/ies-twi-36x23.jpg 36w, https:\/\/blogsaverroes.juntadeandalucia.es\/ebarrios\/files\/2018\/05\/ies-twi-48x30.jpg 48w\" sizes=\"(max-width: 583px) 100vw, 583px\" \/><\/a><\/p>\n<p style=\"text-align: center\"><a href=\"https:\/\/blogsaverroes.juntadeandalucia.es\/ebarrios\/files\/2018\/05\/20180514_114251.jpg\" target=\"_blank\" rel=\"noopener\"><img loading=\"lazy\" decoding=\"async\" class=\"aligncenter wp-image-3939 size-medium\" src=\"https:\/\/blogsaverroes.juntadeandalucia.es\/ebarrios\/files\/2018\/05\/20180514_114251-300x225.jpg\" alt=\"\" width=\"300\" height=\"225\" srcset=\"https:\/\/blogsaverroes.juntadeandalucia.es\/ebarrios\/files\/2018\/05\/20180514_114251-300x225.jpg 300w, https:\/\/blogsaverroes.juntadeandalucia.es\/ebarrios\/files\/2018\/05\/20180514_114251-1024x768.jpg 1024w, https:\/\/blogsaverroes.juntadeandalucia.es\/ebarrios\/files\/2018\/05\/20180514_114251-24x18.jpg 24w, https:\/\/blogsaverroes.juntadeandalucia.es\/ebarrios\/files\/2018\/05\/20180514_114251-36x27.jpg 36w, https:\/\/blogsaverroes.juntadeandalucia.es\/ebarrios\/files\/2018\/05\/20180514_114251-48x36.jpg 48w, https:\/\/blogsaverroes.juntadeandalucia.es\/ebarrios\/files\/2018\/05\/20180514_114251.jpg 1200w\" sizes=\"(max-width: 300px) 100vw, 300px\" \/><\/a><\/p>\n<p>El 14 de mayo los \u00abembajadores\u00bb de 6\u00ba de primaria visitaron el IES Alhak\u00e9n II, participando en algunas de las clases. Pr\u00f3ximas citas para 6\u00ba el lunes 28 de mayo a las 18:00 horas (reuni\u00f3n informativa en el instituto para padres sobre el biling\u00fcismo) y el viernes 8 de junio (visita de toda la clase al IES).<\/p>\n<p>&nbsp;<\/p>\n<p>Ya ha finalizado el procedimiento de ESCOLARIZACI\u00d3N, con la publicaci\u00f3n ayer 22 de la lista de admitidos en los centros subsidiarios. El siguiente plazo, del 1 al 8 de junio, es la matr\u00edcula del alumnado y las solicitudes de actividades del plan de apertura. Este tr\u00e1mite (matr\u00edcula) deben hacerlo tanto los que ya est\u00e1n en el centro como los de nuevo ingreso (25 en 3 a\u00f1os y 1 en 6\u00aa). Para ello, la \u00faltima semana de mayo les facilitaremos los impresos. MUY IMPORTANTE: las familias que vayan a solicitar servicios del Plan de apertura de centros (aula matinal y comedor) deben ir consiguiendo ya la documentaci\u00f3n que se les va a pedir; en este curso debido al elevado n\u00famero de solicitantes se han quedado bastantes en la lista de espera, al no tener los requisitos. Pueden ir colsultando la normativa (el decreto y la orden) en nuestro <a href=\"https:\/\/blogsaverroes.juntadeandalucia.es\/ebarrios\/anuncios\/\">Tabl\u00f3n de anuncios<\/a>.<\/p>\n<p>M\u00e1s informaci\u00f3n la pr\u00f3xima semana. Que pasen una buena feria. Un cordial saludo<\/p>\n","protected":false},"excerpt":{"rendered":"<p>Con el puente de la Feria (24 y 25 de mayo no hay colegio) el curso entra en su recta final. Hemos tenido unos meses repletos de actividades, cuyas fotos y v\u00eddeos est\u00e1n ya o estar\u00e1n la pr\u00f3xima semana en la web de descargas. La experiencia de traer a Xavi Lozano a nuestro colegio (que &hellip; <\/p>\n<p><a class=\"more-link btn\" href=\"https:\/\/blogsaverroes.juntadeandalucia.es\/ebarrios\/2018\/05\/23\/esto-se-acaba\/\">Seguir leyendo<\/a><\/p>\n","protected":false},"author":5745,"featured_media":0,"comment_status":"open","ping_status":"open","sticky":false,"template":"","format":"standard","meta":{"ngg_post_thumbnail":0,"footnotes":""},"categories":[11909],"tags":[],"aioseo_notices":[],"_links":{"self":[{"href":"https:\/\/blogsaverroes.juntadeandalucia.es\/ebarrios\/wp-json\/wp\/v2\/posts\/3934"}],"collection":[{"href":"https:\/\/blogsaverroes.juntadeandalucia.es\/ebarrios\/wp-json\/wp\/v2\/posts"}],"about":[{"href":"https:\/\/blogsaverroes.juntadeandalucia.es\/ebarrios\/wp-json\/wp\/v2\/types\/post"}],"author":[{"embeddable":true,"href":"https:\/\/blogsaverroes.juntadeandalucia.es\/ebarrios\/wp-json\/wp\/v2\/users\/5745"}],"replies":[{"embeddable":true,"href":"https:\/\/blogsaverroes.juntadeandalucia.es\/ebarrios\/wp-json\/wp\/v2\/comments?post=3934"}],"version-history":[{"count":3,"href":"https:\/\/blogsaverroes.juntadeandalucia.es\/ebarrios\/wp-json\/wp\/v2\/posts\/3934\/revisions"}],"predecessor-version":[{"id":3942,"href":"https:\/\/blogsaverroes.juntadeandalucia.es\/ebarrios\/wp-json\/wp\/v2\/posts\/3934\/revisions\/3942"}],"wp:attachment":[{"href":"https:\/\/blogsaverroes.juntadeandalucia.es\/ebarrios\/wp-json\/wp\/v2\/media?parent=3934"}],"wp:term":[{"taxonomy":"category","embeddable":true,"href":"https:\/\/blogsaverroes.juntadeandalucia.es\/ebarrios\/wp-json\/wp\/v2\/categories?post=3934"},{"taxonomy":"post_tag","embeddable":true,"href":"https:\/\/blogsaverroes.juntadeandalucia.es\/ebarrios\/wp-json\/wp\/v2\/tags?post=3934"}],"curies":[{"name":"wp","href":"https:\/\/api.w.org\/{rel}","templated":true}]}}