{"id":1,"date":"2020-09-03T22:40:03","date_gmt":"2020-09-03T22:40:03","guid":{"rendered":"https:\/\/blogsaverroes.juntadeandalucia.es\/ebiescristobaldemonroy\/?p=1"},"modified":"2021-01-24T21:53:47","modified_gmt":"2021-01-24T21:53:47","slug":"ready-steady-go","status":"publish","type":"post","link":"https:\/\/blogsaverroes.juntadeandalucia.es\/ebiescristobaldemonroy\/2020\/09\/03\/ready-steady-go\/","title":{"rendered":"Ready, steady, go!"},"content":{"rendered":"<p style=\"text-align: justify\"><span style=\"font-size: 12pt\">This year our school has faced a new challenge: The beginning of the Bilingual Program in Secondary Education. Our school has been a Bilingual School in Vocational and Education Training in Transport and Logistics for over ten years. This academic year the Bilingual Program has broadened thus, encompassing both VET and 1\u00ba ESO.&nbsp;<\/span><\/p>\n<p style=\"text-align: justify\"><span style=\"font-size: 12pt\">The bilingual subjects in 1\u00ba ESO are:<\/span><\/p>\n<p style=\"text-align: justify\"><span style=\"font-size: 12pt\">-Maths<\/span><\/p>\n<p style=\"text-align: justify\"><span style=\"font-size: 12pt\">-Physical Education<\/span><\/p>\n<p style=\"text-align: justify\"><span style=\"font-size: 12pt\">-Biology<\/span><\/p>\n<p style=\"text-align: justify\"><span style=\"color: #339966\"><em><span style=\"font-size: 12pt\">Este a\u00f1o nuestro instituto se ha enfrentado a un nuevo desaf\u00edo: el comienzo del Programa Biling\u00fce en Educacion Secuandaria. Nuestro instituto ya ha sido biling\u00fce en el Ciclo Formativo de Transporte y Log\u00edstica durante m\u00e1s de diez a\u00f1os. Este curso acad\u00e9mico el Programa Biling\u00fce se ha ampliado de esta forma, incluyendo ciclo formativo y 1\u00ba ESO.<\/span><\/em><\/span><\/p>\n<p style=\"text-align: justify\"><span style=\"color: #339966\"><em><span style=\"font-size: 12pt\">Las asignaturas biling\u00fces en 1\u00ba ESO son:<\/span><\/em><\/span><\/p>\n<p style=\"text-align: justify\"><span style=\"color: #339966\"><em><span style=\"font-size: 12pt\">-Matem\u00e1ticas<\/span><\/em><\/span><\/p>\n<p style=\"text-align: justify\"><span style=\"color: #339966\"><em><span style=\"font-size: 12pt\">-Educaci\u00f3n F\u00edsica<\/span><\/em><\/span><\/p>\n<p style=\"text-align: justify\"><span style=\"color: #339966\"><em><span style=\"font-size: 12pt\">-Biolog\u00eda<\/span><\/em><\/span><\/p>\n<p style=\"text-align: justify\">&nbsp;<\/p>\n","protected":false},"excerpt":{"rendered":"<p>This year our school has faced a new challenge: The beginning of the Bilingual Program in Secondary Education. Our school has been a Bilingual School in Vocational and Education Training in Transport and Logistics&#46;&#46;&#46;<\/p>\n","protected":false},"author":10469,"featured_media":31,"comment_status":"closed","ping_status":"open","sticky":false,"template":"","format":"standard","meta":{"ngg_post_thumbnail":0,"footnotes":""},"categories":[5,4,1],"tags":[7,6,8],"aioseo_notices":[],"_links":{"self":[{"href":"https:\/\/blogsaverroes.juntadeandalucia.es\/ebiescristobaldemonroy\/wp-json\/wp\/v2\/posts\/1"}],"collection":[{"href":"https:\/\/blogsaverroes.juntadeandalucia.es\/ebiescristobaldemonroy\/wp-json\/wp\/v2\/posts"}],"about":[{"href":"https:\/\/blogsaverroes.juntadeandalucia.es\/ebiescristobaldemonroy\/wp-json\/wp\/v2\/types\/post"}],"author":[{"embeddable":true,"href":"https:\/\/blogsaverroes.juntadeandalucia.es\/ebiescristobaldemonroy\/wp-json\/wp\/v2\/users\/10469"}],"replies":[{"embeddable":true,"href":"https:\/\/blogsaverroes.juntadeandalucia.es\/ebiescristobaldemonroy\/wp-json\/wp\/v2\/comments?post=1"}],"version-history":[{"count":8,"href":"https:\/\/blogsaverroes.juntadeandalucia.es\/ebiescristobaldemonroy\/wp-json\/wp\/v2\/posts\/1\/revisions"}],"predecessor-version":[{"id":30,"href":"https:\/\/blogsaverroes.juntadeandalucia.es\/ebiescristobaldemonroy\/wp-json\/wp\/v2\/posts\/1\/revisions\/30"}],"wp:featuredmedia":[{"embeddable":true,"href":"https:\/\/blogsaverroes.juntadeandalucia.es\/ebiescristobaldemonroy\/wp-json\/wp\/v2\/media\/31"}],"wp:attachment":[{"href":"https:\/\/blogsaverroes.juntadeandalucia.es\/ebiescristobaldemonroy\/wp-json\/wp\/v2\/media?parent=1"}],"wp:term":[{"taxonomy":"category","embeddable":true,"href":"https:\/\/blogsaverroes.juntadeandalucia.es\/ebiescristobaldemonroy\/wp-json\/wp\/v2\/categories?post=1"},{"taxonomy":"post_tag","embeddable":true,"href":"https:\/\/blogsaverroes.juntadeandalucia.es\/ebiescristobaldemonroy\/wp-json\/wp\/v2\/tags?post=1"}],"curies":[{"name":"wp","href":"https:\/\/api.w.org\/{rel}","templated":true}]}}