{"id":2453,"date":"2022-02-24T22:54:02","date_gmt":"2022-02-24T22:54:02","guid":{"rendered":"https:\/\/blogsaverroes.juntadeandalucia.es\/ecoescuelapulpi\/?p=2453"},"modified":"2022-02-24T23:04:13","modified_gmt":"2022-02-24T23:04:13","slug":"charlas-sobre-el-entorno-marino","status":"publish","type":"post","link":"https:\/\/blogsaverroes.juntadeandalucia.es\/ecoescuelapulpi\/2022\/02\/24\/charlas-sobre-el-entorno-marino\/","title":{"rendered":"CHARLAS SOBRE EL ENTORNO MARINO"},"content":{"rendered":"<div class=\"\" dir=\"auto\">\n<div id=\"jsc_c_8l\" class=\"ecm0bbzt hv4rvrfc ihqw7lf3 dati1w0a\" data-ad-comet-preview=\"message\" data-ad-preview=\"message\">\n<div class=\"j83agx80 cbu4d94t ew0dbk1b irj2b8pg\">\n<div class=\"qzhwtbm6 knvmm38d\">\n<div class=\"kvgmc6g5 cxmmr5t8 oygrvhab hcukyx3x c1et5uql ii04i59q\">\n<div dir=\"auto\">Enmarcado en la UDI 3, sobre paisajes \u2026. Trabajamos sobre los paisajes de costa y las praderas submarinas; sus caracter\u00edsticas, curiosidades y amenazas de conservaci\u00f3n.<\/div>\n<div dir=\"auto\">Charla a cargo de la Asociaci\u00f3n Conser Bio y la Universidad de Almer\u00eda.<\/div>\n<div dir=\"auto\"><a href=\"https:\/\/blogsaverroes.juntadeandalucia.es\/ecoescuelapulpi\/files\/2022\/02\/charla_posidonia.jpg\"><img loading=\"lazy\" decoding=\"async\" class=\"aligncenter size-full wp-image-2454\" src=\"https:\/\/blogsaverroes.juntadeandalucia.es\/ecoescuelapulpi\/files\/2022\/02\/charla_posidonia.jpg\" alt=\"\" width=\"960\" height=\"960\" srcset=\"https:\/\/blogsaverroes.juntadeandalucia.es\/ecoescuelapulpi\/files\/2022\/02\/charla_posidonia.jpg 960w, https:\/\/blogsaverroes.juntadeandalucia.es\/ecoescuelapulpi\/files\/2022\/02\/charla_posidonia-300x300.jpg 300w, https:\/\/blogsaverroes.juntadeandalucia.es\/ecoescuelapulpi\/files\/2022\/02\/charla_posidonia-150x150.jpg 150w, https:\/\/blogsaverroes.juntadeandalucia.es\/ecoescuelapulpi\/files\/2022\/02\/charla_posidonia-768x768.jpg 768w\" sizes=\"(max-width: 960px) 100vw, 960px\" \/><\/a><\/div>\n<\/div>\n<\/div>\n<\/div>\n<\/div>\n<\/div>\n","protected":false},"excerpt":{"rendered":"<p>Enmarcado en la UDI 3, sobre paisajes \u2026. Trabajamos sobre los paisajes de costa y las praderas submarinas; sus caracter\u00edsticas, curiosidades y amenazas de conservaci\u00f3n. Charla a cargo de la Asociaci\u00f3n Conser Bio y&#46;&#46;&#46;<\/p>\n","protected":false},"author":9787,"featured_media":2454,"comment_status":"open","ping_status":"open","sticky":false,"template":"","format":"standard","meta":{"ngg_post_thumbnail":0,"footnotes":""},"categories":[526,11909],"tags":[],"aioseo_notices":[],"_links":{"self":[{"href":"https:\/\/blogsaverroes.juntadeandalucia.es\/ecoescuelapulpi\/wp-json\/wp\/v2\/posts\/2453"}],"collection":[{"href":"https:\/\/blogsaverroes.juntadeandalucia.es\/ecoescuelapulpi\/wp-json\/wp\/v2\/posts"}],"about":[{"href":"https:\/\/blogsaverroes.juntadeandalucia.es\/ecoescuelapulpi\/wp-json\/wp\/v2\/types\/post"}],"author":[{"embeddable":true,"href":"https:\/\/blogsaverroes.juntadeandalucia.es\/ecoescuelapulpi\/wp-json\/wp\/v2\/users\/9787"}],"replies":[{"embeddable":true,"href":"https:\/\/blogsaverroes.juntadeandalucia.es\/ecoescuelapulpi\/wp-json\/wp\/v2\/comments?post=2453"}],"version-history":[{"count":1,"href":"https:\/\/blogsaverroes.juntadeandalucia.es\/ecoescuelapulpi\/wp-json\/wp\/v2\/posts\/2453\/revisions"}],"predecessor-version":[{"id":2455,"href":"https:\/\/blogsaverroes.juntadeandalucia.es\/ecoescuelapulpi\/wp-json\/wp\/v2\/posts\/2453\/revisions\/2455"}],"wp:featuredmedia":[{"embeddable":true,"href":"https:\/\/blogsaverroes.juntadeandalucia.es\/ecoescuelapulpi\/wp-json\/wp\/v2\/media\/2454"}],"wp:attachment":[{"href":"https:\/\/blogsaverroes.juntadeandalucia.es\/ecoescuelapulpi\/wp-json\/wp\/v2\/media?parent=2453"}],"wp:term":[{"taxonomy":"category","embeddable":true,"href":"https:\/\/blogsaverroes.juntadeandalucia.es\/ecoescuelapulpi\/wp-json\/wp\/v2\/categories?post=2453"},{"taxonomy":"post_tag","embeddable":true,"href":"https:\/\/blogsaverroes.juntadeandalucia.es\/ecoescuelapulpi\/wp-json\/wp\/v2\/tags?post=2453"}],"curies":[{"name":"wp","href":"https:\/\/api.w.org\/{rel}","templated":true}]}}