{"id":2623,"date":"2022-11-30T18:35:56","date_gmt":"2022-11-30T18:35:56","guid":{"rendered":"https:\/\/blogsaverroes.juntadeandalucia.es\/ecoescuelapulpi\/?p=2623"},"modified":"2023-09-22T14:27:22","modified_gmt":"2023-09-22T14:27:22","slug":"encuentro-de-coordinadores-ecoescuela","status":"publish","type":"post","link":"https:\/\/blogsaverroes.juntadeandalucia.es\/ecoescuelapulpi\/2022\/11\/30\/encuentro-de-coordinadores-ecoescuela\/","title":{"rendered":"ENCUENTRO DE COORDINADORES ECOESCUELA"},"content":{"rendered":"<div class=\"\" dir=\"auto\">\n<div id=\"jsc_c_7w\" class=\"x1iorvi4 x1pi30zi x1l90r2v x1swvt13\" data-ad-comet-preview=\"message\" data-ad-preview=\"message\">\n<div class=\"x78zum5 xdt5ytf xz62fqu x16ldp7u\">\n<div class=\"xu06os2 x1ok221b\">\n<div class=\"x11i5rnm xat24cr x1mh8g0r x1vvkbs xdj266r x126k92a\">\n<h3><a href=\"https:\/\/blogsaverroes.juntadeandalucia.es\/ecoescuelapulpi\/files\/2022\/11\/1669833047563.jpg\"><img loading=\"lazy\" decoding=\"async\" class=\"aligncenter wp-image-2625 size-large\" src=\"https:\/\/blogsaverroes.juntadeandalucia.es\/ecoescuelapulpi\/files\/2022\/11\/1669833047563-682x1024.jpg\" alt=\"\" width=\"682\" height=\"1024\" srcset=\"https:\/\/blogsaverroes.juntadeandalucia.es\/ecoescuelapulpi\/files\/2022\/11\/1669833047563-682x1024.jpg 682w, https:\/\/blogsaverroes.juntadeandalucia.es\/ecoescuelapulpi\/files\/2022\/11\/1669833047563-200x300.jpg 200w, https:\/\/blogsaverroes.juntadeandalucia.es\/ecoescuelapulpi\/files\/2022\/11\/1669833047563-768x1153.jpg 768w, https:\/\/blogsaverroes.juntadeandalucia.es\/ecoescuelapulpi\/files\/2022\/11\/1669833047563-1023x1536.jpg 1023w, https:\/\/blogsaverroes.juntadeandalucia.es\/ecoescuelapulpi\/files\/2022\/11\/1669833047563.jpg 1066w\" sizes=\"(max-width: 682px) 100vw, 682px\" \/><\/a><\/h3>\n<h3>Nuestra ecoescuela <a class=\"x1i10hfl xjbqb8w x6umtig x1b1mbwd xaqea5y xav7gou x9f619 x1ypdohk xt0psk2 xe8uvvx xdj266r x11i5rnm xat24cr x1mh8g0r xexx8yu x4uap5 x18d9i69 xkhd6sd x16tdsg8 x1hl2dhg xggy1nq x1a2a7pz xt0b8zv x1qq9wsj xo1l8bm\" role=\"link\" href=\"https:\/\/www.facebook.com\/escuelas.viajerasalleonar?__cft__[0]=AZUBX8SykyaNitQ3BF6jmjAO-bbVe2avmjl-k03Ms7P2nt2BjKyTM4Q5gwZ0-7uqv7hxJaF3zluAm5ba_L-2pUaj2VPMCaR8eXiKvDGJCppPazD3WpVsT8fjaF-ZbLgECWLxaPapPAjjweAJTdOQX_qN9lT5Pl4-ptM2MzbrNUn9jvVy3TPJk1t9HgN9PoPdA44&amp;__tn__=-]K-R\"><span class=\"xt0psk2\">Federico Garc\u00eda Lorca<\/span><\/a> forma parte del encuentro en el que coordinadores de todas las provincias de Andaluc\u00eda exponen y dise\u00f1an pr\u00e1cticas educativas en el marco del proyecto ecoescuela del <a class=\"x1i10hfl xjbqb8w x6umtig x1b1mbwd xaqea5y xav7gou x9f619 x1ypdohk xt0psk2 xe8uvvx xdj266r x11i5rnm xat24cr x1mh8g0r xexx8yu x4uap5 x18d9i69 xkhd6sd x16tdsg8 x1hl2dhg xggy1nq x1a2a7pz xt0b8zv x1qq9wsj xo1l8bm\" role=\"link\" href=\"https:\/\/www.facebook.com\/programaaldea?__cft__[0]=AZUBX8SykyaNitQ3BF6jmjAO-bbVe2avmjl-k03Ms7P2nt2BjKyTM4Q5gwZ0-7uqv7hxJaF3zluAm5ba_L-2pUaj2VPMCaR8eXiKvDGJCppPazD3WpVsT8fjaF-ZbLgECWLxaPapPAjjweAJTdOQX_qN9lT5Pl4-ptM2MzbrNUn9jvVy3TPJk1t9HgN9PoPdA44&amp;__tn__=-]K-R\"><span class=\"xt0psk2\">Programa para la Innovaci\u00f3n Educativa Aldea<\/span><\/a> de la Consejer\u00eda de Educaci\u00f3n de la Junta de Andaluc\u00eda.<\/h3>\n<div dir=\"auto\"><a class=\"x1i10hfl xjbqb8w x6umtig x1b1mbwd xaqea5y xav7gou x9f619 x1ypdohk xt0psk2 xe8uvvx xdj266r x11i5rnm xat24cr x1mh8g0r xexx8yu x4uap5 x18d9i69 xkhd6sd x16tdsg8 x1hl2dhg xggy1nq x1a2a7pz xt0b8zv x1fey0fg\" role=\"link\" href=\"https:\/\/twitter.com\/programaaldea\/status\/1596484539957780480?t=MwnXS5q5qeoBStM5o_BVRA&amp;s=08&amp;fbclid=IwAR14eXoKAw51g_QOG-PVPs9EFiuftA482AmvveC0zmU81JJit1FSb2N35Dw\" target=\"_blank\" rel=\"nofollow noopener noreferrer\">https:\/\/twitter.com\/programaaldea\/status\/1596484539957780480?t=MwnXS5q5qeoBStM5o_BVRA&amp;s=08&amp;fbclid=IwAR14eXoKAw51g_QOG-PVPs9EFiuftA482AmvveC0zmU81JJit1FSb2N35Dw<\/a><\/div>\n<div dir=\"auto\">&nbsp;<\/div>\n<div dir=\"auto\"><a class=\"x1i10hfl xjbqb8w x6umtig x1b1mbwd xaqea5y xav7gou x9f619 x1ypdohk xt0psk2 xe8uvvx xdj266r x11i5rnm xat24cr x1mh8g0r xexx8yu x4uap5 x18d9i69 xkhd6sd x16tdsg8 x1hl2dhg xggy1nq x1a2a7pz xt0b8zv x1fey0fg\" role=\"link\" href=\"https:\/\/twitter.com\/programaaldea\/status\/1596442594460012546?t=WxQdV-4V2rR_p7gUXIyO_g&amp;s=08&amp;fbclid=IwAR2fyDr9bnqr5GjZ-SRg0l9aRDKCFOcRemXdmPd-Jb-OEQ6HqNHpROsFXV8\" target=\"_blank\" rel=\"nofollow noopener noreferrer\">https:\/\/twitter.com\/programaaldea\/status\/1596442594460012546?t=WxQdV-4V2rR_p7gUXIyO_g&amp;s=08&amp;fbclid=IwAR2fyDr9bnqr5GjZ-SRg0l9aRDKCFOcRemXdmPd-Jb-OEQ6HqNHpROsFXV8<\/a><\/div>\n<div dir=\"auto\">&nbsp;<\/div>\n<\/div>\n<div class=\"x11i5rnm xat24cr x1mh8g0r x1vvkbs xtlvy1s x126k92a\">\n<div dir=\"auto\">&nbsp;<\/div>\n<\/div>\n<\/div>\n<\/div>\n<\/div>\n<\/div>\n<div dir=\"auto\">&nbsp;<\/div>\n<div dir=\"auto\"><a href=\"https:\/\/blogsaverroes.juntadeandalucia.es\/ecoescuelapulpi\/files\/2022\/11\/1669833047658.jpg\"><img loading=\"lazy\" decoding=\"async\" class=\"aligncenter size-large wp-image-2630\" src=\"https:\/\/blogsaverroes.juntadeandalucia.es\/ecoescuelapulpi\/files\/2022\/11\/1669833047658-1024x461.jpg\" alt=\"\" width=\"782\" height=\"352\" srcset=\"https:\/\/blogsaverroes.juntadeandalucia.es\/ecoescuelapulpi\/files\/2022\/11\/1669833047658-1024x461.jpg 1024w, https:\/\/blogsaverroes.juntadeandalucia.es\/ecoescuelapulpi\/files\/2022\/11\/1669833047658-300x135.jpg 300w, https:\/\/blogsaverroes.juntadeandalucia.es\/ecoescuelapulpi\/files\/2022\/11\/1669833047658-768x346.jpg 768w, https:\/\/blogsaverroes.juntadeandalucia.es\/ecoescuelapulpi\/files\/2022\/11\/1669833047658-1536x691.jpg 1536w, https:\/\/blogsaverroes.juntadeandalucia.es\/ecoescuelapulpi\/files\/2022\/11\/1669833047658.jpg 1600w\" sizes=\"(max-width: 782px) 100vw, 782px\" \/><\/a> <a href=\"https:\/\/blogsaverroes.juntadeandalucia.es\/ecoescuelapulpi\/files\/2022\/11\/1669833047639.jpg\"><img loading=\"lazy\" decoding=\"async\" class=\"aligncenter size-large wp-image-2629\" src=\"https:\/\/blogsaverroes.juntadeandalucia.es\/ecoescuelapulpi\/files\/2022\/11\/1669833047639-1024x461.jpg\" alt=\"\" width=\"782\" height=\"352\" srcset=\"https:\/\/blogsaverroes.juntadeandalucia.es\/ecoescuelapulpi\/files\/2022\/11\/1669833047639-1024x461.jpg 1024w, https:\/\/blogsaverroes.juntadeandalucia.es\/ecoescuelapulpi\/files\/2022\/11\/1669833047639-300x135.jpg 300w, https:\/\/blogsaverroes.juntadeandalucia.es\/ecoescuelapulpi\/files\/2022\/11\/1669833047639-768x346.jpg 768w, https:\/\/blogsaverroes.juntadeandalucia.es\/ecoescuelapulpi\/files\/2022\/11\/1669833047639-1536x691.jpg 1536w, https:\/\/blogsaverroes.juntadeandalucia.es\/ecoescuelapulpi\/files\/2022\/11\/1669833047639.jpg 1600w\" sizes=\"(max-width: 782px) 100vw, 782px\" \/><\/a> <a href=\"https:\/\/blogsaverroes.juntadeandalucia.es\/ecoescuelapulpi\/files\/2022\/11\/1669833047621.jpg\"><img loading=\"lazy\" decoding=\"async\" class=\"aligncenter size-large wp-image-2628\" src=\"https:\/\/blogsaverroes.juntadeandalucia.es\/ecoescuelapulpi\/files\/2022\/11\/1669833047621-1024x461.jpg\" alt=\"\" width=\"782\" height=\"352\" srcset=\"https:\/\/blogsaverroes.juntadeandalucia.es\/ecoescuelapulpi\/files\/2022\/11\/1669833047621-1024x461.jpg 1024w, https:\/\/blogsaverroes.juntadeandalucia.es\/ecoescuelapulpi\/files\/2022\/11\/1669833047621-300x135.jpg 300w, https:\/\/blogsaverroes.juntadeandalucia.es\/ecoescuelapulpi\/files\/2022\/11\/1669833047621-768x346.jpg 768w, https:\/\/blogsaverroes.juntadeandalucia.es\/ecoescuelapulpi\/files\/2022\/11\/1669833047621.jpg 1280w\" sizes=\"(max-width: 782px) 100vw, 782px\" \/><\/a> <a href=\"https:\/\/blogsaverroes.juntadeandalucia.es\/ecoescuelapulpi\/files\/2022\/11\/1669833047601.jpg\"><img loading=\"lazy\" decoding=\"async\" class=\"aligncenter size-large wp-image-2627\" src=\"https:\/\/blogsaverroes.juntadeandalucia.es\/ecoescuelapulpi\/files\/2022\/11\/1669833047601-1024x1024.jpg\" alt=\"\" width=\"782\" height=\"782\" srcset=\"https:\/\/blogsaverroes.juntadeandalucia.es\/ecoescuelapulpi\/files\/2022\/11\/1669833047601-1024x1024.jpg 1024w, https:\/\/blogsaverroes.juntadeandalucia.es\/ecoescuelapulpi\/files\/2022\/11\/1669833047601-300x300.jpg 300w, https:\/\/blogsaverroes.juntadeandalucia.es\/ecoescuelapulpi\/files\/2022\/11\/1669833047601-150x150.jpg 150w, https:\/\/blogsaverroes.juntadeandalucia.es\/ecoescuelapulpi\/files\/2022\/11\/1669833047601-768x768.jpg 768w, https:\/\/blogsaverroes.juntadeandalucia.es\/ecoescuelapulpi\/files\/2022\/11\/1669833047601.jpg 1065w\" sizes=\"(max-width: 782px) 100vw, 782px\" \/><\/a> <a href=\"https:\/\/blogsaverroes.juntadeandalucia.es\/ecoescuelapulpi\/files\/2022\/11\/1669833047582.jpg\"><img loading=\"lazy\" decoding=\"async\" class=\"aligncenter size-large wp-image-2626\" src=\"https:\/\/blogsaverroes.juntadeandalucia.es\/ecoescuelapulpi\/files\/2022\/11\/1669833047582-1024x461.jpg\" alt=\"\" width=\"782\" height=\"352\" srcset=\"https:\/\/blogsaverroes.juntadeandalucia.es\/ecoescuelapulpi\/files\/2022\/11\/1669833047582-1024x461.jpg 1024w, https:\/\/blogsaverroes.juntadeandalucia.es\/ecoescuelapulpi\/files\/2022\/11\/1669833047582-300x135.jpg 300w, https:\/\/blogsaverroes.juntadeandalucia.es\/ecoescuelapulpi\/files\/2022\/11\/1669833047582-768x346.jpg 768w, https:\/\/blogsaverroes.juntadeandalucia.es\/ecoescuelapulpi\/files\/2022\/11\/1669833047582-1536x691.jpg 1536w, https:\/\/blogsaverroes.juntadeandalucia.es\/ecoescuelapulpi\/files\/2022\/11\/1669833047582.jpg 1600w\" sizes=\"(max-width: 782px) 100vw, 782px\" \/><\/a> <a href=\"https:\/\/blogsaverroes.juntadeandalucia.es\/ecoescuelapulpi\/files\/2022\/11\/1669833047543.jpg\"><img loading=\"lazy\" decoding=\"async\" class=\"aligncenter size-large wp-image-2624\" src=\"https:\/\/blogsaverroes.juntadeandalucia.es\/ecoescuelapulpi\/files\/2022\/11\/1669833047543-1024x768.jpg\" alt=\"\" width=\"782\" height=\"587\" srcset=\"https:\/\/blogsaverroes.juntadeandalucia.es\/ecoescuelapulpi\/files\/2022\/11\/1669833047543-1024x768.jpg 1024w, https:\/\/blogsaverroes.juntadeandalucia.es\/ecoescuelapulpi\/files\/2022\/11\/1669833047543-300x225.jpg 300w, https:\/\/blogsaverroes.juntadeandalucia.es\/ecoescuelapulpi\/files\/2022\/11\/1669833047543-768x576.jpg 768w, https:\/\/blogsaverroes.juntadeandalucia.es\/ecoescuelapulpi\/files\/2022\/11\/1669833047543-1536x1152.jpg 1536w, https:\/\/blogsaverroes.juntadeandalucia.es\/ecoescuelapulpi\/files\/2022\/11\/1669833047543.jpg 1600w\" sizes=\"(max-width: 782px) 100vw, 782px\" \/><\/a><\/div>\n","protected":false},"excerpt":{"rendered":"<p>Nuestra ecoescuela Federico Garc\u00eda Lorca forma parte del encuentro en el que coordinadores de todas las provincias de Andaluc\u00eda exponen y dise\u00f1an pr\u00e1cticas educativas en el marco del proyecto ecoescuela del Programa para la&#46;&#46;&#46;<\/p>\n","protected":false},"author":9787,"featured_media":2625,"comment_status":"open","ping_status":"open","sticky":false,"template":"","format":"standard","meta":{"ngg_post_thumbnail":0,"footnotes":""},"categories":[2351660],"tags":[],"aioseo_notices":[],"_links":{"self":[{"href":"https:\/\/blogsaverroes.juntadeandalucia.es\/ecoescuelapulpi\/wp-json\/wp\/v2\/posts\/2623"}],"collection":[{"href":"https:\/\/blogsaverroes.juntadeandalucia.es\/ecoescuelapulpi\/wp-json\/wp\/v2\/posts"}],"about":[{"href":"https:\/\/blogsaverroes.juntadeandalucia.es\/ecoescuelapulpi\/wp-json\/wp\/v2\/types\/post"}],"author":[{"embeddable":true,"href":"https:\/\/blogsaverroes.juntadeandalucia.es\/ecoescuelapulpi\/wp-json\/wp\/v2\/users\/9787"}],"replies":[{"embeddable":true,"href":"https:\/\/blogsaverroes.juntadeandalucia.es\/ecoescuelapulpi\/wp-json\/wp\/v2\/comments?post=2623"}],"version-history":[{"count":2,"href":"https:\/\/blogsaverroes.juntadeandalucia.es\/ecoescuelapulpi\/wp-json\/wp\/v2\/posts\/2623\/revisions"}],"predecessor-version":[{"id":2633,"href":"https:\/\/blogsaverroes.juntadeandalucia.es\/ecoescuelapulpi\/wp-json\/wp\/v2\/posts\/2623\/revisions\/2633"}],"wp:featuredmedia":[{"embeddable":true,"href":"https:\/\/blogsaverroes.juntadeandalucia.es\/ecoescuelapulpi\/wp-json\/wp\/v2\/media\/2625"}],"wp:attachment":[{"href":"https:\/\/blogsaverroes.juntadeandalucia.es\/ecoescuelapulpi\/wp-json\/wp\/v2\/media?parent=2623"}],"wp:term":[{"taxonomy":"category","embeddable":true,"href":"https:\/\/blogsaverroes.juntadeandalucia.es\/ecoescuelapulpi\/wp-json\/wp\/v2\/categories?post=2623"},{"taxonomy":"post_tag","embeddable":true,"href":"https:\/\/blogsaverroes.juntadeandalucia.es\/ecoescuelapulpi\/wp-json\/wp\/v2\/tags?post=2623"}],"curies":[{"name":"wp","href":"https:\/\/api.w.org\/{rel}","templated":true}]}}