{"id":13636,"date":"2013-03-12T13:49:22","date_gmt":"2013-03-12T11:49:22","guid":{"rendered":"http:\/\/www.educacionenmalaga.es\/valores\/?p=4022"},"modified":"2013-03-12T13:49:22","modified_gmt":"2013-03-12T11:49:22","slug":"reportaje-intercultural-el-disco-de-newton-del-ies-los-manantiales-2","status":"publish","type":"post","link":"https:\/\/blogsaverroes.juntadeandalucia.es\/educacionenvaloresdelegacionmalaga\/reportaje-intercultural-el-disco-de-newton-del-ies-los-manantiales-2\/","title":{"rendered":"Reportaje intercultural &#8220;El Disco de Newton&#8221; del IES Los Manantiales"},"content":{"rendered":"<p style=\"text-align: justify\">\u201cEl Disco de Newton\u201d es un documental realizado por Cristina Fern\u00e1ndez Mart\u00ednez, directora del IES Los Manantiales de Torremolinos, con su alumnado de Medios de Comunicaci\u00f3n de 1\u00ba de Bachillerato, y grabado \u00edntegramente en este instituto.<\/p>\n<p><iframe loading=\"lazy\" src=\"http:\/\/www.youtube.com\/embed\/lunZ2CwSLWc\" height=\"380\" width=\"640\" frameborder=\"0\"><\/iframe><\/p>\n<p style=\"text-align: justify\"><!--more-->Con el alumnado de esta materia, la profesora hab\u00eda realizado en a\u00f1os anteriores diversos cortometrajes e incluso un mediometraje adaptando un relato de un profesor del centro publicado en Alfaguara.<\/p>\n<p style=\"text-align: justify\">En esta ocasi\u00f3n el grupo se plante\u00f3 dejar a un lado la ficci\u00f3n y reflejar la realidad. La idea surgi\u00f3 para mostrar c\u00f3mo se encontraban en el instituto y en nuestro pa\u00eds los much\u00edsimos inmigrantes que estudian y conviven aqu\u00ed, a trav\u00e9s de entrevistas a alumnos\/as y profesores\/as e im\u00e1genes del d\u00eda a d\u00eda.<\/p>\n<p style=\"text-align: justify\">Los alumnos\/as prepararon los cuestionarios y eligieron a los entrevistados.\u00a0Cristina Fern\u00e1ndez nos comenta que cuando comenzaron el reportaje, no sab\u00edan a\u00fan qu\u00e9 enfoque tomar\u00eda el v\u00eddeo ya que el resultado depend\u00eda de esos alumnos inmigrantes, lo que supuso una sorpresa para todas y todos. Os invitamos a descubrir el significado del t\u00edtulo, \u201cEl Disco de Newton&#8221;, que aparece explicado en el reportaje.<\/p>\n","protected":false},"excerpt":{"rendered":"<p>\u201cEl Disco de Newton\u201d es un documental realizado por Cristina Fern\u00e1ndez Mart\u00ednez, directora del IES Los Manantiales de Torremolinos, con su alumnado de Medios de Comunicaci\u00f3n de 1\u00ba de Bachillerato, y grabado \u00edntegramente en este instituto.<\/p>\n","protected":false},"author":8104,"featured_media":0,"comment_status":"open","ping_status":"open","sticky":false,"template":"","format":"standard","meta":{"ngg_post_thumbnail":0,"footnotes":""},"categories":[11909],"tags":[],"aioseo_notices":[],"_links":{"self":[{"href":"https:\/\/blogsaverroes.juntadeandalucia.es\/educacionenvaloresdelegacionmalaga\/wp-json\/wp\/v2\/posts\/13636"}],"collection":[{"href":"https:\/\/blogsaverroes.juntadeandalucia.es\/educacionenvaloresdelegacionmalaga\/wp-json\/wp\/v2\/posts"}],"about":[{"href":"https:\/\/blogsaverroes.juntadeandalucia.es\/educacionenvaloresdelegacionmalaga\/wp-json\/wp\/v2\/types\/post"}],"author":[{"embeddable":true,"href":"https:\/\/blogsaverroes.juntadeandalucia.es\/educacionenvaloresdelegacionmalaga\/wp-json\/wp\/v2\/users\/8104"}],"replies":[{"embeddable":true,"href":"https:\/\/blogsaverroes.juntadeandalucia.es\/educacionenvaloresdelegacionmalaga\/wp-json\/wp\/v2\/comments?post=13636"}],"version-history":[{"count":0,"href":"https:\/\/blogsaverroes.juntadeandalucia.es\/educacionenvaloresdelegacionmalaga\/wp-json\/wp\/v2\/posts\/13636\/revisions"}],"wp:attachment":[{"href":"https:\/\/blogsaverroes.juntadeandalucia.es\/educacionenvaloresdelegacionmalaga\/wp-json\/wp\/v2\/media?parent=13636"}],"wp:term":[{"taxonomy":"category","embeddable":true,"href":"https:\/\/blogsaverroes.juntadeandalucia.es\/educacionenvaloresdelegacionmalaga\/wp-json\/wp\/v2\/categories?post=13636"},{"taxonomy":"post_tag","embeddable":true,"href":"https:\/\/blogsaverroes.juntadeandalucia.es\/educacionenvaloresdelegacionmalaga\/wp-json\/wp\/v2\/tags?post=13636"}],"curies":[{"name":"wp","href":"https:\/\/api.w.org\/{rel}","templated":true}]}}