{"id":15134,"date":"2018-03-22T14:57:57","date_gmt":"2018-03-22T12:57:57","guid":{"rendered":"https:\/\/www.educacionenmalaga.es\/valores\/?p=10626"},"modified":"2018-03-22T14:57:57","modified_gmt":"2018-03-22T12:57:57","slug":"proyecto-mujeres-en-el-mundo-la-india-en-el-ies-sierra-blanca-de-marbella-2","status":"publish","type":"post","link":"https:\/\/blogsaverroes.juntadeandalucia.es\/educacionenvaloresdelegacionmalaga\/proyecto-mujeres-en-el-mundo-la-india-en-el-ies-sierra-blanca-de-marbella-2\/","title":{"rendered":"Proyecto Mujeres en el mundo: La India en el IES Sierra Blanca de Marbella"},"content":{"rendered":"<p align=\"JUSTIFY\"><span style=\"color: #222222\"><span><span style=\"font-size: medium\"><a href=\"https:\/\/www.educacionenmalaga.es\/valores\/files\/2018\/03\/collagemaker_20180308_141946462.jpg\"><img loading=\"lazy\" decoding=\"async\" class=\"alignright size-medium wp-image-10629\" src=\"https:\/\/www.educacionenmalaga.es\/valores\/files\/2018\/03\/collagemaker_20180308_141946462-300x300.jpg\" alt=\"\" width=\"300\" height=\"300\" \/><\/a>El <a href=\"http:\/\/www.iessierrablanca.com\/single-post\/2018\/03\/14\/Semana-Cultural-Mujeres-en-el-Mundo-La-India\" target=\"_blank\" rel=\"noopener noreferrer\">Proyecto\u00a0MUJERES EN EL MUNDO<\/a> es un proyecto anual de centro que se enmarca dentro del Plan de Igualdad <\/span><\/span><\/span><span style=\"color: #222222\"><span><span style=\"font-size: medium\">del I.E.S Sierra Blanca<\/span><\/span><\/span><span style=\"color: #222222\"><span><span style=\"font-size: medium\">. Con motivo del D\u00eda de la Mujer, el\u00a08 de marzo,\u00a0 hemos querido realizar una serie de actividades para reivindicar la importancia del papel de la mujer en nuestra sociedad y las condiciones en las que viven muchas mujeres en todo el mundo.<\/span><\/span><\/span><\/p>\n<p align=\"JUSTIFY\"><span style=\"color: #222222\"><span><span style=\"font-size: medium\">Este a\u00f1o nos hemos centrado en\u00a0<b>la Mujer en la India.\u00a0<\/b>Hemos contado con la colaboraci\u00f3n\u00a0de la\u00a0<b>Fundaci\u00f3n\u00a0Vicente Ferrer<\/b>, ONGD (organizaci\u00f3n no gubernamental de desarrollo) comprometida con el proceso de transformaci\u00f3n de una de las zonas m\u00e1s pobres y necesitadas de la India, Anantapur, y de una de las comunidades m\u00e1s pobres y excluidas del planeta, los d\u00e1lits y los grupos tribales. Entre sus \u00e1reas de trabajo se encuentra el Comercio Justo: la FVF acoge a personas sin recursos, generalmente mujeres con alguna discapacidad y las forma durante 6 meses para que tengan la oportunidad de aprender un oficio. Despu\u00e9s de esta formaci\u00f3n, la misma FVF las contrata y se dedican a vender sus productos alrededor del mundo. Esto les permite no solamente una cierta independencia, sino que es una forma de inclusi\u00f3n social mejorando su autoestima y estilo de vida.<\/span><\/span><\/span><\/p>\n<p align=\"JUSTIFY\"><span style=\"color: #222222\"><span><span style=\"font-size: medium\"><a href=\"https:\/\/www.educacionenmalaga.es\/valores\/files\/2018\/03\/collagemaker_20180308_234744948.jpg\"><img loading=\"lazy\" decoding=\"async\" class=\"alignleft size-medium wp-image-10628\" src=\"https:\/\/www.educacionenmalaga.es\/valores\/files\/2018\/03\/collagemaker_20180308_234744948-300x300.jpg\" alt=\"\" width=\"300\" height=\"300\" \/><\/a>Durante esta semana cultural, coeducativa y de convivencia, el alumnado del I.E.S Sierra Blanca ha realizado\u00a0una serie de actividades en las que se ha implicado toda la Comunidad educativa. Se han visualizado las pel\u00edculas de Vicente Ferrer y Quiero ser como Bekham y se ha trabajado el papel de la mujer India en la sociedad a trav\u00e9s del Plan de acci\u00f3n tutorial. Nuestro alumnado de 2\u00ba y 3\u00ba de la ESO\u00a0\u00a0tuvo la oportunidad de asistir a la\u00a0\u00a0charla impartida por\u00a0<b>Christian Jongeneel<\/b>, impulsor de Brazadas Solidarias, organizaci\u00f3n solidaria de eventos deportivos, que afronta retos extremos en mares y oc\u00e9anos del mundo con el objetivo de sensibilizar y recaudar fondos para la Fundaci\u00f3n Vicente Ferrer. Christian se ha enfrentado a las traves\u00edas del Estrecho de Gibraltar, el Canal de la Mancha, el Estrecho de Cook (Nueva Zelanda), la traves\u00eda Al-Assad de Siria, el Canal de Santa Catalina, la Puerta de la India (Mumbai), Peniche-Islas Berlengas (Portugal) y el Canal de Menorca, entre otras. Y en septiembre de 2017 se convirti\u00f3 en el primer europeo en dar dos vueltas a la isla de Manhattan, un recorrido de 92 kil\u00f3metros que complet\u00f3 en 20 horas de nado ininterrumpido.<\/span><\/span><\/span><\/p>\n<p><iframe loading=\"lazy\" title=\"Semana Cultural Mujeres en la India IES Sierra Blanca (Marbella)\" width=\"500\" height=\"281\" src=\"https:\/\/www.youtube.com\/embed\/_Vf6nWA2Qb8?feature=oembed&#038;wmode=opaque\" frameborder=\"0\" allow=\"accelerometer; autoplay; clipboard-write; encrypted-media; gyroscope; picture-in-picture\" allowfullscreen><\/iframe><\/p>\n<p>&nbsp;<\/p>\n<p align=\"JUSTIFY\"><span style=\"color: #222222\"><span><span style=\"font-size: medium\">Durante las ma\u00f1anas del mi\u00e9rcoles y viernes, pusimos\u00a0nuestro mercadillo solidario con productos artesanales hechos en India gracias a la FVF. Es importante tener en cuenta la relevancia de nuestra aportaci\u00f3n, por ejemplo: un l\u00e1piz hecho a mano que para nosotros supone el precio de un helado (2,5\u20ac) es el equivalente al sueldo que gana una persona en la India trabajando de sol a sol. \u00a0<\/span><\/span><\/span><!--more--><\/p>\n<p><a href=\"https:\/\/www.educacionenmalaga.es\/valores\/files\/2018\/03\/img_20180305_141115-01.jpeg\"><img loading=\"lazy\" decoding=\"async\" class=\"size-medium wp-image-10634\" src=\"https:\/\/www.educacionenmalaga.es\/valores\/files\/2018\/03\/img_20180305_141115-01-300x166.jpeg\" alt=\"\" width=\"300\" height=\"166\" \/><\/a><\/p>\n<p align=\"JUSTIFY\"><span style=\"color: #222222\"><span><span style=\"font-size: medium\">Adem\u00e1s de concienciar al alumnado de la situaci\u00f3n de las mujeres en otros lugares y del valor de la solidaridad, tambi\u00e9n queremos que se impregnen de la cultura de la India. Durante la\u00a0hora del recreo, se han realizado\u00a0<b>tatuajes de henna\u00a0<\/b>para todas las personas que hayan colaborado solidariamente en el mercadillo.<\/span><\/span><\/span><\/p>\n<p align=\"JUSTIFY\"><span style=\"color: #222222\"><span><span style=\"font-size: medium\">Esta semana hemos contado tambi\u00e9n con la Presencia de\u00a0<b>Gabi Mastragostino<\/b>, un excelente monitor\u00a0de Yoga que ha transmitido a nuestro alumnado los valores de esta disciplina milenaria. Alumnos y alumnas\u00a0de 3\u00ba, 4\u00ba y Bachillerato han podido asistir a esta magn\u00edfico Taller.<\/span><\/span><\/span><\/p>\n<p align=\"JUSTIFY\"><span style=\"color: #222222\"><span><span style=\"font-size: medium\"><a href=\"https:\/\/www.educacionenmalaga.es\/valores\/files\/2018\/03\/2018-03-08_13-46-20.jpg\"><img loading=\"lazy\" decoding=\"async\" class=\"size-medium wp-image-10631 alignright\" src=\"https:\/\/www.educacionenmalaga.es\/valores\/files\/2018\/03\/2018-03-08_13-46-20-300x300.jpg\" alt=\"\" width=\"300\" height=\"300\" \/><\/a>Asimismo, el alumnado de nuestro Departamento de Hosteler\u00eda ha elaborado un\u00a0<b>desayuno buffet tem\u00e1tico con productos t\u00edpicos de la India.<\/b><\/span><\/span><\/span><\/p>\n<p align=\"JUSTIFY\"><span style=\"color: #222222\"><span><span style=\"font-size: medium\">Se ha celebrado \u00a0un\u00a0<b>concurso de decoraci\u00f3n de Puertas con la tem\u00e1tica de la India\u00a0<\/b>para todo los grupos que desearan participar.<\/span><\/span><\/span><\/p>\n<p align=\"JUSTIFY\"><span style=\"color: #222222\"><span><span style=\"font-size: medium\">Sin lugar a dudas ha sido una semana llena de actividades, de magia y de ilusi\u00f3n donde a la vez que difundimos valores del igualdad, solidaridad y cooperaci\u00f3n fomentamos una convivencia positiva en el centro.\u00a0<\/span><\/span><\/span><\/p>\n<p align=\"JUSTIFY\"><span style=\"color: #222222\"><span><span style=\"font-size: medium\">Distintos programas de radiotelevisi\u00f3n Marbella ha querido difundir nuestra actividad como Marbella Noticias o Ahora Educaci\u00f3n, programa que se emitir\u00e1 el pr\u00f3ximo 1 de abril.<\/span><\/span><\/span><\/p>\n<p align=\"JUSTIFY\"><span style=\"color: #222222\"><span><span style=\"font-size: medium\"><b>Agradecedemos a toda la Comunidad educativa, alumnado, profesorado, familias y voluntariado que han formado parte de este proyecto de cooperaci\u00f3n para luchar en un mundo con igualdad de oportunidades.<\/b><\/span><\/span><\/span><\/p>\n<p><iframe loading=\"lazy\" title=\"Semana Cultural Mujeres en la India IES Sierra Blanca. Marbella Noticias (RTV Marbella)\" width=\"500\" height=\"281\" src=\"https:\/\/www.youtube.com\/embed\/Aa8_Ayzsi34?feature=oembed&#038;wmode=opaque\" frameborder=\"0\" allow=\"accelerometer; autoplay; clipboard-write; encrypted-media; gyroscope; picture-in-picture\" allowfullscreen><\/iframe><\/p>\n","protected":false},"excerpt":{"rendered":"<p>El Proyecto\u00a0MUJERES EN EL MUNDO es un proyecto anual de centro que se enmarca dentro del Plan de Igualdad del I.E.S Sierra Blanca. Con motivo del D\u00eda de la Mujer, el\u00a08 de marzo,\u00a0 hemos querido realizar una serie de actividades&#46;&#46;&#46;<\/p>\n","protected":false},"author":8104,"featured_media":0,"comment_status":"open","ping_status":"open","sticky":false,"template":"","format":"standard","meta":{"ngg_post_thumbnail":0,"footnotes":""},"categories":[2144486,2144991,2145470],"tags":[],"aioseo_notices":[],"_links":{"self":[{"href":"https:\/\/blogsaverroes.juntadeandalucia.es\/educacionenvaloresdelegacionmalaga\/wp-json\/wp\/v2\/posts\/15134"}],"collection":[{"href":"https:\/\/blogsaverroes.juntadeandalucia.es\/educacionenvaloresdelegacionmalaga\/wp-json\/wp\/v2\/posts"}],"about":[{"href":"https:\/\/blogsaverroes.juntadeandalucia.es\/educacionenvaloresdelegacionmalaga\/wp-json\/wp\/v2\/types\/post"}],"author":[{"embeddable":true,"href":"https:\/\/blogsaverroes.juntadeandalucia.es\/educacionenvaloresdelegacionmalaga\/wp-json\/wp\/v2\/users\/8104"}],"replies":[{"embeddable":true,"href":"https:\/\/blogsaverroes.juntadeandalucia.es\/educacionenvaloresdelegacionmalaga\/wp-json\/wp\/v2\/comments?post=15134"}],"version-history":[{"count":0,"href":"https:\/\/blogsaverroes.juntadeandalucia.es\/educacionenvaloresdelegacionmalaga\/wp-json\/wp\/v2\/posts\/15134\/revisions"}],"wp:attachment":[{"href":"https:\/\/blogsaverroes.juntadeandalucia.es\/educacionenvaloresdelegacionmalaga\/wp-json\/wp\/v2\/media?parent=15134"}],"wp:term":[{"taxonomy":"category","embeddable":true,"href":"https:\/\/blogsaverroes.juntadeandalucia.es\/educacionenvaloresdelegacionmalaga\/wp-json\/wp\/v2\/categories?post=15134"},{"taxonomy":"post_tag","embeddable":true,"href":"https:\/\/blogsaverroes.juntadeandalucia.es\/educacionenvaloresdelegacionmalaga\/wp-json\/wp\/v2\/tags?post=15134"}],"curies":[{"name":"wp","href":"https:\/\/api.w.org\/{rel}","templated":true}]}}