{"id":17523,"date":"2020-12-01T08:04:58","date_gmt":"2020-12-01T07:04:58","guid":{"rendered":"https:\/\/blogsaverroes.juntadeandalucia.es\/educacionenvaloresdelegacionmalaga\/?p=17523"},"modified":"2020-12-01T08:08:59","modified_gmt":"2020-12-01T07:08:59","slug":"17523-2","status":"publish","type":"post","link":"https:\/\/blogsaverroes.juntadeandalucia.es\/educacionenvaloresdelegacionmalaga\/17523-2\/","title":{"rendered":"Elisabeth Garc\u00eda Gil, 2\u00ba puesto el IV Concurso &#8220;Carmen Olmedo&#8221; con su trabajo en el IES El Palo"},"content":{"rendered":"<div style=\"text-align: justify\"><img loading=\"lazy\" decoding=\"async\" class=\" wp-image-17525 alignleft\" src=\"https:\/\/blogsaverroes.juntadeandalucia.es\/educacionenvaloresdelegacionmalaga\/files\/2020\/12\/ies-el-palo-300x152.jpg\" alt=\"\" width=\"365\" height=\"185\" srcset=\"https:\/\/blogsaverroes.juntadeandalucia.es\/educacionenvaloresdelegacionmalaga\/files\/2020\/12\/ies-el-palo-300x152.jpg 300w, https:\/\/blogsaverroes.juntadeandalucia.es\/educacionenvaloresdelegacionmalaga\/files\/2020\/12\/ies-el-palo-24x12.jpg 24w, https:\/\/blogsaverroes.juntadeandalucia.es\/educacionenvaloresdelegacionmalaga\/files\/2020\/12\/ies-el-palo-36x18.jpg 36w, https:\/\/blogsaverroes.juntadeandalucia.es\/educacionenvaloresdelegacionmalaga\/files\/2020\/12\/ies-el-palo-48x24.jpg 48w, https:\/\/blogsaverroes.juntadeandalucia.es\/educacionenvaloresdelegacionmalaga\/files\/2020\/12\/ies-el-palo.jpg 316w\" sizes=\"(max-width: 365px) 100vw, 365px\" \/>El pasado 04 de noviembre se fallaron los premios del IV Concurso de iniciativas por la igualdad &#8220;Carmen Olmedo&#8221;, convocado por el Ayuntamiento de M\u00e1laga. En esta ocasi\u00f3n, el trabajo presentado por Elisabet Garc\u00eda Gil obtuvo el segundo puesto. Bajo el t\u00edtulo &#8220;Mapa de emplazamiento de g\u00e9nero&#8221;, la autora presentaba una experiencia desarrollada en clase durante su periodo de Pr\u00e1cticas dentro del Master del Profesorado realizado en el IES El Palo en la asignatura de Geograf\u00eda de Espa\u00f1a, durante el curso acad\u00e9mico&nbsp; 2017\/18. La actividad que se llev\u00f3 a cabo ten\u00eda como objetivo desarrollar las pedagog\u00edas cr\u00edticas y focalizar la atenci\u00f3n en el aprendizaje colaborativo y el aprendizaje servicio.&nbsp;<\/div>\n<div style=\"text-align: justify\">&nbsp;<\/div>\n<div style=\"text-align: justify\">Esta actividad se desarroll\u00f3 tanto dentro como fuera del aula a trav\u00e9s de la investigaci\u00f3n-acci\u00f3n. En una primera fase, se prepar\u00f3 a los estudiantes a trav\u00e9s de clases donde se explicaron los contenidos que conciernen a la historia urbana y su proceso espacial, centr\u00e1ndose en la capital malacitana y la implicaci\u00f3n que las mujeres tuvieron en ella. De esta manera, se plante\u00f3 un primer acercamiento a las cuestiones claves sobre la contextualizaci\u00f3n de la actividad propuesta. En una segunda fase, deb\u00edan realizar la actividad de manera individual y documentarse sobre ella. La producci\u00f3n final fue la de crear un mapa de emplazamiento de g\u00e9nero para crear referentes de mujeres en la ciudad. Un mapa interactivo donde se recog\u00edan puntos repartidos por la urbe y donde un indicador te informaba del hecho recogido por el alumnado.<img loading=\"lazy\" decoding=\"async\" class=\"alignright size-medium wp-image-17524\" src=\"https:\/\/blogsaverroes.juntadeandalucia.es\/educacionenvaloresdelegacionmalaga\/files\/2020\/12\/Imagen-mapa-de-la-ciudad-en-femenino-300x225.jpg\" alt=\"\" width=\"300\" height=\"225\" srcset=\"https:\/\/blogsaverroes.juntadeandalucia.es\/educacionenvaloresdelegacionmalaga\/files\/2020\/12\/Imagen-mapa-de-la-ciudad-en-femenino-300x225.jpg 300w, https:\/\/blogsaverroes.juntadeandalucia.es\/educacionenvaloresdelegacionmalaga\/files\/2020\/12\/Imagen-mapa-de-la-ciudad-en-femenino-1024x768.jpg 1024w, https:\/\/blogsaverroes.juntadeandalucia.es\/educacionenvaloresdelegacionmalaga\/files\/2020\/12\/Imagen-mapa-de-la-ciudad-en-femenino-768x576.jpg 768w, https:\/\/blogsaverroes.juntadeandalucia.es\/educacionenvaloresdelegacionmalaga\/files\/2020\/12\/Imagen-mapa-de-la-ciudad-en-femenino-24x18.jpg 24w, https:\/\/blogsaverroes.juntadeandalucia.es\/educacionenvaloresdelegacionmalaga\/files\/2020\/12\/Imagen-mapa-de-la-ciudad-en-femenino-36x27.jpg 36w, https:\/\/blogsaverroes.juntadeandalucia.es\/educacionenvaloresdelegacionmalaga\/files\/2020\/12\/Imagen-mapa-de-la-ciudad-en-femenino-48x36.jpg 48w, https:\/\/blogsaverroes.juntadeandalucia.es\/educacionenvaloresdelegacionmalaga\/files\/2020\/12\/Imagen-mapa-de-la-ciudad-en-femenino.jpg 1280w\" sizes=\"(max-width: 300px) 100vw, 300px\" \/><\/div>\n<div style=\"text-align: justify\">&nbsp;<\/div>\n<div style=\"text-align: justify\">Como ejemplo, a la entrada del puerto de M\u00e1laga se encuentra una escultura de Elena Laver\u00f3n. Pinchando sobre el indicador (foto adjunta)recogido en el mapa, se pod\u00eda leer la explicaci\u00f3n de la obra as\u00ed como una referencia a la autora ceut\u00ed tan vinculada con M\u00e1laga.&nbsp;<\/div>\n","protected":false},"excerpt":{"rendered":"<p>El pasado 04 de noviembre se fallaron los premios del IV Concurso de iniciativas por la igualdad &#8220;Carmen Olmedo&#8221;, convocado por el Ayuntamiento de M\u00e1laga. En esta ocasi\u00f3n, el trabajo presentado por Elisabet Garc\u00eda Gil obtuvo el segundo puesto. Bajo&#46;&#46;&#46;<\/p>\n","protected":false},"author":8104,"featured_media":17525,"comment_status":"open","ping_status":"open","sticky":false,"template":"","format":"standard","meta":{"ngg_post_thumbnail":0,"footnotes":""},"categories":[2144486,2144688,431,5,2145470,849,948],"tags":[],"aioseo_notices":[],"_links":{"self":[{"href":"https:\/\/blogsaverroes.juntadeandalucia.es\/educacionenvaloresdelegacionmalaga\/wp-json\/wp\/v2\/posts\/17523"}],"collection":[{"href":"https:\/\/blogsaverroes.juntadeandalucia.es\/educacionenvaloresdelegacionmalaga\/wp-json\/wp\/v2\/posts"}],"about":[{"href":"https:\/\/blogsaverroes.juntadeandalucia.es\/educacionenvaloresdelegacionmalaga\/wp-json\/wp\/v2\/types\/post"}],"author":[{"embeddable":true,"href":"https:\/\/blogsaverroes.juntadeandalucia.es\/educacionenvaloresdelegacionmalaga\/wp-json\/wp\/v2\/users\/8104"}],"replies":[{"embeddable":true,"href":"https:\/\/blogsaverroes.juntadeandalucia.es\/educacionenvaloresdelegacionmalaga\/wp-json\/wp\/v2\/comments?post=17523"}],"version-history":[{"count":3,"href":"https:\/\/blogsaverroes.juntadeandalucia.es\/educacionenvaloresdelegacionmalaga\/wp-json\/wp\/v2\/posts\/17523\/revisions"}],"predecessor-version":[{"id":17528,"href":"https:\/\/blogsaverroes.juntadeandalucia.es\/educacionenvaloresdelegacionmalaga\/wp-json\/wp\/v2\/posts\/17523\/revisions\/17528"}],"wp:featuredmedia":[{"embeddable":true,"href":"https:\/\/blogsaverroes.juntadeandalucia.es\/educacionenvaloresdelegacionmalaga\/wp-json\/wp\/v2\/media\/17525"}],"wp:attachment":[{"href":"https:\/\/blogsaverroes.juntadeandalucia.es\/educacionenvaloresdelegacionmalaga\/wp-json\/wp\/v2\/media?parent=17523"}],"wp:term":[{"taxonomy":"category","embeddable":true,"href":"https:\/\/blogsaverroes.juntadeandalucia.es\/educacionenvaloresdelegacionmalaga\/wp-json\/wp\/v2\/categories?post=17523"},{"taxonomy":"post_tag","embeddable":true,"href":"https:\/\/blogsaverroes.juntadeandalucia.es\/educacionenvaloresdelegacionmalaga\/wp-json\/wp\/v2\/tags?post=17523"}],"curies":[{"name":"wp","href":"https:\/\/api.w.org\/{rel}","templated":true}]}}