{"id":17537,"date":"2020-12-01T13:45:29","date_gmt":"2020-12-01T12:45:29","guid":{"rendered":"https:\/\/blogsaverroes.juntadeandalucia.es\/educacionenvaloresdelegacionmalaga\/?p=17537"},"modified":"2020-12-01T13:46:40","modified_gmt":"2020-12-01T12:46:40","slug":"rompiendo-techos-de-cristal-2020","status":"publish","type":"post","link":"https:\/\/blogsaverroes.juntadeandalucia.es\/educacionenvaloresdelegacionmalaga\/rompiendo-techos-de-cristal-2020\/","title":{"rendered":"Rompiendo Techos de Cristal 2020"},"content":{"rendered":"<div dir=\"auto\">\n<div>\n<div dir=\"auto\" style=\"text-align: justify\"><img loading=\"lazy\" decoding=\"async\" class=\" wp-image-17538 alignleft\" src=\"https:\/\/blogsaverroes.juntadeandalucia.es\/educacionenvaloresdelegacionmalaga\/files\/2020\/12\/sanchez-vico-300x240.jpg\" alt=\"\" width=\"394\" height=\"315\" srcset=\"https:\/\/blogsaverroes.juntadeandalucia.es\/educacionenvaloresdelegacionmalaga\/files\/2020\/12\/sanchez-vico-300x240.jpg 300w, https:\/\/blogsaverroes.juntadeandalucia.es\/educacionenvaloresdelegacionmalaga\/files\/2020\/12\/sanchez-vico-1024x819.jpg 1024w, https:\/\/blogsaverroes.juntadeandalucia.es\/educacionenvaloresdelegacionmalaga\/files\/2020\/12\/sanchez-vico-768x614.jpg 768w, https:\/\/blogsaverroes.juntadeandalucia.es\/educacionenvaloresdelegacionmalaga\/files\/2020\/12\/sanchez-vico-1536x1229.jpg 1536w, https:\/\/blogsaverroes.juntadeandalucia.es\/educacionenvaloresdelegacionmalaga\/files\/2020\/12\/sanchez-vico-2048x1638.jpg 2048w, https:\/\/blogsaverroes.juntadeandalucia.es\/educacionenvaloresdelegacionmalaga\/files\/2020\/12\/sanchez-vico-24x19.jpg 24w, https:\/\/blogsaverroes.juntadeandalucia.es\/educacionenvaloresdelegacionmalaga\/files\/2020\/12\/sanchez-vico-36x29.jpg 36w, https:\/\/blogsaverroes.juntadeandalucia.es\/educacionenvaloresdelegacionmalaga\/files\/2020\/12\/sanchez-vico-48x38.jpg 48w\" sizes=\"(max-width: 394px) 100vw, 394px\" \/>Con unos meses de retraso, a causa de la pandemia que estamos viviendo, por fin se ha podido celebrar en IES Al-Baytar de Benalm\u00e1dena la entrega de premios de la V Edici\u00f3n del concurso de microrrelatos coeducativos&nbsp; para la prevenci\u00f3n de la violencia de g\u00e9nero, ROMPIENDO TECHOS DE CRISTAL, organizado por el Proyecto de Igualdad de G\u00e9nero a trav\u00e9s de la Imagen, coordinado y organizado por la docente Mercedes S\u00e1nchez Vico,&nbsp; subvencionado por FDAPA y&nbsp; que cuenta con la colaboraci\u00f3n de la Delegaci\u00f3n de Educaci\u00f3n de M\u00e1laga.<\/div>\n<div style=\"text-align: justify\">&nbsp;<\/div>\n<div dir=\"auto\" style=\"text-align: justify\">Los MICRORRELATOS PREMIADOS de la V Edici\u00f3n han sido los siguientes:&nbsp;<\/div>\n<div dir=\"auto\" style=\"text-align: justify\">&nbsp;<\/div>\n<div dir=\"auto\" style=\"text-align: justify\">PRIMER PREMIO. &#8220;DIBUJANDO LA VIDA&#8221;. IES BAH\u00cdA DE MARBELLA. Nadia Cabezas Vargas.&nbsp;<\/div>\n<div dir=\"auto\" style=\"text-align: justify\">&nbsp;<\/div>\n<div dir=\"auto\" style=\"text-align: justify\">SEGUNDO PREMIO. &#8220;SOMOS&#8221;. \u00cdES MEDITERR\u00c1NEO DE ESTEPONA. Alicia L\u00f3pez P\u00e9rez.&nbsp;<\/div>\n<div dir=\"auto\" style=\"text-align: justify\">&nbsp;<\/div>\n<div dir=\"auto\" style=\"text-align: justify\">TERCER PREMIO. &#8220;MI SUE\u00d1O 74 A\u00d1OS DESPU\u00c9S&#8221; . ESCUELAS PROFESIONALES SAGRADA FAMILIA. Irina M\u00aa Hurtado \u00c1ngel.<\/div>\n<div dir=\"auto\" style=\"text-align: justify\">&nbsp;<\/div>\n<div dir=\"auto\" style=\"text-align: justify\">MENCI\u00d3N ESPECIAL<\/div>\n<div dir=\"auto\" style=\"text-align: justify\">&nbsp;<\/div>\n<div dir=\"auto\" style=\"text-align: justify\">&#8220;CUBO DE CRISTAL&#8221;. ESCUELAS PROFESIONALES SAGRADA FAMILIA. Celena Lucia Sosa Valenzuela.&nbsp;<\/div>\n<div dir=\"auto\" style=\"text-align: justify\">&nbsp;<\/div>\n<\/div>\n<div style=\"text-align: justify\">De nuevo, enhorabuena a todo el alumnado galardonado y a sus centros educativos por la gran labor de sensibilizaci\u00f3n realizada. <img loading=\"lazy\" decoding=\"async\" class=\"alignright size-medium wp-image-17539\" src=\"https:\/\/blogsaverroes.juntadeandalucia.es\/educacionenvaloresdelegacionmalaga\/files\/2020\/12\/sanchez-vico-3-300x240.png\" alt=\"\" width=\"300\" height=\"240\" srcset=\"https:\/\/blogsaverroes.juntadeandalucia.es\/educacionenvaloresdelegacionmalaga\/files\/2020\/12\/sanchez-vico-3-300x240.png 300w, https:\/\/blogsaverroes.juntadeandalucia.es\/educacionenvaloresdelegacionmalaga\/files\/2020\/12\/sanchez-vico-3-1024x819.png 1024w, https:\/\/blogsaverroes.juntadeandalucia.es\/educacionenvaloresdelegacionmalaga\/files\/2020\/12\/sanchez-vico-3-768x614.png 768w, https:\/\/blogsaverroes.juntadeandalucia.es\/educacionenvaloresdelegacionmalaga\/files\/2020\/12\/sanchez-vico-3-1536x1229.png 1536w, https:\/\/blogsaverroes.juntadeandalucia.es\/educacionenvaloresdelegacionmalaga\/files\/2020\/12\/sanchez-vico-3-24x19.png 24w, https:\/\/blogsaverroes.juntadeandalucia.es\/educacionenvaloresdelegacionmalaga\/files\/2020\/12\/sanchez-vico-3-36x29.png 36w, https:\/\/blogsaverroes.juntadeandalucia.es\/educacionenvaloresdelegacionmalaga\/files\/2020\/12\/sanchez-vico-3-48x38.png 48w, https:\/\/blogsaverroes.juntadeandalucia.es\/educacionenvaloresdelegacionmalaga\/files\/2020\/12\/sanchez-vico-3.png 2000w\" sizes=\"(max-width: 300px) 100vw, 300px\" \/><\/div>\n<div style=\"text-align: justify\">&nbsp;<\/div>\n<div style=\"text-align: justify\">Agradecer, igualmente, la gran participaci\u00f3n, un curso m\u00e1s, de much\u00edsimos centros de nuestra provincia&nbsp; y el alto grado de convocatoria alcanzado, lo que conlleva hacer visible el trabajo realizado y el compromiso de una educaci\u00f3n p\u00fablica y de calidad en la prevenci\u00f3n y erradicaci\u00f3n de esta terrible lacra social, que es la violencia de g\u00e9nero.<\/div>\n<\/div>\n<div dir=\"auto\" style=\"text-align: justify\">&nbsp;<\/div>\n<div dir=\"auto\" style=\"text-align: justify\">Al acto asistieron las siguientes autoridades: el Jefe del Servicio de Ordenaci\u00f3n Educativa, Juan Manuel Criado y los miembros del Gabinete de Convivencia e Igualdad de la Delegaci\u00f3n de Educaci\u00f3n de M\u00e1laga, el alcalde de Benalm\u00e1dena y responsable, igualmente, de la Concejal\u00eda de Igualdad, V\u00edctor Navas, la Concejala de Educaci\u00f3n y Cultura, Elena Gal\u00e1n y el Presidente de FDAPA, Enrique Medina.<\/div>\n<div dir=\"auto\" style=\"text-align: justify\">&nbsp;<\/div>\n<div dir=\"auto\" style=\"text-align: justify\"><img loading=\"lazy\" decoding=\"async\" class=\"size-medium wp-image-17540 alignleft\" src=\"https:\/\/blogsaverroes.juntadeandalucia.es\/educacionenvaloresdelegacionmalaga\/files\/2020\/12\/sanchez-vico-2-300x176.jpg\" alt=\"\" width=\"300\" height=\"176\" srcset=\"https:\/\/blogsaverroes.juntadeandalucia.es\/educacionenvaloresdelegacionmalaga\/files\/2020\/12\/sanchez-vico-2-300x176.jpg 300w, https:\/\/blogsaverroes.juntadeandalucia.es\/educacionenvaloresdelegacionmalaga\/files\/2020\/12\/sanchez-vico-2-1024x601.jpg 1024w, https:\/\/blogsaverroes.juntadeandalucia.es\/educacionenvaloresdelegacionmalaga\/files\/2020\/12\/sanchez-vico-2-768x451.jpg 768w, https:\/\/blogsaverroes.juntadeandalucia.es\/educacionenvaloresdelegacionmalaga\/files\/2020\/12\/sanchez-vico-2-1536x902.jpg 1536w, https:\/\/blogsaverroes.juntadeandalucia.es\/educacionenvaloresdelegacionmalaga\/files\/2020\/12\/sanchez-vico-2-2048x1203.jpg 2048w, https:\/\/blogsaverroes.juntadeandalucia.es\/educacionenvaloresdelegacionmalaga\/files\/2020\/12\/sanchez-vico-2-24x14.jpg 24w, https:\/\/blogsaverroes.juntadeandalucia.es\/educacionenvaloresdelegacionmalaga\/files\/2020\/12\/sanchez-vico-2-36x21.jpg 36w, https:\/\/blogsaverroes.juntadeandalucia.es\/educacionenvaloresdelegacionmalaga\/files\/2020\/12\/sanchez-vico-2-48x28.jpg 48w\" sizes=\"(max-width: 300px) 100vw, 300px\" \/>Adem\u00e1s este a\u00f1o, la Consejer\u00eda de Educaci\u00f3n, ha considerado como Buena Pr\u00e1ctica Educativa, la labor realizada por este concurso literario coeducativo y as\u00ed se ha dado a conocer en el II Encuentro de Aulas Violetas Andaluc\u00eda, que se celebr\u00f3 el 25 de noviembre de forma online. Os dejamos el enlace de dicha buena pr\u00e1ctica:<\/div>\n<div dir=\"auto\" style=\"text-align: justify\"><a href=\"https:\/\/www.youtube.com\/watch?v=vDIDQweQeV8&amp;list=PLJPCPgVXGWO6umlCS6vcQdMP6y8LyRKO0&amp;index=2&amp;fbclid=IwAR2-11V-4kTj8D6ic8WkiHX2ImjQvhUDA1swGcAo_IV9yboQUrwknNsamJ8\" target=\"_blank\" rel=\"noopener noreferrer\">Buena Pr\u00e1ctica Educativa Concurso ROMPIENDO TECHOS DE CRISTAL<\/a><\/div>\n<div dir=\"auto\" style=\"text-align: justify\">&nbsp;<\/div>\n<div dir=\"auto\" style=\"text-align: justify\">Ya se est\u00e1 preparando&nbsp;la VI Edici\u00f3n, que se convocar\u00e1, a trav\u00e9s de S\u00e9neca,&nbsp; para febrero de 2021 y cuyos premios ser\u00e1n dados a conocer el d\u00eda 8 de marzo. Esperamos, un a\u00f1o m\u00e1s, vuestros microrrelatos para seguir trabajando en la prevenci\u00f3n de la violencia de g\u00e9nero entre la poblaci\u00f3n adolescente.<\/div>\n","protected":false},"excerpt":{"rendered":"<p>Con unos meses de retraso, a causa de la pandemia que estamos viviendo, por fin se ha podido celebrar en IES Al-Baytar de Benalm\u00e1dena la entrega de premios de la V Edici\u00f3n del concurso de microrrelatos coeducativos&nbsp; para la prevenci\u00f3n&#46;&#46;&#46;<\/p>\n","protected":false},"author":8104,"featured_media":17538,"comment_status":"open","ping_status":"open","sticky":false,"template":"","format":"standard","meta":{"ngg_post_thumbnail":0,"footnotes":""},"categories":[2144486,2144688,431,2145470,849,948],"tags":[],"aioseo_notices":[],"_links":{"self":[{"href":"https:\/\/blogsaverroes.juntadeandalucia.es\/educacionenvaloresdelegacionmalaga\/wp-json\/wp\/v2\/posts\/17537"}],"collection":[{"href":"https:\/\/blogsaverroes.juntadeandalucia.es\/educacionenvaloresdelegacionmalaga\/wp-json\/wp\/v2\/posts"}],"about":[{"href":"https:\/\/blogsaverroes.juntadeandalucia.es\/educacionenvaloresdelegacionmalaga\/wp-json\/wp\/v2\/types\/post"}],"author":[{"embeddable":true,"href":"https:\/\/blogsaverroes.juntadeandalucia.es\/educacionenvaloresdelegacionmalaga\/wp-json\/wp\/v2\/users\/8104"}],"replies":[{"embeddable":true,"href":"https:\/\/blogsaverroes.juntadeandalucia.es\/educacionenvaloresdelegacionmalaga\/wp-json\/wp\/v2\/comments?post=17537"}],"version-history":[{"count":3,"href":"https:\/\/blogsaverroes.juntadeandalucia.es\/educacionenvaloresdelegacionmalaga\/wp-json\/wp\/v2\/posts\/17537\/revisions"}],"predecessor-version":[{"id":17543,"href":"https:\/\/blogsaverroes.juntadeandalucia.es\/educacionenvaloresdelegacionmalaga\/wp-json\/wp\/v2\/posts\/17537\/revisions\/17543"}],"wp:featuredmedia":[{"embeddable":true,"href":"https:\/\/blogsaverroes.juntadeandalucia.es\/educacionenvaloresdelegacionmalaga\/wp-json\/wp\/v2\/media\/17538"}],"wp:attachment":[{"href":"https:\/\/blogsaverroes.juntadeandalucia.es\/educacionenvaloresdelegacionmalaga\/wp-json\/wp\/v2\/media?parent=17537"}],"wp:term":[{"taxonomy":"category","embeddable":true,"href":"https:\/\/blogsaverroes.juntadeandalucia.es\/educacionenvaloresdelegacionmalaga\/wp-json\/wp\/v2\/categories?post=17537"},{"taxonomy":"post_tag","embeddable":true,"href":"https:\/\/blogsaverroes.juntadeandalucia.es\/educacionenvaloresdelegacionmalaga\/wp-json\/wp\/v2\/tags?post=17537"}],"curies":[{"name":"wp","href":"https:\/\/api.w.org\/{rel}","templated":true}]}}