{"id":17580,"date":"2020-12-04T09:09:50","date_gmt":"2020-12-04T08:09:50","guid":{"rendered":"https:\/\/blogsaverroes.juntadeandalucia.es\/educacionenvaloresdelegacionmalaga\/?p=17580"},"modified":"2020-12-04T09:09:50","modified_gmt":"2020-12-04T08:09:50","slug":"el-ies-carlinda-conmemora-el-3-de-diciembre-dia-de-las-diferentes-capacidades","status":"publish","type":"post","link":"https:\/\/blogsaverroes.juntadeandalucia.es\/educacionenvaloresdelegacionmalaga\/el-ies-carlinda-conmemora-el-3-de-diciembre-dia-de-las-diferentes-capacidades\/","title":{"rendered":"El IES Carlinda Conmemora el 3 de diciembre, d\u00eda de las Diferentes Capacidades"},"content":{"rendered":"<div style=\"text-align: justify\"><img loading=\"lazy\" decoding=\"async\" class=\" wp-image-17582 alignleft\" src=\"https:\/\/blogsaverroes.juntadeandalucia.es\/educacionenvaloresdelegacionmalaga\/files\/2020\/12\/ies-carlinda-300x194.png\" alt=\"\" width=\"384\" height=\"248\" srcset=\"https:\/\/blogsaverroes.juntadeandalucia.es\/educacionenvaloresdelegacionmalaga\/files\/2020\/12\/ies-carlinda-300x194.png 300w, https:\/\/blogsaverroes.juntadeandalucia.es\/educacionenvaloresdelegacionmalaga\/files\/2020\/12\/ies-carlinda-768x496.png 768w, https:\/\/blogsaverroes.juntadeandalucia.es\/educacionenvaloresdelegacionmalaga\/files\/2020\/12\/ies-carlinda-24x15.png 24w, https:\/\/blogsaverroes.juntadeandalucia.es\/educacionenvaloresdelegacionmalaga\/files\/2020\/12\/ies-carlinda-36x23.png 36w, https:\/\/blogsaverroes.juntadeandalucia.es\/educacionenvaloresdelegacionmalaga\/files\/2020\/12\/ies-carlinda-48x31.png 48w, https:\/\/blogsaverroes.juntadeandalucia.es\/educacionenvaloresdelegacionmalaga\/files\/2020\/12\/ies-carlinda.png 781w\" sizes=\"(max-width: 384px) 100vw, 384px\" \/>El 3 de Diciembre se celebra el D\u00eda de la Discapacidad (Diferentes Capacidades), desde el Instituto Carlinda hemos querido trabajar con nuestra comunidad educativa este d\u00eda desde la comprensi\u00f3n de las diferencias que todos tenemos y desde la visi\u00f3n de que todas las personas necesitamos seg\u00fan la faceta de nuestras vidas unos ritmos propios de desarrollo que no son iguales a los de otras personas. Transmitir que nadie es una categor\u00eda diagnostica sino mas bien un nombre propio que dibuja una vida \u00fanica e inigualable y que no podemos presionar a los dem\u00e1s para que se unan a nuestro modo de vivir.<\/div>\n<div style=\"text-align: justify\">&nbsp;<\/div>\n<div style=\"text-align: justify\">Para ello se ha elaborado un video con el alumnado del aula especifica y se ha creado una tarjeta que resume el sentir como claustro desde la imagen de una obra de arte realizada por el alumnado desde el \u00e1rea de educaci\u00f3n pl\u00e1stica y visual. (la tarjeta esta adjunta)<\/div>\n<div>&nbsp;<\/div>\n<div>El manifiesto dice as\u00ed:<\/div>\n<div style=\"text-align: justify\">Educar en el respeto a los espacios, en la confianza en los procesos, en los ritmos personales, en las distintas formas de caminar, de sentir, de mirar, de ser.<\/div>\n<div>\n<div class=\"page\" title=\"Page 2\">\n<div class=\"layoutArea\">\n<div class=\"column\">\n<p style=\"text-align: justify\">Nadie ama igual, cada persona tiene su propia forma de dibujar los trazos y entender el mundo.<br \/>\nLa educacio\u0301n especial es la de todas las personas, porque nadie hay que no sea especial, necesitamos nuestros propios tiempos para alcanzar el final de la senda, o el comienzo de otro recorrido, elegir las bifurcaciones, los giros, los atajos&#8230;<br \/>\nDefendemos una educacio\u0301n que cree en la capacidad de todo ser humano, sin etiquetas que explican poco de las personas que las portan. Educar en la diversidad, en la discapacidad como oportunidad de aprender nuevas maneras de compartir el camino, de parar la prisa de una sociedad acelerada.<br \/>\nUna educacio\u0301n que aprende a hablar con las manos, con las miradas, con los abrazos, que sabe desplazarse de mil formas distintas, que tiene muchos colores y muchos acentos&#8230;hoy en el IES CARLINDA es el di\u0301a de la capacidad&#8230;de la capacidad que tenemos de amar al otro utilizando nombres propios.<\/p>\n<p style=\"text-align: justify\"><img loading=\"lazy\" decoding=\"async\" class=\"size-full wp-image-17583 alignleft\" src=\"https:\/\/blogsaverroes.juntadeandalucia.es\/educacionenvaloresdelegacionmalaga\/files\/2020\/12\/c\u00f3digo-qr.png\" alt=\"\" width=\"161\" height=\"186\" srcset=\"https:\/\/blogsaverroes.juntadeandalucia.es\/educacionenvaloresdelegacionmalaga\/files\/2020\/12\/c\u00f3digo-qr.png 161w, https:\/\/blogsaverroes.juntadeandalucia.es\/educacionenvaloresdelegacionmalaga\/files\/2020\/12\/c\u00f3digo-qr-21x24.png 21w, https:\/\/blogsaverroes.juntadeandalucia.es\/educacionenvaloresdelegacionmalaga\/files\/2020\/12\/c\u00f3digo-qr-31x36.png 31w, https:\/\/blogsaverroes.juntadeandalucia.es\/educacionenvaloresdelegacionmalaga\/files\/2020\/12\/c\u00f3digo-qr-42x48.png 42w\" sizes=\"(max-width: 161px) 100vw, 161px\" \/>Porque \u201cincluir no es dejar entrar&#8230; es siempre dar la bienvenida\u201d.<\/p>\n<p>A nuestro alumnado&#8230;con nombre propio IES CARLINDA<br \/>\n3 DICIEMBRE 2020<\/p>\n<p><a href=\"https:\/\/blogsaverroes.juntadeandalucia.es\/educacionenvaloresdelegacionmalaga\/files\/2020\/12\/tarjeta-CON-CODIGO-carlinda.pdf\">tarjeta CON CODIGO carlinda<\/a><\/p>\n<\/div>\n<\/div>\n<\/div>\n<\/div>\n","protected":false},"excerpt":{"rendered":"<p>El 3 de Diciembre se celebra el D\u00eda de la Discapacidad (Diferentes Capacidades), desde el Instituto Carlinda hemos querido trabajar con nuestra comunidad educativa este d\u00eda desde la comprensi\u00f3n de las diferencias que todos tenemos y desde la visi\u00f3n de&#46;&#46;&#46;<\/p>\n","protected":false},"author":8104,"featured_media":17582,"comment_status":"open","ping_status":"open","sticky":false,"template":"","format":"standard","meta":{"ngg_post_thumbnail":0,"footnotes":""},"categories":[2144688,854,2144991,3981,1214057],"tags":[],"aioseo_notices":[],"_links":{"self":[{"href":"https:\/\/blogsaverroes.juntadeandalucia.es\/educacionenvaloresdelegacionmalaga\/wp-json\/wp\/v2\/posts\/17580"}],"collection":[{"href":"https:\/\/blogsaverroes.juntadeandalucia.es\/educacionenvaloresdelegacionmalaga\/wp-json\/wp\/v2\/posts"}],"about":[{"href":"https:\/\/blogsaverroes.juntadeandalucia.es\/educacionenvaloresdelegacionmalaga\/wp-json\/wp\/v2\/types\/post"}],"author":[{"embeddable":true,"href":"https:\/\/blogsaverroes.juntadeandalucia.es\/educacionenvaloresdelegacionmalaga\/wp-json\/wp\/v2\/users\/8104"}],"replies":[{"embeddable":true,"href":"https:\/\/blogsaverroes.juntadeandalucia.es\/educacionenvaloresdelegacionmalaga\/wp-json\/wp\/v2\/comments?post=17580"}],"version-history":[{"count":1,"href":"https:\/\/blogsaverroes.juntadeandalucia.es\/educacionenvaloresdelegacionmalaga\/wp-json\/wp\/v2\/posts\/17580\/revisions"}],"predecessor-version":[{"id":17584,"href":"https:\/\/blogsaverroes.juntadeandalucia.es\/educacionenvaloresdelegacionmalaga\/wp-json\/wp\/v2\/posts\/17580\/revisions\/17584"}],"wp:featuredmedia":[{"embeddable":true,"href":"https:\/\/blogsaverroes.juntadeandalucia.es\/educacionenvaloresdelegacionmalaga\/wp-json\/wp\/v2\/media\/17582"}],"wp:attachment":[{"href":"https:\/\/blogsaverroes.juntadeandalucia.es\/educacionenvaloresdelegacionmalaga\/wp-json\/wp\/v2\/media?parent=17580"}],"wp:term":[{"taxonomy":"category","embeddable":true,"href":"https:\/\/blogsaverroes.juntadeandalucia.es\/educacionenvaloresdelegacionmalaga\/wp-json\/wp\/v2\/categories?post=17580"},{"taxonomy":"post_tag","embeddable":true,"href":"https:\/\/blogsaverroes.juntadeandalucia.es\/educacionenvaloresdelegacionmalaga\/wp-json\/wp\/v2\/tags?post=17580"}],"curies":[{"name":"wp","href":"https:\/\/api.w.org\/{rel}","templated":true}]}}