{"id":18596,"date":"2021-05-27T08:35:38","date_gmt":"2021-05-27T06:35:38","guid":{"rendered":"https:\/\/blogsaverroes.juntadeandalucia.es\/educacionenvaloresdelegacionmalaga\/?p=18596"},"modified":"2021-05-27T08:36:04","modified_gmt":"2021-05-27T06:36:04","slug":"la-novedosa-experiencia-de-la-estimulacion-neuropsicomotriz-en-el-ceip-ciudad-de-oscua","status":"publish","type":"post","link":"https:\/\/blogsaverroes.juntadeandalucia.es\/educacionenvaloresdelegacionmalaga\/la-novedosa-experiencia-de-la-estimulacion-neuropsicomotriz-en-el-ceip-ciudad-de-oscua\/","title":{"rendered":"La Novedosa Experiencia de la Estimulaci\u00f3n Neuropsicomotriz en el CEIP Ciudad de Oscua"},"content":{"rendered":"<p align=\"justify\"><img loading=\"lazy\" decoding=\"async\" class=\" wp-image-18597 alignleft\" src=\"https:\/\/blogsaverroes.juntadeandalucia.es\/educacionenvaloresdelegacionmalaga\/files\/2021\/05\/ciudad-de-oscua.jpg\" alt=\"\" width=\"308\" height=\"231\">Los alumnos y alumnas de infantil del <a href=\"http:\/\/redcentros.ced.junta-andalucia.es\/centros-tic\/29001297\/helvia\/sitio\/\">CEIP CIUDAD DE OSCUA<\/a> de Villanueva de la Concepci\u00f3n, van a disfrutar de una novedosa experiencia, a trav\u00e9s de la cual, van a realizar diariamente un CIRCUITO DE ESTIMULACI\u00d3N NEUROPSICOMOTRIZ.<\/p>\n<p align=\"justify\">La novedosa iniciativa est\u00e1 basada en los \u00faltimos estudios en neuroeducaci\u00f3n y consiste en que durante el camino de entrada a clase, el alumnado realice una completa gama de ejercicios de estimulaci\u00f3n, encaminados a la mejora de la lectura, la escritura, los conceptos matem\u00e1ticos, entre otras muchas ventajas. Con esta medida se consiguen m\u00faltiples beneficios dif\u00edciles de conseguir con los m\u00e9todos tradicionales, se consigue ampliar el tiempo dedicado a la psicomotrocidad garantizando unos m\u00ednimos diarios, se mejora la atenci\u00f3n y predisposici\u00f3n al aprendizaje en las primeras horas del d\u00eda y, como no, se lograr la maduraci\u00f3n de sistema neuronal que es preciso para el aprendizaje.<img loading=\"lazy\" decoding=\"async\" class=\"alignright size-medium wp-image-18598\" src=\"https:\/\/blogsaverroes.juntadeandalucia.es\/educacionenvaloresdelegacionmalaga\/files\/2021\/05\/ciudad-de-oscua-2-300x225.png\" alt=\"\" width=\"300\" height=\"225\" srcset=\"https:\/\/blogsaverroes.juntadeandalucia.es\/educacionenvaloresdelegacionmalaga\/files\/2021\/05\/ciudad-de-oscua-2-300x225.png 300w, https:\/\/blogsaverroes.juntadeandalucia.es\/educacionenvaloresdelegacionmalaga\/files\/2021\/05\/ciudad-de-oscua-2-1024x768.png 1024w, https:\/\/blogsaverroes.juntadeandalucia.es\/educacionenvaloresdelegacionmalaga\/files\/2021\/05\/ciudad-de-oscua-2-768x576.png 768w, https:\/\/blogsaverroes.juntadeandalucia.es\/educacionenvaloresdelegacionmalaga\/files\/2021\/05\/ciudad-de-oscua-2-1536x1152.png 1536w, https:\/\/blogsaverroes.juntadeandalucia.es\/educacionenvaloresdelegacionmalaga\/files\/2021\/05\/ciudad-de-oscua-2.png 1686w\" sizes=\"(max-width: 300px) 100vw, 300px\" \/><\/p>\n<p align=\"justify\">La iniciativa, que parte desde una base cient\u00edfica, ha sido apoyada y subvencionada por el Ayuntamiento de la localidad y la AMPA del centro. En su elaboraci\u00f3n han participado y colaborado madres y padres del centro, maestras en pr\u00e1cticas de las universidades de M\u00e1laga y Granada, as\u00ed como profesorado, personal de administraci\u00f3n y alumnado del centro de todos los niveles. Todo un ejemplo de trabajo en equipo.<\/p>\n<p align=\"justify\">Con este circuito el centro quiere dar continuidad a su programa de PREVENCI\u00d3N DE DIFICULTADES que se basa en la importancia de trabajar en edades tempranas para evitar y prevenir el fracaso escolar y de evitar seguir engrosando el censo de alumnado de necesidades educativas especiales. El centro cuenta con un completo programa de detecci\u00f3n de dificultades como la dislexia, problemas visuales, de discriminaci\u00f3n auditiva o de lateralidad y, con la incorporaci\u00f3n del circuito, se da respuesta a la necesidad de implementar un programa de intervenci\u00f3n eficaz para muchos de estos problemas.<\/p>\n<p align=\"justify\">Gateo, arrastre, desplazamiento contralateral, giros&#8230; todo pensado para que, justo antes de entrar a clase a las nueve de la ma\u00f1ana, nuestro peque\u00f1os ya hayan realizado buena parte del trabajo que el cerebro y el cuerpo requieren adem\u00e1s de, pasar un rato s\u00faper divertido en nuestro &#8220;circuito por el mundo mundo animal&#8221; que tanto les est\u00e1 gustando.<\/p>\n<p><a href=\"https:\/\/www.youtube.com\/watch?v=qNbrvebWb-I\"><span style=\"color: #1155cc\"><u>\u00bfQuieres verlo?<\/u><\/span><\/a><\/p>\n<p><a href=\"http:\/\/villanuevaeduca.blogspot.com\/2021\/05\/entrar-al-cole-estimulando-nuestro.html\">ENLACE BLOG<\/a><\/p>\n<p><a href=\"https:\/\/www.youtube.com\/watch?v=qNbrvebWb-I\">ENLACE AL V\u00cdDEO DEL CIRCUITO<\/a><\/p>\n","protected":false},"excerpt":{"rendered":"<p>Los alumnos y alumnas de infantil del CEIP CIUDAD DE OSCUA de Villanueva de la Concepci\u00f3n, van a disfrutar de una novedosa experiencia, a trav\u00e9s de la cual, van a realizar diariamente un CIRCUITO DE ESTIMULACI\u00d3N NEUROPSICOMOTRIZ. La novedosa iniciativa&#46;&#46;&#46;<\/p>\n","protected":false},"author":8104,"featured_media":18597,"comment_status":"open","ping_status":"open","sticky":false,"template":"","format":"standard","meta":{"ngg_post_thumbnail":0,"footnotes":""},"categories":[2144688,2712,28,849],"tags":[],"aioseo_notices":[],"_links":{"self":[{"href":"https:\/\/blogsaverroes.juntadeandalucia.es\/educacionenvaloresdelegacionmalaga\/wp-json\/wp\/v2\/posts\/18596"}],"collection":[{"href":"https:\/\/blogsaverroes.juntadeandalucia.es\/educacionenvaloresdelegacionmalaga\/wp-json\/wp\/v2\/posts"}],"about":[{"href":"https:\/\/blogsaverroes.juntadeandalucia.es\/educacionenvaloresdelegacionmalaga\/wp-json\/wp\/v2\/types\/post"}],"author":[{"embeddable":true,"href":"https:\/\/blogsaverroes.juntadeandalucia.es\/educacionenvaloresdelegacionmalaga\/wp-json\/wp\/v2\/users\/8104"}],"replies":[{"embeddable":true,"href":"https:\/\/blogsaverroes.juntadeandalucia.es\/educacionenvaloresdelegacionmalaga\/wp-json\/wp\/v2\/comments?post=18596"}],"version-history":[{"count":1,"href":"https:\/\/blogsaverroes.juntadeandalucia.es\/educacionenvaloresdelegacionmalaga\/wp-json\/wp\/v2\/posts\/18596\/revisions"}],"predecessor-version":[{"id":18599,"href":"https:\/\/blogsaverroes.juntadeandalucia.es\/educacionenvaloresdelegacionmalaga\/wp-json\/wp\/v2\/posts\/18596\/revisions\/18599"}],"wp:featuredmedia":[{"embeddable":true,"href":"https:\/\/blogsaverroes.juntadeandalucia.es\/educacionenvaloresdelegacionmalaga\/wp-json\/wp\/v2\/media\/18597"}],"wp:attachment":[{"href":"https:\/\/blogsaverroes.juntadeandalucia.es\/educacionenvaloresdelegacionmalaga\/wp-json\/wp\/v2\/media?parent=18596"}],"wp:term":[{"taxonomy":"category","embeddable":true,"href":"https:\/\/blogsaverroes.juntadeandalucia.es\/educacionenvaloresdelegacionmalaga\/wp-json\/wp\/v2\/categories?post=18596"},{"taxonomy":"post_tag","embeddable":true,"href":"https:\/\/blogsaverroes.juntadeandalucia.es\/educacionenvaloresdelegacionmalaga\/wp-json\/wp\/v2\/tags?post=18596"}],"curies":[{"name":"wp","href":"https:\/\/api.w.org\/{rel}","templated":true}]}}