{"id":20140,"date":"2022-09-02T12:26:43","date_gmt":"2022-09-02T10:26:43","guid":{"rendered":"https:\/\/blogsaverroes.juntadeandalucia.es\/educacionenvaloresdelegacionmalaga\/?p=20140"},"modified":"2022-09-02T12:26:43","modified_gmt":"2022-09-02T10:26:43","slug":"recordatorio-sobre-la-certificacion-de-la-coordinacion-del-plan-de-igualdad-durante-el-curso-escolar-2021-22","status":"publish","type":"post","link":"https:\/\/blogsaverroes.juntadeandalucia.es\/educacionenvaloresdelegacionmalaga\/recordatorio-sobre-la-certificacion-de-la-coordinacion-del-plan-de-igualdad-durante-el-curso-escolar-2021-22\/","title":{"rendered":"Recordatorio sobre la certificaci\u00f3n de la coordinaci\u00f3n del Plan de Igualdad durante el curso escolar 2021\/22"},"content":{"rendered":"<p style=\"text-align: justify\"><img loading=\"lazy\" decoding=\"async\" class=\" wp-image-20141 alignleft\" src=\"https:\/\/blogsaverroes.juntadeandalucia.es\/educacionenvaloresdelegacionmalaga\/files\/2022\/09\/P-Igualdad-300x268.jpeg\" alt=\"\" width=\"319\" height=\"285\" srcset=\"https:\/\/blogsaverroes.juntadeandalucia.es\/educacionenvaloresdelegacionmalaga\/files\/2022\/09\/P-Igualdad-300x268.jpeg 300w, https:\/\/blogsaverroes.juntadeandalucia.es\/educacionenvaloresdelegacionmalaga\/files\/2022\/09\/P-Igualdad-1024x915.jpeg 1024w, https:\/\/blogsaverroes.juntadeandalucia.es\/educacionenvaloresdelegacionmalaga\/files\/2022\/09\/P-Igualdad-768x686.jpeg 768w, https:\/\/blogsaverroes.juntadeandalucia.es\/educacionenvaloresdelegacionmalaga\/files\/2022\/09\/P-Igualdad.jpeg 1080w\" sizes=\"(max-width: 319px) 100vw, 319px\" \/>Para la obtenci\u00f3n del certificado de coordinaci\u00f3n del Plan de Igualdad de G\u00e9nero durante el pasado curso 2021\/22 <strong>ser\u00e1n requisitos indispensables<\/strong> los especificados en los Segundos Encuentros de Igualdad, celebrados el pasado mes de mayo.<\/p>\n<p style=\"text-align: justify\">Cumplidos los anteriores requisitos, las Delegaciones Territoriales generan los certificados a trav\u00e9s del sistema de Informaci\u00f3n S\u00e9neca y cada persona coordinadora podr\u00e1 consultar y descargar su certificaci\u00f3n desde el apartado \u201c<strong>Centro \/ Premios y proyectos educativos \/ Certificaciones de participaci\u00f3n<\/strong>\u201d de su perfil como&nbsp;<strong>profesorado<\/strong>&nbsp;en S\u00e9neca. Estos certificados estar\u00e1n disponibles, una vez haya terminado el plazo para la cumplimentaci\u00f3n de los informe de valoraci\u00f3n y la cumplimentaci\u00f3n en s\u00e9neca de la casilla en la que hay con la fecha del consejo escolar en el que se valor\u00f3 positivamente las actuaciones realzadas desde la coordinaci\u00f3n del plan de igualdad .<\/p>\n<p style=\"text-align: justify\">La Consejer\u00eda de Educaci\u00f3n y Deporte reconocer\u00e1 la coordinaci\u00f3n del Plan de Igualdad de G\u00e9nero como m\u00e9rito espec\u00edfico en las convocatorias y concursos dirigidos al personal docente, a los efectos legalmente establecidos o que se pudieran establecer. En este sentido, se considerar\u00e1 equivalente a la Coordinaci\u00f3n de Ciclo y Jefatura de Departamento, seg\u00fan corresponda.<\/p>\n<p style=\"text-align: justify\">El desarrollo del&nbsp;<a href=\"http:\/\/portal.ced.junta-andalucia.es\/educacion\/webportal\/web\/portal-de-igualdad\/plan-de-igualdad\" target=\"_blank\" rel=\"noopener noreferrer\">Plan de Igualdad<\/a>&nbsp;en el centro es responsabilidad de toda la comunidad educativa. Su elaboraci\u00f3n e inclusi\u00f3n en el proyecto educativo corresponde al Equipo Directivo con el asesoramiento del&nbsp; coordinador o coordinadora y con la participaci\u00f3n de todo el claustro, que recoger\u00e1 las actuaciones en materia de igualdad, coeducaci\u00f3n y prevenci\u00f3n de la violencia de g\u00e9nero a desarrollar en el centro.<\/p>\n<p style=\"text-align: justify\"><strong>Recordamos la&nbsp;obligatoriedad de nombrar una persona coordinadora del Plan de Igualdad durante el curso 2022\/23 (antes del 30 de septiembre).<\/strong><\/p>\n","protected":false},"excerpt":{"rendered":"<p>Para la obtenci\u00f3n del certificado de coordinaci\u00f3n del Plan de Igualdad de G\u00e9nero durante el pasado curso 2021\/22 ser\u00e1n requisitos indispensables los especificados en los Segundos Encuentros de Igualdad, celebrados el pasado mes de mayo. Cumplidos los anteriores requisitos, las&#46;&#46;&#46;<\/p>\n","protected":false},"author":8104,"featured_media":20141,"comment_status":"open","ping_status":"open","sticky":false,"template":"","format":"standard","meta":{"ngg_post_thumbnail":0,"footnotes":""},"categories":[2144486,3841,5,2145470],"tags":[],"aioseo_notices":[],"_links":{"self":[{"href":"https:\/\/blogsaverroes.juntadeandalucia.es\/educacionenvaloresdelegacionmalaga\/wp-json\/wp\/v2\/posts\/20140"}],"collection":[{"href":"https:\/\/blogsaverroes.juntadeandalucia.es\/educacionenvaloresdelegacionmalaga\/wp-json\/wp\/v2\/posts"}],"about":[{"href":"https:\/\/blogsaverroes.juntadeandalucia.es\/educacionenvaloresdelegacionmalaga\/wp-json\/wp\/v2\/types\/post"}],"author":[{"embeddable":true,"href":"https:\/\/blogsaverroes.juntadeandalucia.es\/educacionenvaloresdelegacionmalaga\/wp-json\/wp\/v2\/users\/8104"}],"replies":[{"embeddable":true,"href":"https:\/\/blogsaverroes.juntadeandalucia.es\/educacionenvaloresdelegacionmalaga\/wp-json\/wp\/v2\/comments?post=20140"}],"version-history":[{"count":1,"href":"https:\/\/blogsaverroes.juntadeandalucia.es\/educacionenvaloresdelegacionmalaga\/wp-json\/wp\/v2\/posts\/20140\/revisions"}],"predecessor-version":[{"id":20142,"href":"https:\/\/blogsaverroes.juntadeandalucia.es\/educacionenvaloresdelegacionmalaga\/wp-json\/wp\/v2\/posts\/20140\/revisions\/20142"}],"wp:featuredmedia":[{"embeddable":true,"href":"https:\/\/blogsaverroes.juntadeandalucia.es\/educacionenvaloresdelegacionmalaga\/wp-json\/wp\/v2\/media\/20141"}],"wp:attachment":[{"href":"https:\/\/blogsaverroes.juntadeandalucia.es\/educacionenvaloresdelegacionmalaga\/wp-json\/wp\/v2\/media?parent=20140"}],"wp:term":[{"taxonomy":"category","embeddable":true,"href":"https:\/\/blogsaverroes.juntadeandalucia.es\/educacionenvaloresdelegacionmalaga\/wp-json\/wp\/v2\/categories?post=20140"},{"taxonomy":"post_tag","embeddable":true,"href":"https:\/\/blogsaverroes.juntadeandalucia.es\/educacionenvaloresdelegacionmalaga\/wp-json\/wp\/v2\/tags?post=20140"}],"curies":[{"name":"wp","href":"https:\/\/api.w.org\/{rel}","templated":true}]}}