{"id":2245,"date":"2012-04-24T20:27:34","date_gmt":"2012-04-24T18:27:34","guid":{"rendered":"http:\/\/www.educacionenmalaga.es\/valores\/?p=2245"},"modified":"2012-04-24T20:27:34","modified_gmt":"2012-04-24T18:27:34","slug":"danzas-africanas-en-el-ies-al-baytar-de-benalmadena","status":"publish","type":"post","link":"https:\/\/blogsaverroes.juntadeandalucia.es\/educacionenvaloresdelegacionmalaga\/danzas-africanas-en-el-ies-al-baytar-de-benalmadena\/","title":{"rendered":"Danzas Africanas en el IES Al-Baytar de Benalm\u00e1dena"},"content":{"rendered":"<p style=\"text-align: justify\"><a href=\"http:\/\/www.educacionenmalaga.es\/valores\/files\/2012\/04\/DANZAS-AFRICANAS-IES-ALBAYTAR2.jpg\"><img loading=\"lazy\" decoding=\"async\" class=\"alignleft size-medium wp-image-2249\" title=\"DANZAS AFRICANAS IES ALBAYTAR2\" src=\"http:\/\/www.educacionenmalaga.es\/valores\/files\/2012\/04\/DANZAS-AFRICANAS-IES-ALBAYTAR2-300x225.jpg\" alt=\"\" width=\"300\" height=\"225\" srcset=\"https:\/\/blogsaverroes.juntadeandalucia.es\/educacionenvaloresdelegacionmalaga\/files\/2012\/04\/DANZAS-AFRICANAS-IES-ALBAYTAR2-300x225.jpg 300w, https:\/\/blogsaverroes.juntadeandalucia.es\/educacionenvaloresdelegacionmalaga\/files\/2012\/04\/DANZAS-AFRICANAS-IES-ALBAYTAR2-768x576.jpg 768w, https:\/\/blogsaverroes.juntadeandalucia.es\/educacionenvaloresdelegacionmalaga\/files\/2012\/04\/DANZAS-AFRICANAS-IES-ALBAYTAR2-1024x768.jpg 1024w, https:\/\/blogsaverroes.juntadeandalucia.es\/educacionenvaloresdelegacionmalaga\/files\/2012\/04\/DANZAS-AFRICANAS-IES-ALBAYTAR2-24x18.jpg 24w, https:\/\/blogsaverroes.juntadeandalucia.es\/educacionenvaloresdelegacionmalaga\/files\/2012\/04\/DANZAS-AFRICANAS-IES-ALBAYTAR2-36x27.jpg 36w, https:\/\/blogsaverroes.juntadeandalucia.es\/educacionenvaloresdelegacionmalaga\/files\/2012\/04\/DANZAS-AFRICANAS-IES-ALBAYTAR2-48x36.jpg 48w\" sizes=\"(max-width: 300px) 100vw, 300px\" \/><\/a>El 23 de Abril de 2012 se celebraron en el gimnasio del <em>IES Al-Baytar de Benalm\u00e1dena<\/em> unas <span style=\"text-decoration: underline\"><strong>Jornadas de Danzas Africanas<\/strong><\/span> organizadas por el Departamento de Educaci\u00f3n F\u00edsica y el Departamento de Interculturalidad, a las que asistieron varios grupos de alumnado de Secundaria \u00a0y el aula de ATAL del centro.<\/p>\n<p style=\"text-align: justify\">La profesora de <strong>danzas del mundo<\/strong> <em>Loli Romer<\/em>o tuvo la gran amabilidad de asistir al centro para compartir sus conocimientos y sus grandes cualidades en el campo de los bailes y danzas internacionales con alumnado y profesorado del Instituto.<br \/>\nTanto los movimientos como la m\u00fasica invitan a estar felices y practicar esta actividad din\u00e1mica de una manera totalmente agradable.<\/p>\n<p style=\"text-align: justify\">El alumnado asistente a las Jornadas qued\u00f3 maravillado con esta actividad y la consider\u00f3 muy interesante y amena, pidiendo incluso que se volvieran a llevar a cabo en el centro.<\/p>\n\n<p style=\"text-align: justify\">&nbsp;<\/p>\n","protected":false},"excerpt":{"rendered":"<p>El 23 de Abril de 2012 se celebraron en el gimnasio del IES Al-Baytar de Benalm\u00e1dena unas Jornadas de Danzas Africanas organizadas por el Departamento de Educaci\u00f3n F\u00edsica y el Departamento de Interculturalidad, a las que asistieron varios grupos de&#46;&#46;&#46;<\/p>\n","protected":false},"author":8104,"featured_media":0,"comment_status":"open","ping_status":"open","sticky":false,"template":"","format":"standard","meta":{"ngg_post_thumbnail":0,"footnotes":""},"categories":[11909],"tags":[946],"aioseo_notices":[],"_links":{"self":[{"href":"https:\/\/blogsaverroes.juntadeandalucia.es\/educacionenvaloresdelegacionmalaga\/wp-json\/wp\/v2\/posts\/2245"}],"collection":[{"href":"https:\/\/blogsaverroes.juntadeandalucia.es\/educacionenvaloresdelegacionmalaga\/wp-json\/wp\/v2\/posts"}],"about":[{"href":"https:\/\/blogsaverroes.juntadeandalucia.es\/educacionenvaloresdelegacionmalaga\/wp-json\/wp\/v2\/types\/post"}],"author":[{"embeddable":true,"href":"https:\/\/blogsaverroes.juntadeandalucia.es\/educacionenvaloresdelegacionmalaga\/wp-json\/wp\/v2\/users\/8104"}],"replies":[{"embeddable":true,"href":"https:\/\/blogsaverroes.juntadeandalucia.es\/educacionenvaloresdelegacionmalaga\/wp-json\/wp\/v2\/comments?post=2245"}],"version-history":[{"count":0,"href":"https:\/\/blogsaverroes.juntadeandalucia.es\/educacionenvaloresdelegacionmalaga\/wp-json\/wp\/v2\/posts\/2245\/revisions"}],"wp:attachment":[{"href":"https:\/\/blogsaverroes.juntadeandalucia.es\/educacionenvaloresdelegacionmalaga\/wp-json\/wp\/v2\/media?parent=2245"}],"wp:term":[{"taxonomy":"category","embeddable":true,"href":"https:\/\/blogsaverroes.juntadeandalucia.es\/educacionenvaloresdelegacionmalaga\/wp-json\/wp\/v2\/categories?post=2245"},{"taxonomy":"post_tag","embeddable":true,"href":"https:\/\/blogsaverroes.juntadeandalucia.es\/educacionenvaloresdelegacionmalaga\/wp-json\/wp\/v2\/tags?post=2245"}],"curies":[{"name":"wp","href":"https:\/\/api.w.org\/{rel}","templated":true}]}}