{"id":3260,"date":"2012-09-18T14:21:04","date_gmt":"2012-09-18T12:21:04","guid":{"rendered":"http:\/\/www.educacionenmalaga.es\/valores\/?p=3260"},"modified":"2012-09-18T14:21:04","modified_gmt":"2012-09-18T12:21:04","slug":"informacion-sobre-el-desarrollo-del-plan-de-igualdad-entre-hombres-y-mujeres-en-los-centros-educativos","status":"publish","type":"post","link":"https:\/\/blogsaverroes.juntadeandalucia.es\/educacionenvaloresdelegacionmalaga\/informacion-sobre-el-desarrollo-del-plan-de-igualdad-entre-hombres-y-mujeres-en-los-centros-educativos\/","title":{"rendered":"Informaci\u00f3n sobre el desarrollo del Plan de Igualdad entre Hombres y Mujeres en los centros educativos"},"content":{"rendered":"<p style=\"text-align: justify\"><a href=\"http:\/\/www.educacionenmalaga.es\/valores\/files\/2012\/09\/logo-i-plan-de-igualdad.gif\"><img loading=\"lazy\" decoding=\"async\" class=\"alignright size-full wp-image-3261\" title=\"logo i plan de igualdad\" src=\"http:\/\/www.educacionenmalaga.es\/valores\/files\/2012\/09\/logo-i-plan-de-igualdad.gif\" alt=\"\" width=\"120\" height=\"170\" \/><\/a>Estimadas compa\u00f1eras y compa\u00f1eros,<\/p>\n<p style=\"text-align: justify\">En relaci\u00f3n con la aplicaci\u00f3n del I Plan de Igualdad entre Hombres y Mujeres en Educaci\u00f3n durante el presente curso 2012-2013, presentamos adjunta informaci\u00f3n sobre el desarrollo del Plan de Igualdad entre Hombres y Mujeres en los centros educativos y orientaciones para la planificaci\u00f3n de actuaciones en el \u00e1mbito de la igualdad.<\/p>\n<p style=\"text-align: justify\">Este escrito ha sido enviado por el Director General de Participaci\u00f3n y Equidad a la Delegada Territorial y ha sido puesto a disposici\u00f3n de los centros a trav\u00e9s del Sistema de Informaci\u00f3n S\u00e9neca. En esta informaci\u00f3n se incorporan las referencias a la normativa vigente sobre el tema, as\u00ed como sugerencias de actuaci\u00f3n para facilitar su labor a las personas responsables de esta funciones.<\/p>\n<p style=\"text-align: justify\"><a href=\"http:\/\/www.educacionenmalaga.es\/valores\/files\/2012\/09\/Informaci\u00f3n-a-centros-Plan-Igualdad-2012-20131.pdf\">Cons\u00faltalo aqu\u00ed<\/a><\/p>\n","protected":false},"excerpt":{"rendered":"<p>Estimadas compa\u00f1eras y compa\u00f1eros, En relaci\u00f3n con la aplicaci\u00f3n del I Plan de Igualdad entre Hombres y Mujeres en Educaci\u00f3n durante el presente curso 2012-2013, presentamos adjunta informaci\u00f3n sobre el desarrollo del Plan de Igualdad entre Hombres y Mujeres en&#46;&#46;&#46;<\/p>\n","protected":false},"author":8104,"featured_media":0,"comment_status":"open","ping_status":"open","sticky":false,"template":"","format":"standard","meta":{"ngg_post_thumbnail":0,"footnotes":""},"categories":[11909],"tags":[],"aioseo_notices":[],"_links":{"self":[{"href":"https:\/\/blogsaverroes.juntadeandalucia.es\/educacionenvaloresdelegacionmalaga\/wp-json\/wp\/v2\/posts\/3260"}],"collection":[{"href":"https:\/\/blogsaverroes.juntadeandalucia.es\/educacionenvaloresdelegacionmalaga\/wp-json\/wp\/v2\/posts"}],"about":[{"href":"https:\/\/blogsaverroes.juntadeandalucia.es\/educacionenvaloresdelegacionmalaga\/wp-json\/wp\/v2\/types\/post"}],"author":[{"embeddable":true,"href":"https:\/\/blogsaverroes.juntadeandalucia.es\/educacionenvaloresdelegacionmalaga\/wp-json\/wp\/v2\/users\/8104"}],"replies":[{"embeddable":true,"href":"https:\/\/blogsaverroes.juntadeandalucia.es\/educacionenvaloresdelegacionmalaga\/wp-json\/wp\/v2\/comments?post=3260"}],"version-history":[{"count":0,"href":"https:\/\/blogsaverroes.juntadeandalucia.es\/educacionenvaloresdelegacionmalaga\/wp-json\/wp\/v2\/posts\/3260\/revisions"}],"wp:attachment":[{"href":"https:\/\/blogsaverroes.juntadeandalucia.es\/educacionenvaloresdelegacionmalaga\/wp-json\/wp\/v2\/media?parent=3260"}],"wp:term":[{"taxonomy":"category","embeddable":true,"href":"https:\/\/blogsaverroes.juntadeandalucia.es\/educacionenvaloresdelegacionmalaga\/wp-json\/wp\/v2\/categories?post=3260"},{"taxonomy":"post_tag","embeddable":true,"href":"https:\/\/blogsaverroes.juntadeandalucia.es\/educacionenvaloresdelegacionmalaga\/wp-json\/wp\/v2\/tags?post=3260"}],"curies":[{"name":"wp","href":"https:\/\/api.w.org\/{rel}","templated":true}]}}