{"id":3377,"date":"2012-10-09T09:10:19","date_gmt":"2012-10-09T07:10:19","guid":{"rendered":"http:\/\/www.educacionenmalaga.es\/valores\/?p=3377"},"modified":"2012-10-09T09:10:19","modified_gmt":"2012-10-09T07:10:19","slug":"resolucion-provisional-de-27-de-septiembre-de-2012-por-la-que-se-reconocen-centros-docentes-pertenecientes-a-la-red-andaluza-escuela-espacio-de-paz-como-centros-promotores-de-convi","status":"publish","type":"post","link":"https:\/\/blogsaverroes.juntadeandalucia.es\/educacionenvaloresdelegacionmalaga\/resolucion-provisional-de-27-de-septiembre-de-2012-por-la-que-se-reconocen-centros-docentes-pertenecientes-a-la-red-andaluza-escuela-espacio-de-paz-como-centros-promotores-de-convi\/","title":{"rendered":"Centros Promotores de Convivencia Positiva"},"content":{"rendered":"<p style=\"text-align: justify\">Publica<a href=\"http:\/\/www.educacionenmalaga.es\/valores\/files\/2012\/10\/convivencia11.jpg\"><img loading=\"lazy\" decoding=\"async\" class=\"alignleft  wp-image-3380\" title=\"convivencia11\" src=\"http:\/\/www.educacionenmalaga.es\/valores\/files\/2012\/10\/convivencia11-300x180.jpg\" alt=\"\" width=\"157\" height=\"117\" \/><\/a>da la <strong>Resoluci\u00f3n provisional<\/strong> de 27 de septiembre de 2012, de la Direcci\u00f3n General de Participaci\u00f3n y Equidad, por la que se reconocen centros docentes pertenecientes a la Red Andaluza \u201cEscuela: Espacio de Paz\u201d como <strong>Centros Promotores de Convivencia Positiva<\/strong> (Convivencia+) durante el curso 2011\/2012.<\/p>\n<p style=\"text-align: justify\">Consulte aqu\u00ed la resoluci\u00f3n y el anexo con los <strong>centros de la provincia de M\u00e1laga<\/strong> de la Red Andaluza &#8220;Escuela: Espacio de Paz&#8221; con reconocimiento como centros promotores de convivencia positiva.<\/p>\n<p style=\"text-align: justify\"><a href=\"http:\/\/www.educacionenmalaga.es\/valores\/files\/2012\/10\/Resoluci\u00f3n-provisional.pdf\">Resoluci\u00f3n provisional<\/a><\/p>\n<p style=\"text-align: justify\"><a href=\"http:\/\/www.educacionenmalaga.es\/valores\/files\/2012\/10\/Anexo-I.pdf\">Anexo <\/a><\/p>\n<p>&nbsp;<\/p>\n","protected":false},"excerpt":{"rendered":"<p>Publicada la Resoluci\u00f3n provisional de 27 de septiembre de 2012, de la Direcci\u00f3n General de Participaci\u00f3n y Equidad, por la que se reconocen centros docentes pertenecientes a la Red Andaluza \u201cEscuela: Espacio de Paz\u201d como Centros Promotores de Convivencia Positiva&#46;&#46;&#46;<\/p>\n","protected":false},"author":8104,"featured_media":0,"comment_status":"open","ping_status":"open","sticky":false,"template":"","format":"standard","meta":{"ngg_post_thumbnail":0,"footnotes":""},"categories":[11909],"tags":[],"aioseo_notices":[],"_links":{"self":[{"href":"https:\/\/blogsaverroes.juntadeandalucia.es\/educacionenvaloresdelegacionmalaga\/wp-json\/wp\/v2\/posts\/3377"}],"collection":[{"href":"https:\/\/blogsaverroes.juntadeandalucia.es\/educacionenvaloresdelegacionmalaga\/wp-json\/wp\/v2\/posts"}],"about":[{"href":"https:\/\/blogsaverroes.juntadeandalucia.es\/educacionenvaloresdelegacionmalaga\/wp-json\/wp\/v2\/types\/post"}],"author":[{"embeddable":true,"href":"https:\/\/blogsaverroes.juntadeandalucia.es\/educacionenvaloresdelegacionmalaga\/wp-json\/wp\/v2\/users\/8104"}],"replies":[{"embeddable":true,"href":"https:\/\/blogsaverroes.juntadeandalucia.es\/educacionenvaloresdelegacionmalaga\/wp-json\/wp\/v2\/comments?post=3377"}],"version-history":[{"count":0,"href":"https:\/\/blogsaverroes.juntadeandalucia.es\/educacionenvaloresdelegacionmalaga\/wp-json\/wp\/v2\/posts\/3377\/revisions"}],"wp:attachment":[{"href":"https:\/\/blogsaverroes.juntadeandalucia.es\/educacionenvaloresdelegacionmalaga\/wp-json\/wp\/v2\/media?parent=3377"}],"wp:term":[{"taxonomy":"category","embeddable":true,"href":"https:\/\/blogsaverroes.juntadeandalucia.es\/educacionenvaloresdelegacionmalaga\/wp-json\/wp\/v2\/categories?post=3377"},{"taxonomy":"post_tag","embeddable":true,"href":"https:\/\/blogsaverroes.juntadeandalucia.es\/educacionenvaloresdelegacionmalaga\/wp-json\/wp\/v2\/tags?post=3377"}],"curies":[{"name":"wp","href":"https:\/\/api.w.org\/{rel}","templated":true}]}}