{"id":3442,"date":"2012-11-15T10:39:15","date_gmt":"2012-11-15T08:39:15","guid":{"rendered":"http:\/\/www.educacionenmalaga.es\/valores\/?p=3442"},"modified":"2012-11-15T10:39:15","modified_gmt":"2012-11-15T08:39:15","slug":"v-jornadas-provinciales-construyendo-igualdad","status":"publish","type":"post","link":"https:\/\/blogsaverroes.juntadeandalucia.es\/educacionenvaloresdelegacionmalaga\/v-jornadas-provinciales-construyendo-igualdad\/","title":{"rendered":"V Jornadas Provinciales &#8220;Construyendo Igualdad&#8221;"},"content":{"rendered":"<p style=\"text-align: justify\">\u00a0\u00a0\u00a0\u00a0\u00a0\u00a0\u00a0\u00a0\u00a0<\/p>\n<p style=\"text-align: justify\">\u00a0\u00a0\u00a0\u00a0\u00a0\u00a0\u00a0 Os prese<a href=\"http:\/\/www.educacionenmalaga.es\/valores\/files\/2012\/11\/V-Jornadas-provinciales-M\u00e1laga2.jpg\"><img loading=\"lazy\" decoding=\"async\" class=\"alignleft  wp-image-3451\" title=\"V Jornadas provinciales M\u00e1laga\" src=\"http:\/\/www.educacionenmalaga.es\/valores\/files\/2012\/11\/V-Jornadas-provinciales-M\u00e1laga2-150x150.jpg\" alt=\"\" width=\"162\" height=\"185\" \/><\/a>ntamos las Jornadas de Formaci\u00f3n en Igualdad de G\u00e9nero 2012: <strong>&#8220;Construyendo Igualdad. Coeducaci\u00f3n y Prevenci\u00f3n de la violencia de g\u00e9nero en el \u00e1mbito educativo&#8221;.\u00a0<\/strong><\/p>\n<p style=\"text-align: justify\">\u00a0\u00a0\u00a0\u00a0\u00a0\u00a0\u00a0\u00a0\u00a0 Estas Jornadas van dirigidas a profesorado y responsables del I Plan de Igualdad. El\u00a0n\u00famero de participantes ser\u00e1 120. Est\u00e1n organizadas por la Comisi\u00f3n Provincial de Igualdad, formada por: el Gabinete de Asesoramiento sobre Convivencia Escolar e Igualdad, los CEPs de la Provincia y el Instituto Andaluz de la Mujer.<\/p>\n<p style=\"text-align: justify\">\u00a0\u00a0\u00a0\u00a0\u00a0\u00a0\u00a0\u00a0 La gesti\u00f3n del contenido, la realiza el CEP de V\u00e9lez-M\u00e1laga con la colaboraci\u00f3n de los dem\u00e1s CEP de la provincia junto al Gabinete de Asesoramiento sobre Convivencia Escolar e Igualdad. La jornada\u00a0tendr\u00e1 lugar\u00a0en el <strong>IES N\u00ba 1 (Universidad Laboral) C\/ Julio Verne, 6 M\u00e1laga desde las 16:30 a las 20:30h del martes 4 de diciembre.<\/strong><\/p>\n<p style=\"text-align: justify\">\u00a0\u00a0\u00a0\u00a0\u00a0\u00a0\u00a0\u00a0\u00a0 Hasta el d\u00eda 26 de noviembre, est\u00e1 abierto en S\u00e9neca, el plazo de solicitudes para las\u00a0 V Jornadas Provinciales\u00a0\u201cConstruyendo Igualdad.\u00a0Coeducaci\u00f3n y Prevenci\u00f3n de la violencia de g\u00e9nero en el \u00e1mbito educativo&#8221;. <strong>El c\u00f3digo para inscripciones en S\u00e9neca es 122926GE605 y el enlace es el siguiente: <a href=\"https:\/\/www.juntadeandalucia.es\/educacion\/portalseneca\/web\/cep\/consulta-actividades-formativas\">https:\/\/www.juntadeandalucia.es\/educacion\/portalseneca\/web\/cep\/consulta-actividades-formativas<\/a><\/strong><\/p>\n<p style=\"text-align: justify\">Puede consultar el <a href=\"http:\/\/www.educacionenmalaga.es\/valores\/files\/2012\/11\/Programa-jornadas-2012.pdf\">programa <\/a>y el <a href=\"http:\/\/www.educacionenmalaga.es\/valores\/files\/2012\/11\/Diptico-jornadas-2012.pdf\">d\u00edptico<\/a>\u00a0informativo de las jornadas de 2012.<\/p>\n","protected":false},"excerpt":{"rendered":"<p>\u00a0\u00a0\u00a0\u00a0\u00a0\u00a0\u00a0\u00a0\u00a0 \u00a0\u00a0\u00a0\u00a0\u00a0\u00a0\u00a0 Os presentamos las Jornadas de Formaci\u00f3n en Igualdad de G\u00e9nero 2012: &#8220;Construyendo Igualdad. Coeducaci\u00f3n y Prevenci\u00f3n de la violencia de g\u00e9nero en el \u00e1mbito educativo&#8221;.\u00a0 \u00a0\u00a0\u00a0\u00a0\u00a0\u00a0\u00a0\u00a0\u00a0 Estas Jornadas van dirigidas a profesorado y responsables del I Plan de&#46;&#46;&#46;<\/p>\n","protected":false},"author":8104,"featured_media":0,"comment_status":"open","ping_status":"open","sticky":false,"template":"","format":"standard","meta":{"ngg_post_thumbnail":0,"footnotes":""},"categories":[11909],"tags":[],"aioseo_notices":[],"_links":{"self":[{"href":"https:\/\/blogsaverroes.juntadeandalucia.es\/educacionenvaloresdelegacionmalaga\/wp-json\/wp\/v2\/posts\/3442"}],"collection":[{"href":"https:\/\/blogsaverroes.juntadeandalucia.es\/educacionenvaloresdelegacionmalaga\/wp-json\/wp\/v2\/posts"}],"about":[{"href":"https:\/\/blogsaverroes.juntadeandalucia.es\/educacionenvaloresdelegacionmalaga\/wp-json\/wp\/v2\/types\/post"}],"author":[{"embeddable":true,"href":"https:\/\/blogsaverroes.juntadeandalucia.es\/educacionenvaloresdelegacionmalaga\/wp-json\/wp\/v2\/users\/8104"}],"replies":[{"embeddable":true,"href":"https:\/\/blogsaverroes.juntadeandalucia.es\/educacionenvaloresdelegacionmalaga\/wp-json\/wp\/v2\/comments?post=3442"}],"version-history":[{"count":0,"href":"https:\/\/blogsaverroes.juntadeandalucia.es\/educacionenvaloresdelegacionmalaga\/wp-json\/wp\/v2\/posts\/3442\/revisions"}],"wp:attachment":[{"href":"https:\/\/blogsaverroes.juntadeandalucia.es\/educacionenvaloresdelegacionmalaga\/wp-json\/wp\/v2\/media?parent=3442"}],"wp:term":[{"taxonomy":"category","embeddable":true,"href":"https:\/\/blogsaverroes.juntadeandalucia.es\/educacionenvaloresdelegacionmalaga\/wp-json\/wp\/v2\/categories?post=3442"},{"taxonomy":"post_tag","embeddable":true,"href":"https:\/\/blogsaverroes.juntadeandalucia.es\/educacionenvaloresdelegacionmalaga\/wp-json\/wp\/v2\/tags?post=3442"}],"curies":[{"name":"wp","href":"https:\/\/api.w.org\/{rel}","templated":true}]}}