{"id":3958,"date":"2013-03-08T13:06:55","date_gmt":"2013-03-08T11:06:55","guid":{"rendered":"http:\/\/www.educacionenmalaga.es\/valores\/?p=3958"},"modified":"2013-03-08T13:06:55","modified_gmt":"2013-03-08T11:06:55","slug":"mediando-x-jornadas-de-mediacion-en-centros-escolares-iniciacion","status":"publish","type":"post","link":"https:\/\/blogsaverroes.juntadeandalucia.es\/educacionenvaloresdelegacionmalaga\/mediando-x-jornadas-de-mediacion-en-centros-escolares-iniciacion\/","title":{"rendered":"X Jornadas de mediaci\u00f3n en centros escolares y exposici\u00f3n del CEIP Carazony"},"content":{"rendered":"<p style=\"text-align: justify\">Por d\u00e9cimo a\u00f1o, el alumnado de los institutos de la comarca del Valle del Guadalhorce asisten a las jornadas de mediaci\u00f3n, destinadas a ofrecerles t\u00e9cnicas para la mediaci\u00f3n en sus centros (actitudes, cooperaci\u00f3n, responsabilidad y habilidades sociales).<\/p>\n<p style=\"text-align: justify\"><a href=\"http:\/\/www.educacionenmalaga.es\/valores\/files\/2013\/03\/mediaci\u00f3n-pizarra.jpg\"><img loading=\"lazy\" decoding=\"async\" class=\"alignleft size-full wp-image-3959\" alt=\"mediaci\u00f3n pizarra\" src=\"http:\/\/www.educacionenmalaga.es\/valores\/files\/2013\/03\/mediaci\u00f3n-pizarra.jpg\" width=\"213\" height=\"159\" srcset=\"https:\/\/blogsaverroes.juntadeandalucia.es\/educacionenvaloresdelegacionmalaga\/files\/2013\/03\/mediaci\u00f3n-pizarra.jpg 213w, https:\/\/blogsaverroes.juntadeandalucia.es\/educacionenvaloresdelegacionmalaga\/files\/2013\/03\/mediaci\u00f3n-pizarra-24x18.jpg 24w, https:\/\/blogsaverroes.juntadeandalucia.es\/educacionenvaloresdelegacionmalaga\/files\/2013\/03\/mediaci\u00f3n-pizarra-36x27.jpg 36w, https:\/\/blogsaverroes.juntadeandalucia.es\/educacionenvaloresdelegacionmalaga\/files\/2013\/03\/mediaci\u00f3n-pizarra-48x36.jpg 48w\" sizes=\"(max-width: 213px) 100vw, 213px\" \/><\/a>La jornada ha tenido lugar en la Casa de la Cultura de Pizarra el 8 de marzo. Desde la Delegaci\u00f3n Territorial de Educaci\u00f3n, Cultura y Deporte de M\u00e1laga han asistido el Jefe del Servicio de Ordenaci\u00f3n Educativa, David M\u00e1rquez Garc\u00eda, el Coordinador del\u00a0\u00a0\u00c1rea de Apoyo a la Funci\u00f3n Tutorial, Antonio Mart\u00edn Carrera y los Asesores del Gabinete de Convivencia Escolar, Nieves Garc\u00eda Jim\u00e9nez y H\u00e9ctor S\u00e1nchez Blasco.<\/p>\n<p><!--more-->Entre los objetivos de la jornada, cabe destacar los siguientes:<\/p>\n<ul>\n<li>Formar un equipo de mediadores\/as j\u00f3venes que respaldados por el profesorado colaboren en la creaci\u00f3n y mantenimiento de un buen clima de convivencia en sus centros educativos.<\/li>\n<li>Desarrollar habilidades para la mediaci\u00f3n dentro y fuera del propio centro.<\/li>\n<li>Crear una red de j\u00f3venes participativos en la Comarca del Valle del Guadalhorce.<\/li>\n<\/ul>\n<p style=\"text-align: justify\">Los institutos participantes son los siguientes:<\/p>\n<ul style=\"text-align: justify\">\n<li><span style=\"line-height: 16px\">IES Fuente Lucena (Alhaur\u00edn el Grande).<\/span><\/li>\n<li>IES Antonio Gala (Alhaur\u00edn el Grande).<\/li>\n<li>IES Valle del Sol (\u00c1lora).<\/li>\n<li>IES Las Flores (\u00c1lora).<\/li>\n<li>IES Jarifa (C\u00e1rtama).<\/li>\n<li>IES Valle del Azahar (Estaci\u00f3n de C\u00e1rtama).<a href=\"http:\/\/www.educacionenmalaga.es\/valores\/files\/2013\/03\/exposici\u00f3n-2.jpg\"><img loading=\"lazy\" decoding=\"async\" class=\"alignright size-medium wp-image-3966\" alt=\"exposici\u00f3n 2\" src=\"http:\/\/www.educacionenmalaga.es\/valores\/files\/2013\/03\/exposici\u00f3n-2-300x225.jpg\" width=\"300\" height=\"225\" srcset=\"https:\/\/blogsaverroes.juntadeandalucia.es\/educacionenvaloresdelegacionmalaga\/files\/2013\/03\/exposici\u00f3n-2-300x225.jpg 300w, https:\/\/blogsaverroes.juntadeandalucia.es\/educacionenvaloresdelegacionmalaga\/files\/2013\/03\/exposici\u00f3n-2-768x576.jpg 768w, https:\/\/blogsaverroes.juntadeandalucia.es\/educacionenvaloresdelegacionmalaga\/files\/2013\/03\/exposici\u00f3n-2-24x18.jpg 24w, https:\/\/blogsaverroes.juntadeandalucia.es\/educacionenvaloresdelegacionmalaga\/files\/2013\/03\/exposici\u00f3n-2-36x27.jpg 36w, https:\/\/blogsaverroes.juntadeandalucia.es\/educacionenvaloresdelegacionmalaga\/files\/2013\/03\/exposici\u00f3n-2-48x36.jpg 48w, https:\/\/blogsaverroes.juntadeandalucia.es\/educacionenvaloresdelegacionmalaga\/files\/2013\/03\/exposici\u00f3n-2.jpg 800w\" sizes=\"(max-width: 300px) 100vw, 300px\" \/><\/a><\/li>\n<li>IES Los Montecillos (Co\u00edn).<\/li>\n<li>IES Licinio de la Fuente (Co\u00edn).<\/li>\n<li>Coop. Ense\u00f1anza Ntra. Sra. de Lourdes (Co\u00edn).<\/li>\n<li>IES Fuente Luna (Pizarra).<\/li>\n<\/ul>\n<p style=\"text-align: justify\">Asimismo, destacamos la e<strong>xposici\u00f3n en torno al D\u00eda Internacional de la Mujer<\/strong> realizada por el alumnado del CEIP Carazony de Co\u00edn, la cual est\u00e1 expuesta en la Casa de la Cultura de Pizarra.<\/p>\n","protected":false},"excerpt":{"rendered":"<p>Por d\u00e9cimo a\u00f1o, el alumnado de los institutos de la comarca del Valle del Guadalhorce asisten a las jornadas de mediaci\u00f3n, destinadas a ofrecerles t\u00e9cnicas para la mediaci\u00f3n en sus centros (actitudes, cooperaci\u00f3n, responsabilidad y habilidades sociales). La jornada ha&#46;&#46;&#46;<\/p>\n","protected":false},"author":8104,"featured_media":0,"comment_status":"open","ping_status":"open","sticky":false,"template":"","format":"standard","meta":{"ngg_post_thumbnail":0,"footnotes":""},"categories":[11909],"tags":[733186],"aioseo_notices":[],"_links":{"self":[{"href":"https:\/\/blogsaverroes.juntadeandalucia.es\/educacionenvaloresdelegacionmalaga\/wp-json\/wp\/v2\/posts\/3958"}],"collection":[{"href":"https:\/\/blogsaverroes.juntadeandalucia.es\/educacionenvaloresdelegacionmalaga\/wp-json\/wp\/v2\/posts"}],"about":[{"href":"https:\/\/blogsaverroes.juntadeandalucia.es\/educacionenvaloresdelegacionmalaga\/wp-json\/wp\/v2\/types\/post"}],"author":[{"embeddable":true,"href":"https:\/\/blogsaverroes.juntadeandalucia.es\/educacionenvaloresdelegacionmalaga\/wp-json\/wp\/v2\/users\/8104"}],"replies":[{"embeddable":true,"href":"https:\/\/blogsaverroes.juntadeandalucia.es\/educacionenvaloresdelegacionmalaga\/wp-json\/wp\/v2\/comments?post=3958"}],"version-history":[{"count":0,"href":"https:\/\/blogsaverroes.juntadeandalucia.es\/educacionenvaloresdelegacionmalaga\/wp-json\/wp\/v2\/posts\/3958\/revisions"}],"wp:attachment":[{"href":"https:\/\/blogsaverroes.juntadeandalucia.es\/educacionenvaloresdelegacionmalaga\/wp-json\/wp\/v2\/media?parent=3958"}],"wp:term":[{"taxonomy":"category","embeddable":true,"href":"https:\/\/blogsaverroes.juntadeandalucia.es\/educacionenvaloresdelegacionmalaga\/wp-json\/wp\/v2\/categories?post=3958"},{"taxonomy":"post_tag","embeddable":true,"href":"https:\/\/blogsaverroes.juntadeandalucia.es\/educacionenvaloresdelegacionmalaga\/wp-json\/wp\/v2\/tags?post=3958"}],"curies":[{"name":"wp","href":"https:\/\/api.w.org\/{rel}","templated":true}]}}