{"id":4629,"date":"2013-10-15T09:17:06","date_gmt":"2013-10-15T07:17:06","guid":{"rendered":"http:\/\/www.educacionenmalaga.es\/valores\/?p=4629"},"modified":"2013-10-15T09:17:06","modified_gmt":"2013-10-15T07:17:06","slug":"informacion-para-los-coordinadoresas-de-coeducacion-y-los-equipos-directivos","status":"publish","type":"post","link":"https:\/\/blogsaverroes.juntadeandalucia.es\/educacionenvaloresdelegacionmalaga\/informacion-para-los-coordinadoresas-de-coeducacion-y-los-equipos-directivos\/","title":{"rendered":"Informaci\u00f3n para los Coordinadores\/as de Coeducaci\u00f3n y los equipos directivos"},"content":{"rendered":"<p style=\"text-align: justify\">Os presentamos la carta enviada a todas las personas coordinadoras de Coeducaci\u00f3n desde el Servicio de Convivencia e Igualdad de la Direcci\u00f3n General de Participaci\u00f3n y Equidad de la Consejer\u00eda de Educaci\u00f3n de la Junta de Andaluc\u00eda. El objeto es a \u00a0desearles\u00a0un buen comienzo de curso y facilitarles informaci\u00f3n relevante para llevar a cabo las\u00a0actuaciones que promuevan en la comunidad educativa de los centros la igualdad efectiva entre los sexos,\u00a0conforme a lo contemplado en el I Plan de Igualdad entre Hombre y Mujeres en Educaci\u00f3n, y poner en valor el\u00a0trabajo de coordinaci\u00f3n que vas a desarrollar.<\/p>\n<p style=\"text-align: justify\">Entre la informaci\u00f3n aportada, cabe destacar la normativa, funciones de la Coordinaci\u00f3n, materia optativa, protocolo de actuaci\u00f3n ante casos de violencia de g\u00e9nero, otros datos de inter\u00e9s y sugerencias de actuaci\u00f3n.<\/p>\n<p>\u00a0<iframe loading=\"lazy\" src=\"http:\/\/www.slideshare.net\/slideshow\/embed_code\/27194717\" height=\"400\" width=\"476\" frameborder=\"0\" marginwidth=\"0\" marginheight=\"0\" scrolling=\"no\"><\/iframe><\/p>\n","protected":false},"excerpt":{"rendered":"<p>Os presentamos la carta enviada a todas las personas coordinadoras de Coeducaci\u00f3n desde el Servicio de Convivencia e Igualdad de la Direcci\u00f3n General de Participaci\u00f3n y Equidad de la Consejer\u00eda de Educaci\u00f3n de la Junta de Andaluc\u00eda. El objeto es&#46;&#46;&#46;<\/p>\n","protected":false},"author":8104,"featured_media":0,"comment_status":"open","ping_status":"open","sticky":false,"template":"","format":"standard","meta":{"ngg_post_thumbnail":0,"footnotes":""},"categories":[11909],"tags":[],"aioseo_notices":[],"_links":{"self":[{"href":"https:\/\/blogsaverroes.juntadeandalucia.es\/educacionenvaloresdelegacionmalaga\/wp-json\/wp\/v2\/posts\/4629"}],"collection":[{"href":"https:\/\/blogsaverroes.juntadeandalucia.es\/educacionenvaloresdelegacionmalaga\/wp-json\/wp\/v2\/posts"}],"about":[{"href":"https:\/\/blogsaverroes.juntadeandalucia.es\/educacionenvaloresdelegacionmalaga\/wp-json\/wp\/v2\/types\/post"}],"author":[{"embeddable":true,"href":"https:\/\/blogsaverroes.juntadeandalucia.es\/educacionenvaloresdelegacionmalaga\/wp-json\/wp\/v2\/users\/8104"}],"replies":[{"embeddable":true,"href":"https:\/\/blogsaverroes.juntadeandalucia.es\/educacionenvaloresdelegacionmalaga\/wp-json\/wp\/v2\/comments?post=4629"}],"version-history":[{"count":0,"href":"https:\/\/blogsaverroes.juntadeandalucia.es\/educacionenvaloresdelegacionmalaga\/wp-json\/wp\/v2\/posts\/4629\/revisions"}],"wp:attachment":[{"href":"https:\/\/blogsaverroes.juntadeandalucia.es\/educacionenvaloresdelegacionmalaga\/wp-json\/wp\/v2\/media?parent=4629"}],"wp:term":[{"taxonomy":"category","embeddable":true,"href":"https:\/\/blogsaverroes.juntadeandalucia.es\/educacionenvaloresdelegacionmalaga\/wp-json\/wp\/v2\/categories?post=4629"},{"taxonomy":"post_tag","embeddable":true,"href":"https:\/\/blogsaverroes.juntadeandalucia.es\/educacionenvaloresdelegacionmalaga\/wp-json\/wp\/v2\/tags?post=4629"}],"curies":[{"name":"wp","href":"https:\/\/api.w.org\/{rel}","templated":true}]}}