{"id":4702,"date":"2013-11-08T14:43:10","date_gmt":"2013-11-08T12:43:10","guid":{"rendered":"http:\/\/www.educacionenmalaga.es\/valores\/?p=4702"},"modified":"2013-11-08T14:43:10","modified_gmt":"2013-11-08T12:43:10","slug":"buenas-practicas-del-ceip-lope-de-vega-de-coin","status":"publish","type":"post","link":"https:\/\/blogsaverroes.juntadeandalucia.es\/educacionenvaloresdelegacionmalaga\/buenas-practicas-del-ceip-lope-de-vega-de-coin\/","title":{"rendered":"Buenas pr\u00e1cticas del CEIP Lope de Vega de Co\u00edn"},"content":{"rendered":"<p style=\"text-align: justify\"><a href=\"http:\/\/www.educacionenmalaga.es\/valores\/files\/2013\/11\/lope-de-vega2.jpg\"><img loading=\"lazy\" decoding=\"async\" class=\"alignright  wp-image-4704\" alt=\"lope de vega2\" src=\"http:\/\/www.educacionenmalaga.es\/valores\/files\/2013\/11\/lope-de-vega2-300x276.jpg\" width=\"240\" height=\"221\" srcset=\"https:\/\/blogsaverroes.juntadeandalucia.es\/educacionenvaloresdelegacionmalaga\/files\/2013\/11\/lope-de-vega2-300x276.jpg 300w, https:\/\/blogsaverroes.juntadeandalucia.es\/educacionenvaloresdelegacionmalaga\/files\/2013\/11\/lope-de-vega2-768x707.jpg 768w, https:\/\/blogsaverroes.juntadeandalucia.es\/educacionenvaloresdelegacionmalaga\/files\/2013\/11\/lope-de-vega2-24x22.jpg 24w, https:\/\/blogsaverroes.juntadeandalucia.es\/educacionenvaloresdelegacionmalaga\/files\/2013\/11\/lope-de-vega2-36x33.jpg 36w, https:\/\/blogsaverroes.juntadeandalucia.es\/educacionenvaloresdelegacionmalaga\/files\/2013\/11\/lope-de-vega2-48x44.jpg 48w, https:\/\/blogsaverroes.juntadeandalucia.es\/educacionenvaloresdelegacionmalaga\/files\/2013\/11\/lope-de-vega2.jpg 946w\" sizes=\"(max-width: 240px) 100vw, 240px\" \/><\/a>A toda m\u00e1quina\u2026 As\u00ed es como se encuentran en el CEIP Lope de Vega con respecto a al Proyecto Escuela Espacio de Paz. Este curso han sido reconocidos como Centro Promotor de Convivencia Positiva, y han iniciado las actividades del nuevo proyecto: \u201cUn mes un valor. Un verdadero centro de Paz\u201d. Los diferentes valores que trabajan en el centro (respeto, tolerancia, alegr\u00eda, igualdad,\u2026) les servir\u00e1n para \u201cbautizar\u201d las diferentes dependencias del mismo. Cada uno de los nueve niveles de la educaci\u00f3n Infantil y Primaria asumir\u00e1 un valor y lugar que, posteriormente, habr\u00e1 de presentar a sus compa\u00f1eros\/as.<br \/>\n<a href=\"http:\/\/www.educacionenmalaga.es\/valores\/files\/2013\/11\/lope-de-vega.jpg\"><img loading=\"lazy\" decoding=\"async\" class=\"alignleft  wp-image-4703\" alt=\"lope de vega\" src=\"http:\/\/www.educacionenmalaga.es\/valores\/files\/2013\/11\/lope-de-vega-300x189.jpg\" width=\"240\" height=\"151\" \/><\/a>El pasado 30 de octubre fue el turno de los m\u00e1s peque\u00f1os\/as, el alumnado de Infantil de 3 a\u00f1os, que inauguraron su \u201cPabell\u00f3n de la Alegr\u00eda\u201d regal\u00e1ndonos un divertido espect\u00e1culo con el oto\u00f1o, los frutos secos y, sobre todo, la alegr\u00eda como protagonistas.<!--more--><br \/>\nPor otra parte, nuestro Equipo Directivo y los\/as responsables del Proyecto Escuela Espacio de Paz del pasado curso y del actual, acudieron al Centro Comercial La Trocha para inaugurar la exposici\u00f3n de fotos \u201cSo\u00f1ando un mundo mejor\u201d, elaborada el pasado curso con la colaboraci\u00f3n del IES Jes\u00fas Mar\u00edn de M\u00e1laga.<br \/>\nOs dejamos algunas fotos de estos actos, as\u00ed como el \u00a0v\u00eddeo-noticia publicado al respecto por Canal Co\u00edn.<\/p>\n<p><object width=\"480\" height=\"360\" classid=\"d27cdb6e-ae6d-11cf-96b8-444553540000\" codebase=\"http:\/\/download.macromedia.com\/pub\/shockwave\/cabs\/flash\/swflash.cab#version=6,0,40,0\"><param name=\"allowFullScreen\" value=\"true\" \/><param name=\"allowscriptaccess\" value=\"always\" \/><param name=\"src\" value=\"\/\/www.youtube.com\/v\/s9BPgPIvGes?hl=es_ES&amp;version=3\" \/><param name=\"allowfullscreen\" value=\"true\" \/><embed width=\"480\" height=\"360\" type=\"application\/x-shockwave-flash\" src=\"\/\/www.youtube.com\/v\/s9BPgPIvGes?hl=es_ES&amp;version=3\" allowFullScreen=\"true\" allowscriptaccess=\"always\" allowfullscreen=\"true\" \/><\/object><\/p>\n","protected":false},"excerpt":{"rendered":"<p>A toda m\u00e1quina\u2026 As\u00ed es como se encuentran en el CEIP Lope de Vega con respecto a al Proyecto Escuela Espacio de Paz. Este curso han sido reconocidos como Centro Promotor de Convivencia Positiva, y han iniciado las actividades del&#46;&#46;&#46;<\/p>\n","protected":false},"author":8104,"featured_media":0,"comment_status":"open","ping_status":"open","sticky":false,"template":"","format":"standard","meta":{"ngg_post_thumbnail":0,"footnotes":""},"categories":[2144688,3981],"tags":[],"aioseo_notices":[],"_links":{"self":[{"href":"https:\/\/blogsaverroes.juntadeandalucia.es\/educacionenvaloresdelegacionmalaga\/wp-json\/wp\/v2\/posts\/4702"}],"collection":[{"href":"https:\/\/blogsaverroes.juntadeandalucia.es\/educacionenvaloresdelegacionmalaga\/wp-json\/wp\/v2\/posts"}],"about":[{"href":"https:\/\/blogsaverroes.juntadeandalucia.es\/educacionenvaloresdelegacionmalaga\/wp-json\/wp\/v2\/types\/post"}],"author":[{"embeddable":true,"href":"https:\/\/blogsaverroes.juntadeandalucia.es\/educacionenvaloresdelegacionmalaga\/wp-json\/wp\/v2\/users\/8104"}],"replies":[{"embeddable":true,"href":"https:\/\/blogsaverroes.juntadeandalucia.es\/educacionenvaloresdelegacionmalaga\/wp-json\/wp\/v2\/comments?post=4702"}],"version-history":[{"count":0,"href":"https:\/\/blogsaverroes.juntadeandalucia.es\/educacionenvaloresdelegacionmalaga\/wp-json\/wp\/v2\/posts\/4702\/revisions"}],"wp:attachment":[{"href":"https:\/\/blogsaverroes.juntadeandalucia.es\/educacionenvaloresdelegacionmalaga\/wp-json\/wp\/v2\/media?parent=4702"}],"wp:term":[{"taxonomy":"category","embeddable":true,"href":"https:\/\/blogsaverroes.juntadeandalucia.es\/educacionenvaloresdelegacionmalaga\/wp-json\/wp\/v2\/categories?post=4702"},{"taxonomy":"post_tag","embeddable":true,"href":"https:\/\/blogsaverroes.juntadeandalucia.es\/educacionenvaloresdelegacionmalaga\/wp-json\/wp\/v2\/tags?post=4702"}],"curies":[{"name":"wp","href":"https:\/\/api.w.org\/{rel}","templated":true}]}}