{"id":4902,"date":"2013-12-12T13:52:15","date_gmt":"2013-12-12T11:52:15","guid":{"rendered":"http:\/\/www.educacionenmalaga.es\/valores\/?p=4902"},"modified":"2013-12-12T13:52:15","modified_gmt":"2013-12-12T11:52:15","slug":"navidades-matematicas-en-el-ies-al-baytar","status":"publish","type":"post","link":"https:\/\/blogsaverroes.juntadeandalucia.es\/educacionenvaloresdelegacionmalaga\/navidades-matematicas-en-el-ies-al-baytar\/","title":{"rendered":"Navidades Matem\u00e1ticas en el IES Al-Baytar"},"content":{"rendered":"<p style=\"text-align: justify\">\u00bfQui\u00e9n dijo que las Matem\u00e1ticas no pod\u00edan servir para mostrarnos la navidad?<\/p>\n<p style=\"text-align: justify\"><a href=\"http:\/\/www.educacionenmalaga.es\/valores\/files\/2013\/12\/navidad-matem\u00e1tica-4.jpg\"><img loading=\"lazy\" decoding=\"async\" class=\"alignleft size-medium wp-image-4903\" alt=\"navidad matem\u00e1tica 4\" src=\"http:\/\/www.educacionenmalaga.es\/valores\/files\/2013\/12\/navidad-matem\u00e1tica-4-300x225.jpg\" width=\"300\" height=\"225\" srcset=\"https:\/\/blogsaverroes.juntadeandalucia.es\/educacionenvaloresdelegacionmalaga\/files\/2013\/12\/navidad-matem\u00e1tica-4-300x225.jpg 300w, https:\/\/blogsaverroes.juntadeandalucia.es\/educacionenvaloresdelegacionmalaga\/files\/2013\/12\/navidad-matem\u00e1tica-4-768x576.jpg 768w, https:\/\/blogsaverroes.juntadeandalucia.es\/educacionenvaloresdelegacionmalaga\/files\/2013\/12\/navidad-matem\u00e1tica-4-1024x768.jpg 1024w, https:\/\/blogsaverroes.juntadeandalucia.es\/educacionenvaloresdelegacionmalaga\/files\/2013\/12\/navidad-matem\u00e1tica-4-24x18.jpg 24w, https:\/\/blogsaverroes.juntadeandalucia.es\/educacionenvaloresdelegacionmalaga\/files\/2013\/12\/navidad-matem\u00e1tica-4-36x27.jpg 36w, https:\/\/blogsaverroes.juntadeandalucia.es\/educacionenvaloresdelegacionmalaga\/files\/2013\/12\/navidad-matem\u00e1tica-4-48x36.jpg 48w\" sizes=\"(max-width: 300px) 100vw, 300px\" \/><\/a>La profesora Mercedes Ortega Labajos tuvo la idea de utilizar diferentes problemas navide\u00f1os y acertijos matem\u00e1ticos para hacer m\u00e1s amena la entrada de las vacaciones de Navidad.<br \/>\nMediante la elaboraci\u00f3n de <em>collages<\/em>\u00a0de gran colorido, el alumnado de diferentes nacionalidades de 2\u00ba de ESO: ucranianos\/as, ingleses\/as, rumanos\/as, espa\u00f1oles\/as, marroqu\u00edes y polacos\/as dieron a conocer otra cara de la Navidad con un toque bastante matem\u00e1tico.<!--more--><br \/>\nPap\u00e1 Noel y sus renos se vieron envueltos en una serie de adivinanzas y problemas matem\u00e1ticos para poder sacar adelante el reparto de sus regalos navide\u00f1os. Tambi\u00e9n los Reyes Magos tuvieron que resolver alguna que otra operaci\u00f3n para llevar a cabo su tarea de reparto de regalos a los ni\u00f1os y ni\u00f1as.<br \/>\nLos\/as estudiantes hicieron una exposici\u00f3n de estos trabajos tan interesantes en los tablones del centro.\u00a0Es esta de nuevo una manera creativa, l\u00fadica y amena de presentar los contenidos y llevar a cabo actividades motivadoras de una asignatura tan esencial como las Matem\u00e1ticas.<\/p>\n","protected":false},"excerpt":{"rendered":"<p>\u00bfQui\u00e9n dijo que las Matem\u00e1ticas no pod\u00edan servir para mostrarnos la navidad? La profesora Mercedes Ortega Labajos tuvo la idea de utilizar diferentes problemas navide\u00f1os y acertijos matem\u00e1ticos para hacer m\u00e1s amena la entrada de las vacaciones de Navidad. Mediante&#46;&#46;&#46;<\/p>\n","protected":false},"author":8104,"featured_media":0,"comment_status":"open","ping_status":"open","sticky":false,"template":"","format":"standard","meta":{"ngg_post_thumbnail":0,"footnotes":""},"categories":[2144688],"tags":[],"aioseo_notices":[],"_links":{"self":[{"href":"https:\/\/blogsaverroes.juntadeandalucia.es\/educacionenvaloresdelegacionmalaga\/wp-json\/wp\/v2\/posts\/4902"}],"collection":[{"href":"https:\/\/blogsaverroes.juntadeandalucia.es\/educacionenvaloresdelegacionmalaga\/wp-json\/wp\/v2\/posts"}],"about":[{"href":"https:\/\/blogsaverroes.juntadeandalucia.es\/educacionenvaloresdelegacionmalaga\/wp-json\/wp\/v2\/types\/post"}],"author":[{"embeddable":true,"href":"https:\/\/blogsaverroes.juntadeandalucia.es\/educacionenvaloresdelegacionmalaga\/wp-json\/wp\/v2\/users\/8104"}],"replies":[{"embeddable":true,"href":"https:\/\/blogsaverroes.juntadeandalucia.es\/educacionenvaloresdelegacionmalaga\/wp-json\/wp\/v2\/comments?post=4902"}],"version-history":[{"count":0,"href":"https:\/\/blogsaverroes.juntadeandalucia.es\/educacionenvaloresdelegacionmalaga\/wp-json\/wp\/v2\/posts\/4902\/revisions"}],"wp:attachment":[{"href":"https:\/\/blogsaverroes.juntadeandalucia.es\/educacionenvaloresdelegacionmalaga\/wp-json\/wp\/v2\/media?parent=4902"}],"wp:term":[{"taxonomy":"category","embeddable":true,"href":"https:\/\/blogsaverroes.juntadeandalucia.es\/educacionenvaloresdelegacionmalaga\/wp-json\/wp\/v2\/categories?post=4902"},{"taxonomy":"post_tag","embeddable":true,"href":"https:\/\/blogsaverroes.juntadeandalucia.es\/educacionenvaloresdelegacionmalaga\/wp-json\/wp\/v2\/tags?post=4902"}],"curies":[{"name":"wp","href":"https:\/\/api.w.org\/{rel}","templated":true}]}}