{"id":5233,"date":"2014-02-27T11:24:36","date_gmt":"2014-02-27T09:24:36","guid":{"rendered":"http:\/\/www.educacionenmalaga.es\/valores\/?p=5233"},"modified":"2014-02-27T11:24:36","modified_gmt":"2014-02-27T09:24:36","slug":"la-escuela-infantil-san-sebastian-y-el-ceip-pintor-palomo-y-anaya-de-coin-celebra-la-paz","status":"publish","type":"post","link":"https:\/\/blogsaverroes.juntadeandalucia.es\/educacionenvaloresdelegacionmalaga\/la-escuela-infantil-san-sebastian-y-el-ceip-pintor-palomo-y-anaya-de-coin-celebra-la-paz\/","title":{"rendered":"La Escuela Infantil San Sebasti\u00e1n y el CEIP Pintor Palomo y Anaya de Co\u00edn celebran la Paz"},"content":{"rendered":"<p><img loading=\"lazy\" decoding=\"async\" class=\"alignright size-medium wp-image-5234\" style=\"line-height: 24px;font-size: 16px\" alt=\"eisan sebastian\" src=\"http:\/\/www.educacionenmalaga.es\/valores\/files\/2014\/02\/eisan-sebastian-300x169.jpg\" width=\"300\" height=\"169\" srcset=\"https:\/\/blogsaverroes.juntadeandalucia.es\/educacionenvaloresdelegacionmalaga\/files\/2014\/02\/eisan-sebastian-300x169.jpg 300w, https:\/\/blogsaverroes.juntadeandalucia.es\/educacionenvaloresdelegacionmalaga\/files\/2014\/02\/eisan-sebastian-768x433.jpg 768w, https:\/\/blogsaverroes.juntadeandalucia.es\/educacionenvaloresdelegacionmalaga\/files\/2014\/02\/eisan-sebastian-1024x577.jpg 1024w, https:\/\/blogsaverroes.juntadeandalucia.es\/educacionenvaloresdelegacionmalaga\/files\/2014\/02\/eisan-sebastian-24x14.jpg 24w, https:\/\/blogsaverroes.juntadeandalucia.es\/educacionenvaloresdelegacionmalaga\/files\/2014\/02\/eisan-sebastian-36x20.jpg 36w, https:\/\/blogsaverroes.juntadeandalucia.es\/educacionenvaloresdelegacionmalaga\/files\/2014\/02\/eisan-sebastian-48x27.jpg 48w\" sizes=\"(max-width: 300px) 100vw, 300px\" \/><\/p>\n<p style=\"text-align: justify\">Los ni\u00f1os y ni\u00f1as de la Escuela Infantil San Sebasti\u00e1n y el CEIP Pintor Palomo y Anaya pasaron un d\u00eda muy bonito celebrando el D\u00eda de la Paz.<\/p>\n<p style=\"text-align: justify\">Todos\/as realizaron una marcha por las calles del entorno pidiendo la Paz.\u00a0Una vez en el patio de recreo del CEIP Pintor Palomo y Anaya, cada nivel realizaron\u00a0mensajes, los m\u00e1s peque\u00f1os pictogramas y los dem\u00e1s, poes\u00edas, canciones y\u00a0danzas alusivas a la Paz.<\/p>\n<p style=\"text-align: justify\">Levantaron las voces al m\u00e1ximo para que desde todo el mundo se enteren\u00a0de que todos y todas queremos la Paz, al tiempo que soltaban globos con\u00a0mensajes de Paz.\u00a0Una ma\u00f1ana de Convivencia y fraternidad en la que particip\u00f3 toda la\u00a0comunidad educativa del colegio Pintor Palomo y San Sebasti\u00e1n.<\/p>\n","protected":false},"excerpt":{"rendered":"<p>Los ni\u00f1os y ni\u00f1as de la Escuela Infantil San Sebasti\u00e1n y el CEIP Pintor Palomo y Anaya pasaron un d\u00eda muy bonito celebrando el D\u00eda de la Paz. Todos\/as realizaron una marcha por las calles del entorno pidiendo la Paz.\u00a0Una&#46;&#46;&#46;<\/p>\n","protected":false},"author":8104,"featured_media":0,"comment_status":"open","ping_status":"open","sticky":false,"template":"","format":"standard","meta":{"ngg_post_thumbnail":0,"footnotes":""},"categories":[2144688],"tags":[],"aioseo_notices":[],"_links":{"self":[{"href":"https:\/\/blogsaverroes.juntadeandalucia.es\/educacionenvaloresdelegacionmalaga\/wp-json\/wp\/v2\/posts\/5233"}],"collection":[{"href":"https:\/\/blogsaverroes.juntadeandalucia.es\/educacionenvaloresdelegacionmalaga\/wp-json\/wp\/v2\/posts"}],"about":[{"href":"https:\/\/blogsaverroes.juntadeandalucia.es\/educacionenvaloresdelegacionmalaga\/wp-json\/wp\/v2\/types\/post"}],"author":[{"embeddable":true,"href":"https:\/\/blogsaverroes.juntadeandalucia.es\/educacionenvaloresdelegacionmalaga\/wp-json\/wp\/v2\/users\/8104"}],"replies":[{"embeddable":true,"href":"https:\/\/blogsaverroes.juntadeandalucia.es\/educacionenvaloresdelegacionmalaga\/wp-json\/wp\/v2\/comments?post=5233"}],"version-history":[{"count":0,"href":"https:\/\/blogsaverroes.juntadeandalucia.es\/educacionenvaloresdelegacionmalaga\/wp-json\/wp\/v2\/posts\/5233\/revisions"}],"wp:attachment":[{"href":"https:\/\/blogsaverroes.juntadeandalucia.es\/educacionenvaloresdelegacionmalaga\/wp-json\/wp\/v2\/media?parent=5233"}],"wp:term":[{"taxonomy":"category","embeddable":true,"href":"https:\/\/blogsaverroes.juntadeandalucia.es\/educacionenvaloresdelegacionmalaga\/wp-json\/wp\/v2\/categories?post=5233"},{"taxonomy":"post_tag","embeddable":true,"href":"https:\/\/blogsaverroes.juntadeandalucia.es\/educacionenvaloresdelegacionmalaga\/wp-json\/wp\/v2\/tags?post=5233"}],"curies":[{"name":"wp","href":"https:\/\/api.w.org\/{rel}","templated":true}]}}