{"id":5367,"date":"2014-04-02T14:02:06","date_gmt":"2014-04-02T12:02:06","guid":{"rendered":"http:\/\/www.educacionenmalaga.es\/valores\/?p=5367"},"modified":"2014-04-02T14:02:06","modified_gmt":"2014-04-02T12:02:06","slug":"5367","status":"publish","type":"post","link":"https:\/\/blogsaverroes.juntadeandalucia.es\/educacionenvaloresdelegacionmalaga\/5367\/","title":{"rendered":"Curso &#8220;La ense\u00f1anza del espa\u00f1ol para extranjeros&#8221; organizado por el CEP de la Axarqu\u00eda"},"content":{"rendered":"<p style=\"text-align: justify\"><a href=\"http:\/\/www.educacionenmalaga.es\/valores\/files\/2014\/04\/interculturalidad.jpg\"><img loading=\"lazy\" decoding=\"async\" class=\"alignleft size-full wp-image-5368\" alt=\"interculturalidad\" src=\"http:\/\/www.educacionenmalaga.es\/valores\/files\/2014\/04\/interculturalidad.jpg\" width=\"240\" height=\"135\" srcset=\"https:\/\/blogsaverroes.juntadeandalucia.es\/educacionenvaloresdelegacionmalaga\/files\/2014\/04\/interculturalidad.jpg 240w, https:\/\/blogsaverroes.juntadeandalucia.es\/educacionenvaloresdelegacionmalaga\/files\/2014\/04\/interculturalidad-24x14.jpg 24w, https:\/\/blogsaverroes.juntadeandalucia.es\/educacionenvaloresdelegacionmalaga\/files\/2014\/04\/interculturalidad-36x20.jpg 36w, https:\/\/blogsaverroes.juntadeandalucia.es\/educacionenvaloresdelegacionmalaga\/files\/2014\/04\/interculturalidad-48x27.jpg 48w\" sizes=\"(max-width: 240px) 100vw, 240px\" \/><\/a>Se ha abierto el plazo de inscripci\u00f3n para el curso <strong>&#8220;La ense\u00f1anza del espa\u00f1ol para extranjeros&#8221;<\/strong>.\u00a0Se trata de un curso que abordar\u00e1 el tema desde diversos \u00e1mbitos: enfoque por tareas, recursos, portafolio europeo, etc.<\/p>\n<p style=\"text-align: justify\">Se certificar\u00e1n\u00a0<strong>60 horas<\/strong>\u00a0(m\u00ednimo que se exige en las convocatorias de puestos espec\u00edficos ATAL) y se desarrollar\u00e1 <strong>a distancia<\/strong>. Adem\u00e1s, habr\u00e1n <strong>dos sesiones presenciales<\/strong>, concretamente el 10 de abril y el 26 de mayo en V\u00e9lez-M\u00e1laga, que servir\u00e1n para explicar los contenidos del curso.<\/p>\n<p style=\"text-align: justify\">La<strong>\u00a0inscripci\u00f3n<\/strong>\u00a0puede realizarse desde S\u00e9neca (c\u00f3digo de la actividad 132926GE512) hasta el <strong>7 de abril<\/strong>.<\/p>\n<p>&nbsp;<\/p>\n","protected":false},"excerpt":{"rendered":"<p>Se ha abierto el plazo de inscripci\u00f3n para el curso &#8220;La ense\u00f1anza del espa\u00f1ol para extranjeros&#8221;.\u00a0Se trata de un curso que abordar\u00e1 el tema desde diversos \u00e1mbitos: enfoque por tareas, recursos, portafolio europeo, etc. Se certificar\u00e1n\u00a060 horas\u00a0(m\u00ednimo que se exige&#46;&#46;&#46;<\/p>\n","protected":false},"author":8104,"featured_media":0,"comment_status":"open","ping_status":"open","sticky":false,"template":"","format":"standard","meta":{"ngg_post_thumbnail":0,"footnotes":""},"categories":[11909],"tags":[],"aioseo_notices":[],"_links":{"self":[{"href":"https:\/\/blogsaverroes.juntadeandalucia.es\/educacionenvaloresdelegacionmalaga\/wp-json\/wp\/v2\/posts\/5367"}],"collection":[{"href":"https:\/\/blogsaverroes.juntadeandalucia.es\/educacionenvaloresdelegacionmalaga\/wp-json\/wp\/v2\/posts"}],"about":[{"href":"https:\/\/blogsaverroes.juntadeandalucia.es\/educacionenvaloresdelegacionmalaga\/wp-json\/wp\/v2\/types\/post"}],"author":[{"embeddable":true,"href":"https:\/\/blogsaverroes.juntadeandalucia.es\/educacionenvaloresdelegacionmalaga\/wp-json\/wp\/v2\/users\/8104"}],"replies":[{"embeddable":true,"href":"https:\/\/blogsaverroes.juntadeandalucia.es\/educacionenvaloresdelegacionmalaga\/wp-json\/wp\/v2\/comments?post=5367"}],"version-history":[{"count":0,"href":"https:\/\/blogsaverroes.juntadeandalucia.es\/educacionenvaloresdelegacionmalaga\/wp-json\/wp\/v2\/posts\/5367\/revisions"}],"wp:attachment":[{"href":"https:\/\/blogsaverroes.juntadeandalucia.es\/educacionenvaloresdelegacionmalaga\/wp-json\/wp\/v2\/media?parent=5367"}],"wp:term":[{"taxonomy":"category","embeddable":true,"href":"https:\/\/blogsaverroes.juntadeandalucia.es\/educacionenvaloresdelegacionmalaga\/wp-json\/wp\/v2\/categories?post=5367"},{"taxonomy":"post_tag","embeddable":true,"href":"https:\/\/blogsaverroes.juntadeandalucia.es\/educacionenvaloresdelegacionmalaga\/wp-json\/wp\/v2\/tags?post=5367"}],"curies":[{"name":"wp","href":"https:\/\/api.w.org\/{rel}","templated":true}]}}