{"id":107,"date":"2021-10-11T09:40:06","date_gmt":"2021-10-11T09:40:06","guid":{"rendered":"https:\/\/blogsaverroes.juntadeandalucia.es\/educacionpermanentemalaga\/?p=107"},"modified":"2021-10-11T09:46:09","modified_gmt":"2021-10-11T09:46:09","slug":"des-informate","status":"publish","type":"post","link":"https:\/\/blogsaverroes.juntadeandalucia.es\/educacionpermanentemalaga\/2021\/10\/11\/des-informate\/","title":{"rendered":"\u00abDes\u00bb Inf\u00f3rmate"},"content":{"rendered":"<p>Continuamos nuestro aporte para derribar bulos medi\u00e1ticos.<\/p>\n<p>En esta ocasi\u00f3n, con motivo de la celebraci\u00f3n del D\u00eda Internacional de la Ni\u00f1a os dejamos algunos datos relevantes.<\/p>\n<div style=\"width: 720px;\" class=\"wp-video\"><!--[if lt IE 9]><script>document.createElement('video');<\/script><![endif]-->\n<video class=\"wp-video-shortcode\" id=\"video-107-1\" width=\"720\" height=\"720\" preload=\"metadata\" controls=\"controls\"><source type=\"video\/mp4\" src=\"https:\/\/blogsaverroes.juntadeandalucia.es\/educacionpermanentemalaga\/files\/2021\/10\/VIDEO-2021-10-11-09-49-03.mp4?_=1\" \/><a href=\"https:\/\/blogsaverroes.juntadeandalucia.es\/educacionpermanentemalaga\/files\/2021\/10\/VIDEO-2021-10-11-09-49-03.mp4\">https:\/\/blogsaverroes.juntadeandalucia.es\/educacionpermanentemalaga\/files\/2021\/10\/VIDEO-2021-10-11-09-49-03.mp4<\/a><\/video><\/div>\n<p>&nbsp;<\/p>\n","protected":false},"excerpt":{"rendered":"<p>Continuamos nuestro aporte para derribar bulos medi\u00e1ticos. En esta ocasi\u00f3n, con motivo de la celebraci\u00f3n del D\u00eda Internacional de la Ni\u00f1a os dejamos algunos datos relevantes. &nbsp;<\/p>\n","protected":false},"author":12083,"featured_media":110,"comment_status":"open","ping_status":"open","sticky":false,"template":"","format":"standard","meta":{"ngg_post_thumbnail":0,"footnotes":""},"categories":[1],"tags":[],"aioseo_notices":[],"_links":{"self":[{"href":"https:\/\/blogsaverroes.juntadeandalucia.es\/educacionpermanentemalaga\/wp-json\/wp\/v2\/posts\/107"}],"collection":[{"href":"https:\/\/blogsaverroes.juntadeandalucia.es\/educacionpermanentemalaga\/wp-json\/wp\/v2\/posts"}],"about":[{"href":"https:\/\/blogsaverroes.juntadeandalucia.es\/educacionpermanentemalaga\/wp-json\/wp\/v2\/types\/post"}],"author":[{"embeddable":true,"href":"https:\/\/blogsaverroes.juntadeandalucia.es\/educacionpermanentemalaga\/wp-json\/wp\/v2\/users\/12083"}],"replies":[{"embeddable":true,"href":"https:\/\/blogsaverroes.juntadeandalucia.es\/educacionpermanentemalaga\/wp-json\/wp\/v2\/comments?post=107"}],"version-history":[{"count":1,"href":"https:\/\/blogsaverroes.juntadeandalucia.es\/educacionpermanentemalaga\/wp-json\/wp\/v2\/posts\/107\/revisions"}],"predecessor-version":[{"id":109,"href":"https:\/\/blogsaverroes.juntadeandalucia.es\/educacionpermanentemalaga\/wp-json\/wp\/v2\/posts\/107\/revisions\/109"}],"wp:featuredmedia":[{"embeddable":true,"href":"https:\/\/blogsaverroes.juntadeandalucia.es\/educacionpermanentemalaga\/wp-json\/wp\/v2\/media\/110"}],"wp:attachment":[{"href":"https:\/\/blogsaverroes.juntadeandalucia.es\/educacionpermanentemalaga\/wp-json\/wp\/v2\/media?parent=107"}],"wp:term":[{"taxonomy":"category","embeddable":true,"href":"https:\/\/blogsaverroes.juntadeandalucia.es\/educacionpermanentemalaga\/wp-json\/wp\/v2\/categories?post=107"},{"taxonomy":"post_tag","embeddable":true,"href":"https:\/\/blogsaverroes.juntadeandalucia.es\/educacionpermanentemalaga\/wp-json\/wp\/v2\/tags?post=107"}],"curies":[{"name":"wp","href":"https:\/\/api.w.org\/{rel}","templated":true}]}}