{"id":564500,"date":"2020-02-17T10:37:09","date_gmt":"2020-02-17T09:37:09","guid":{"rendered":"https:\/\/blogsaverroes.juntadeandalucia.es\/educandoenmalaga\/?p=564500"},"modified":"2020-02-17T10:37:09","modified_gmt":"2020-02-17T09:37:09","slug":"tech-talent-time-20","status":"publish","type":"post","link":"https:\/\/blogsaverroes.juntadeandalucia.es\/educandoenmalaga\/2020\/02\/17\/tech-talent-time-20\/","title":{"rendered":"Tech Talent Time \/20"},"content":{"rendered":"<p><a href=\"https:\/\/blogsaverroes.juntadeandalucia.es\/educandoenmalaga\/files\/2020\/02\/tech.jpg\"><img loading=\"lazy\" decoding=\"async\" class=\"alignleft size-medium wp-image-564501\" src=\"https:\/\/blogsaverroes.juntadeandalucia.es\/educandoenmalaga\/files\/2020\/02\/tech-300x212.jpg\" alt=\"\" width=\"300\" height=\"212\" srcset=\"https:\/\/blogsaverroes.juntadeandalucia.es\/educandoenmalaga\/files\/2020\/02\/tech-300x212.jpg 300w, https:\/\/blogsaverroes.juntadeandalucia.es\/educandoenmalaga\/files\/2020\/02\/tech-768x542.jpg 768w, https:\/\/blogsaverroes.juntadeandalucia.es\/educandoenmalaga\/files\/2020\/02\/tech-1024x723.jpg 1024w, https:\/\/blogsaverroes.juntadeandalucia.es\/educandoenmalaga\/files\/2020\/02\/tech-24x17.jpg 24w, https:\/\/blogsaverroes.juntadeandalucia.es\/educandoenmalaga\/files\/2020\/02\/tech-36x25.jpg 36w, https:\/\/blogsaverroes.juntadeandalucia.es\/educandoenmalaga\/files\/2020\/02\/tech-48x34.jpg 48w, https:\/\/blogsaverroes.juntadeandalucia.es\/educandoenmalaga\/files\/2020\/02\/tech.jpg 1130w\" sizes=\"(max-width: 300px) 100vw, 300px\" \/><\/a>Tech Talent Time es un evento para empresas y estudiantes de FP que se celebrar\u00e1 el pr\u00f3ximo 11 de marzo en el Parque Tecnol\u00f3gico de Andaluc\u00eda (PTA).<\/p>\n<p>Este evento tiene como objetivo poner en contacto a los estudiantes de las ramas t\u00e9cnicas de FP (desarrollo web, videojuegos, administraci\u00f3n de sistemas, desarrollo multiplataforma, Marketing digital, etc.) con empresas del sector digital, fomentando el conocimiento, intercambio de experiencias y la empleabilidad de los m\u00e1s j\u00f3venes.<\/p>\n<p>Contar\u00e1 con stands de empresas tecnol\u00f3gicas de referencia, interesantes talleres \u201ctech\u201d, charlas de orientaci\u00f3n laboral, conferencias y mesas redondas sobre salidas profesionales digitales en el sector p\u00fablico y privado, visitas a empresas y otras actividades.<\/p>\n<ul>\n<li>Participaci\u00f3n de m\u00e1s de 30 centros de Formaci\u00f3n Profesional<\/li>\n<li>Asistencia de m\u00e1s de 500 estudiantes<\/li>\n<li>Participaci\u00f3n de m\u00e1s de 50 empresas<\/li>\n<li>M\u00e1s de 50 actividades: charlas, conferencias, mesas redondas, talleres, visitas a empresas, experiencias inmersivas, etc.<\/li>\n<\/ul>\n<p>https:\/\/www.youtube.com\/watch?v=2Ztx3y9urfk&#038;feature=emb_logo<\/p>\n<p><a href=\"https:\/\/blogsaverroes.juntadeandalucia.es\/educandoenmalaga\/files\/2020\/02\/Programa-Tech-Talent-Time-20.pdf\">Programa Tech Talent Time 20<\/a><\/p>\n<p><a href=\"https:\/\/blogsaverroes.juntadeandalucia.es\/educandoenmalaga\/files\/2020\/02\/Patrocinio-Tech-Talent-Time-20.pdf\">Patrocinio Tech Talent Time 20<\/a><\/p>\n","protected":false},"excerpt":{"rendered":"<p>Tech Talent Time es un evento para empresas y estudiantes de FP que se celebrar\u00e1 el pr\u00f3ximo 11 de marzo en el Parque Tecnol\u00f3gico de Andaluc\u00eda (PTA). Este evento tiene como objetivo poner en&#46;&#46;&#46;<\/p>\n","protected":false},"author":2757,"featured_media":564501,"comment_status":"closed","ping_status":"closed","sticky":false,"template":"","format":"standard","meta":{"ngg_post_thumbnail":0,"footnotes":""},"categories":[19],"tags":[],"aioseo_notices":[],"_links":{"self":[{"href":"https:\/\/blogsaverroes.juntadeandalucia.es\/educandoenmalaga\/wp-json\/wp\/v2\/posts\/564500"}],"collection":[{"href":"https:\/\/blogsaverroes.juntadeandalucia.es\/educandoenmalaga\/wp-json\/wp\/v2\/posts"}],"about":[{"href":"https:\/\/blogsaverroes.juntadeandalucia.es\/educandoenmalaga\/wp-json\/wp\/v2\/types\/post"}],"author":[{"embeddable":true,"href":"https:\/\/blogsaverroes.juntadeandalucia.es\/educandoenmalaga\/wp-json\/wp\/v2\/users\/2757"}],"replies":[{"embeddable":true,"href":"https:\/\/blogsaverroes.juntadeandalucia.es\/educandoenmalaga\/wp-json\/wp\/v2\/comments?post=564500"}],"version-history":[{"count":1,"href":"https:\/\/blogsaverroes.juntadeandalucia.es\/educandoenmalaga\/wp-json\/wp\/v2\/posts\/564500\/revisions"}],"predecessor-version":[{"id":564504,"href":"https:\/\/blogsaverroes.juntadeandalucia.es\/educandoenmalaga\/wp-json\/wp\/v2\/posts\/564500\/revisions\/564504"}],"wp:featuredmedia":[{"embeddable":true,"href":"https:\/\/blogsaverroes.juntadeandalucia.es\/educandoenmalaga\/wp-json\/wp\/v2\/media\/564501"}],"wp:attachment":[{"href":"https:\/\/blogsaverroes.juntadeandalucia.es\/educandoenmalaga\/wp-json\/wp\/v2\/media?parent=564500"}],"wp:term":[{"taxonomy":"category","embeddable":true,"href":"https:\/\/blogsaverroes.juntadeandalucia.es\/educandoenmalaga\/wp-json\/wp\/v2\/categories?post=564500"},{"taxonomy":"post_tag","embeddable":true,"href":"https:\/\/blogsaverroes.juntadeandalucia.es\/educandoenmalaga\/wp-json\/wp\/v2\/tags?post=564500"}],"curies":[{"name":"wp","href":"https:\/\/api.w.org\/{rel}","templated":true}]}}