{"id":570408,"date":"2022-11-10T11:55:19","date_gmt":"2022-11-10T10:55:19","guid":{"rendered":"https:\/\/blogsaverroes.juntadeandalucia.es\/educandoenmalaga\/?p=570408"},"modified":"2022-11-10T11:56:36","modified_gmt":"2022-11-10T10:56:36","slug":"se-presenta-en-el-ies-miraya-del-mar-la-campana-despilfarro-cero","status":"publish","type":"post","link":"https:\/\/blogsaverroes.juntadeandalucia.es\/educandoenmalaga\/2022\/11\/10\/se-presenta-en-el-ies-miraya-del-mar-la-campana-despilfarro-cero\/","title":{"rendered":"Se presenta en el IES Miraya del Mar la campa\u00f1a \u00abDespilfarro Cero\u00bb"},"content":{"rendered":"<p class=\"normal\" style=\"text-align: justify\"><span style=\"font-size: 9.0pt\">La ONG Bancosol, Banco de alimentos de la Costa del Sol, con la colaboraci\u00f3n de la Delegaci\u00f3n Territorial de Educaci\u00f3n y Deporte, ha puesto en marcha en centros educativos p\u00fablicos, concertados y privados, una nueva edici\u00f3n de la campa\u00f1a de concienciaci\u00f3n \u201cDespilfarro Cero\u201d, para luchar contra el derroche de alimentos en el hogar y para fomentar el consumo responsable. <\/span><span style=\"font-size: 9.0pt\">La iniciativa consiste en unos talleres dirigidos al alumnado de 1\u00ba de bachillerato que, tras una actividad formativa y un proceso de investigaci\u00f3n acerca del despilfarro de alimentos y sus consecuencias, elaboran una presentaci\u00f3n para concienciar a alumnos de cursos inferiores. Igualmente, se dan a conocer los objetivos de desarrollo sostenible 2030, auspiciados por Naciones Unidas, para acabar con la pobreza extrema y luchar contra la desigualdad y la injusticia. La presentaci\u00f3n ha tenido lugar en el IES Miraya del Mar (Torre del Mar) y se desarrollar\u00e1 en 35 centros de la provincia.<\/span><\/p>\nngg_shortcode_0_placeholder\n","protected":false},"excerpt":{"rendered":"<p>La ONG Bancosol, Banco de alimentos de la Costa del Sol, con la colaboraci\u00f3n de la Delegaci\u00f3n Territorial de Educaci\u00f3n y Deporte, ha puesto en marcha en centros educativos p\u00fablicos, concertados y privados, una&#46;&#46;&#46;<\/p>\n","protected":false},"author":2757,"featured_media":570409,"comment_status":"closed","ping_status":"closed","sticky":false,"template":"","format":"standard","meta":{"ngg_post_thumbnail":0,"footnotes":""},"categories":[19],"tags":[],"aioseo_notices":[],"_links":{"self":[{"href":"https:\/\/blogsaverroes.juntadeandalucia.es\/educandoenmalaga\/wp-json\/wp\/v2\/posts\/570408"}],"collection":[{"href":"https:\/\/blogsaverroes.juntadeandalucia.es\/educandoenmalaga\/wp-json\/wp\/v2\/posts"}],"about":[{"href":"https:\/\/blogsaverroes.juntadeandalucia.es\/educandoenmalaga\/wp-json\/wp\/v2\/types\/post"}],"author":[{"embeddable":true,"href":"https:\/\/blogsaverroes.juntadeandalucia.es\/educandoenmalaga\/wp-json\/wp\/v2\/users\/2757"}],"replies":[{"embeddable":true,"href":"https:\/\/blogsaverroes.juntadeandalucia.es\/educandoenmalaga\/wp-json\/wp\/v2\/comments?post=570408"}],"version-history":[{"count":2,"href":"https:\/\/blogsaverroes.juntadeandalucia.es\/educandoenmalaga\/wp-json\/wp\/v2\/posts\/570408\/revisions"}],"predecessor-version":[{"id":570411,"href":"https:\/\/blogsaverroes.juntadeandalucia.es\/educandoenmalaga\/wp-json\/wp\/v2\/posts\/570408\/revisions\/570411"}],"wp:featuredmedia":[{"embeddable":true,"href":"https:\/\/blogsaverroes.juntadeandalucia.es\/educandoenmalaga\/wp-json\/wp\/v2\/media\/570409"}],"wp:attachment":[{"href":"https:\/\/blogsaverroes.juntadeandalucia.es\/educandoenmalaga\/wp-json\/wp\/v2\/media?parent=570408"}],"wp:term":[{"taxonomy":"category","embeddable":true,"href":"https:\/\/blogsaverroes.juntadeandalucia.es\/educandoenmalaga\/wp-json\/wp\/v2\/categories?post=570408"},{"taxonomy":"post_tag","embeddable":true,"href":"https:\/\/blogsaverroes.juntadeandalucia.es\/educandoenmalaga\/wp-json\/wp\/v2\/tags?post=570408"}],"curies":[{"name":"wp","href":"https:\/\/api.w.org\/{rel}","templated":true}]}}