{"id":2294,"date":"2019-06-14T10:01:54","date_gmt":"2019-06-14T10:01:54","guid":{"rendered":"https:\/\/blogsaverroes.juntadeandalucia.es\/educasanvicente\/?p=2294"},"modified":"2019-06-14T10:40:35","modified_gmt":"2019-06-14T10:40:35","slug":"2294","status":"publish","type":"post","link":"https:\/\/blogsaverroes.juntadeandalucia.es\/educasanvicente\/2019\/06\/14\/2294\/","title":{"rendered":"DESAYUNO SALUDABLE, MI\u00c9RCOLES 19"},"content":{"rendered":"<p>EL MI\u00c9RCOLES, 19 DE JUNIO, celebraremos un <strong>DESAYUNO SALUDABLE<\/strong>&nbsp; con frutas de la temporada. Los alumnos\/as deber\u00e1n traer el d\u00eda anterior, <em>martes 18, una pieza de fruta<\/em> (Mel\u00f3n, sand\u00eda, mandarina, tomates cherrys&#8230;) para compartirla con sus compa\u00f1eros\/as.<\/p>\n<p>Adem\u00e1s, para colaborar con el cuidado del<strong> MEDIOAMBIENTE<\/strong>, se pide que los alumnos\/as traigan un <em>peque\u00f1o recipiente de pl\u00e1stico dur<\/em>o para servirse la fruta.<\/p>\n","protected":false},"excerpt":{"rendered":"<p>EL MI\u00c9RCOLES, 19 DE JUNIO, celebraremos un DESAYUNO SALUDABLE&nbsp; con frutas de la temporada. Los alumnos\/as deber\u00e1n traer el d\u00eda anterior, martes 18, una pieza de fruta (Mel\u00f3n, sand\u00eda, mandarina, tomates cherrys&#8230;) para compartirla&#46;&#46;&#46;<\/p>\n","protected":false},"author":6273,"featured_media":0,"comment_status":"open","ping_status":"open","sticky":false,"template":"","format":"standard","meta":{"ngg_post_thumbnail":0,"footnotes":""},"categories":[11909],"tags":[],"aioseo_notices":[],"_links":{"self":[{"href":"https:\/\/blogsaverroes.juntadeandalucia.es\/educasanvicente\/wp-json\/wp\/v2\/posts\/2294"}],"collection":[{"href":"https:\/\/blogsaverroes.juntadeandalucia.es\/educasanvicente\/wp-json\/wp\/v2\/posts"}],"about":[{"href":"https:\/\/blogsaverroes.juntadeandalucia.es\/educasanvicente\/wp-json\/wp\/v2\/types\/post"}],"author":[{"embeddable":true,"href":"https:\/\/blogsaverroes.juntadeandalucia.es\/educasanvicente\/wp-json\/wp\/v2\/users\/6273"}],"replies":[{"embeddable":true,"href":"https:\/\/blogsaverroes.juntadeandalucia.es\/educasanvicente\/wp-json\/wp\/v2\/comments?post=2294"}],"version-history":[{"count":2,"href":"https:\/\/blogsaverroes.juntadeandalucia.es\/educasanvicente\/wp-json\/wp\/v2\/posts\/2294\/revisions"}],"predecessor-version":[{"id":2296,"href":"https:\/\/blogsaverroes.juntadeandalucia.es\/educasanvicente\/wp-json\/wp\/v2\/posts\/2294\/revisions\/2296"}],"wp:attachment":[{"href":"https:\/\/blogsaverroes.juntadeandalucia.es\/educasanvicente\/wp-json\/wp\/v2\/media?parent=2294"}],"wp:term":[{"taxonomy":"category","embeddable":true,"href":"https:\/\/blogsaverroes.juntadeandalucia.es\/educasanvicente\/wp-json\/wp\/v2\/categories?post=2294"},{"taxonomy":"post_tag","embeddable":true,"href":"https:\/\/blogsaverroes.juntadeandalucia.es\/educasanvicente\/wp-json\/wp\/v2\/tags?post=2294"}],"curies":[{"name":"wp","href":"https:\/\/api.w.org\/{rel}","templated":true}]}}