{"id":2929,"date":"2020-03-27T18:07:10","date_gmt":"2020-03-27T18:07:10","guid":{"rendered":"https:\/\/blogsaverroes.juntadeandalucia.es\/educasanvicente\/?p=2929"},"modified":"2020-03-27T18:07:10","modified_gmt":"2020-03-27T18:07:10","slug":"5o-viernes-3","status":"publish","type":"post","link":"https:\/\/blogsaverroes.juntadeandalucia.es\/educasanvicente\/2020\/03\/27\/5o-viernes-3\/","title":{"rendered":"5\u00ba. Viernes 3"},"content":{"rendered":"<p><strong>LENGUA<\/strong><\/p>\n<ul>\n<li>Hacer un dibujo relacionado con el cap\u00edtulo 1 del libro de lectura que est\u00e1is leyendo. Hay que rellenar toda la hoja del cuaderno. No vale hacer un dibujo diminuto en una esquina de la hoja. Y despu\u00e9s colorearlo.<\/li>\n<li>Hacer un dibujo relacionado con el cap\u00edtulo 2 del libro de lectura que est\u00e1is leyendo.<\/li>\n<\/ul>\n<p>De matem\u00e1ticas no os mando nada pero sab\u00e9is que si por ejemplo no os sab\u00e9is bien las tablas deb\u00e9is repasarlas.<\/p>\n<p>BUEN FIN DE SEMANA Y SER POSITIVOS. YA QUEDA MENOS. GROS BISOUS.<\/p>\n","protected":false},"excerpt":{"rendered":"<p>LENGUA Hacer un dibujo relacionado con el cap\u00edtulo 1 del libro de lectura que est\u00e1is leyendo. Hay que rellenar toda la hoja del cuaderno. No vale hacer un dibujo diminuto en una esquina de&#46;&#46;&#46;<\/p>\n","protected":false},"author":6273,"featured_media":0,"comment_status":"open","ping_status":"open","sticky":false,"template":"","format":"standard","meta":{"ngg_post_thumbnail":0,"footnotes":""},"categories":[11909],"tags":[],"aioseo_notices":[],"_links":{"self":[{"href":"https:\/\/blogsaverroes.juntadeandalucia.es\/educasanvicente\/wp-json\/wp\/v2\/posts\/2929"}],"collection":[{"href":"https:\/\/blogsaverroes.juntadeandalucia.es\/educasanvicente\/wp-json\/wp\/v2\/posts"}],"about":[{"href":"https:\/\/blogsaverroes.juntadeandalucia.es\/educasanvicente\/wp-json\/wp\/v2\/types\/post"}],"author":[{"embeddable":true,"href":"https:\/\/blogsaverroes.juntadeandalucia.es\/educasanvicente\/wp-json\/wp\/v2\/users\/6273"}],"replies":[{"embeddable":true,"href":"https:\/\/blogsaverroes.juntadeandalucia.es\/educasanvicente\/wp-json\/wp\/v2\/comments?post=2929"}],"version-history":[{"count":1,"href":"https:\/\/blogsaverroes.juntadeandalucia.es\/educasanvicente\/wp-json\/wp\/v2\/posts\/2929\/revisions"}],"predecessor-version":[{"id":2930,"href":"https:\/\/blogsaverroes.juntadeandalucia.es\/educasanvicente\/wp-json\/wp\/v2\/posts\/2929\/revisions\/2930"}],"wp:attachment":[{"href":"https:\/\/blogsaverroes.juntadeandalucia.es\/educasanvicente\/wp-json\/wp\/v2\/media?parent=2929"}],"wp:term":[{"taxonomy":"category","embeddable":true,"href":"https:\/\/blogsaverroes.juntadeandalucia.es\/educasanvicente\/wp-json\/wp\/v2\/categories?post=2929"},{"taxonomy":"post_tag","embeddable":true,"href":"https:\/\/blogsaverroes.juntadeandalucia.es\/educasanvicente\/wp-json\/wp\/v2\/tags?post=2929"}],"curies":[{"name":"wp","href":"https:\/\/api.w.org\/{rel}","templated":true}]}}