{"id":3457,"date":"2020-04-25T19:17:18","date_gmt":"2020-04-25T19:17:18","guid":{"rendered":"https:\/\/blogsaverroes.juntadeandalucia.es\/educasanvicente\/?p=3457"},"modified":"2020-04-25T19:17:53","modified_gmt":"2020-04-25T19:17:53","slug":"2o-jueves-30","status":"publish","type":"post","link":"https:\/\/blogsaverroes.juntadeandalucia.es\/educasanvicente\/2020\/04\/25\/2o-jueves-30\/","title":{"rendered":"2\u00ba. Jueves 30"},"content":{"rendered":"<p><strong>LENGUA<\/strong> &nbsp;&nbsp;&nbsp;&nbsp;&nbsp;&nbsp;&nbsp;&nbsp;&nbsp;&nbsp;&nbsp;&nbsp;&nbsp;&nbsp;&nbsp;&nbsp;&nbsp;&nbsp;&nbsp;&nbsp;&nbsp;&nbsp;&nbsp;&nbsp;&nbsp;&nbsp;&nbsp;&nbsp;&nbsp;&nbsp;&nbsp;&nbsp;&nbsp;&nbsp;&nbsp;&nbsp;&nbsp;&nbsp;&nbsp;&nbsp;&nbsp;&nbsp;&nbsp;&nbsp;&nbsp;&nbsp;&nbsp;&nbsp;&nbsp;&nbsp;&nbsp;&nbsp;&nbsp;&nbsp;&nbsp;&nbsp;&nbsp;&nbsp;&nbsp;&nbsp;&nbsp;&nbsp;&nbsp;&nbsp;&nbsp;&nbsp;&nbsp;&nbsp;&nbsp;&nbsp;&nbsp;&nbsp;&nbsp;&nbsp;&nbsp;&nbsp;&nbsp;&nbsp;&nbsp;&nbsp;&nbsp;&nbsp;&nbsp;&nbsp;&nbsp;<strong>FECHA: 30\/04\/2020<\/strong>&nbsp;&nbsp;&nbsp;&nbsp;&nbsp;&nbsp;&nbsp;&nbsp;&nbsp;&nbsp;&nbsp;&nbsp;&nbsp;&nbsp;&nbsp;&nbsp;&nbsp;&nbsp;&nbsp;&nbsp;&nbsp;&nbsp;&nbsp;&nbsp;&nbsp;&nbsp;&nbsp;&nbsp;&nbsp;&nbsp;&nbsp;&nbsp;&nbsp;&nbsp;&nbsp;&nbsp;&nbsp;&nbsp;&nbsp;&nbsp;&nbsp;&nbsp;&nbsp;&nbsp;&nbsp;&nbsp;&nbsp;&nbsp;&nbsp;&nbsp;&nbsp;&nbsp;&nbsp;&nbsp;&nbsp;&nbsp;&nbsp;&nbsp;<\/p>\n<p><strong>TEMA 9 \u00bfVEMOS LA TELE?<\/strong><\/p>\n<p><a href=\"https:\/\/blogsaverroes.juntadeandalucia.es\/educasanvicente\/files\/2020\/04\/j1.jpg\"><img loading=\"lazy\" decoding=\"async\" class=\"alignnone size-full wp-image-3458\" src=\"https:\/\/blogsaverroes.juntadeandalucia.es\/educasanvicente\/files\/2020\/04\/j1.jpg\" alt=\"\" width=\"1281\" height=\"1600\" srcset=\"https:\/\/blogsaverroes.juntadeandalucia.es\/educasanvicente\/files\/2020\/04\/j1.jpg 1281w, https:\/\/blogsaverroes.juntadeandalucia.es\/educasanvicente\/files\/2020\/04\/j1-240x300.jpg 240w, https:\/\/blogsaverroes.juntadeandalucia.es\/educasanvicente\/files\/2020\/04\/j1-768x959.jpg 768w, https:\/\/blogsaverroes.juntadeandalucia.es\/educasanvicente\/files\/2020\/04\/j1-820x1024.jpg 820w, https:\/\/blogsaverroes.juntadeandalucia.es\/educasanvicente\/files\/2020\/04\/j1-19x24.jpg 19w, https:\/\/blogsaverroes.juntadeandalucia.es\/educasanvicente\/files\/2020\/04\/j1-29x36.jpg 29w, https:\/\/blogsaverroes.juntadeandalucia.es\/educasanvicente\/files\/2020\/04\/j1-38x48.jpg 38w\" sizes=\"(max-width: 1281px) 100vw, 1281px\" \/><\/a> <a href=\"https:\/\/blogsaverroes.juntadeandalucia.es\/educasanvicente\/files\/2020\/04\/j2.jpg\"><img loading=\"lazy\" decoding=\"async\" class=\"alignnone size-full wp-image-3459\" src=\"https:\/\/blogsaverroes.juntadeandalucia.es\/educasanvicente\/files\/2020\/04\/j2.jpg\" alt=\"\" width=\"1281\" height=\"1600\" srcset=\"https:\/\/blogsaverroes.juntadeandalucia.es\/educasanvicente\/files\/2020\/04\/j2.jpg 1281w, https:\/\/blogsaverroes.juntadeandalucia.es\/educasanvicente\/files\/2020\/04\/j2-240x300.jpg 240w, https:\/\/blogsaverroes.juntadeandalucia.es\/educasanvicente\/files\/2020\/04\/j2-768x959.jpg 768w, https:\/\/blogsaverroes.juntadeandalucia.es\/educasanvicente\/files\/2020\/04\/j2-820x1024.jpg 820w, https:\/\/blogsaverroes.juntadeandalucia.es\/educasanvicente\/files\/2020\/04\/j2-19x24.jpg 19w, https:\/\/blogsaverroes.juntadeandalucia.es\/educasanvicente\/files\/2020\/04\/j2-29x36.jpg 29w, https:\/\/blogsaverroes.juntadeandalucia.es\/educasanvicente\/files\/2020\/04\/j2-38x48.jpg 38w\" sizes=\"(max-width: 1281px) 100vw, 1281px\" \/><\/a><\/p>\n<p>Cuando hayas terminado de leer la lectura, pones la fecha y escribes 6 oraciones intentando resumir la lectura.<\/p>\n<p>Jueves, 30 de abril de 2020. (Dejamos un rengl\u00f3n al poner la fecha).<\/p>\n<p>1\u00ba Escribe 6 oraciones sobre la lectura. (No olvides empezar en may\u00fascula y poner los puntos al final de cada oraci\u00f3n). Escribe con letra bonita.<\/p>\n<p>&nbsp;<\/p>\n<p><strong>FECHA: 30\/04\/2020<\/strong>.<\/p>\n<p>Buenos d\u00edas!. Comenzamos nuestras clase: preparados, listos, ya.<\/p>\n<p><strong><u>MATEM\u00c1TICAS<\/u><\/strong><\/p>\n<p><strong>Tema 9: El DINERO.<\/strong><\/p>\n<p><strong>Jueves, 30 de abril de 2020 <\/strong>&nbsp;(Nos dejamos un rengl\u00f3n en blanco)<\/p>\n<p><strong>1\u00ba)<\/strong> Los ni\u00f1os que tengan el libro en su casa hacen las actividades de las p\u00e1ginas 150 y 151 y los que no se fijan de las hojas que pongo aqu\u00ed. Solo hay que poner el n\u00famero del ejercicio y contestar<\/p>\n<p>Ejemplo:&nbsp;&nbsp;&nbsp;&nbsp;&nbsp; &nbsp;1)&nbsp;&nbsp;&nbsp; 2 euros y 73 c\u00e9ntimos.<\/p>\n<p><a href=\"https:\/\/blogsaverroes.juntadeandalucia.es\/educasanvicente\/files\/2020\/04\/j1-1.jpg\"><img loading=\"lazy\" decoding=\"async\" class=\"alignnone size-full wp-image-3460\" src=\"https:\/\/blogsaverroes.juntadeandalucia.es\/educasanvicente\/files\/2020\/04\/j1-1.jpg\" alt=\"\" width=\"1374\" height=\"1600\" srcset=\"https:\/\/blogsaverroes.juntadeandalucia.es\/educasanvicente\/files\/2020\/04\/j1-1.jpg 1374w, https:\/\/blogsaverroes.juntadeandalucia.es\/educasanvicente\/files\/2020\/04\/j1-1-258x300.jpg 258w, https:\/\/blogsaverroes.juntadeandalucia.es\/educasanvicente\/files\/2020\/04\/j1-1-768x895.jpg 768w, https:\/\/blogsaverroes.juntadeandalucia.es\/educasanvicente\/files\/2020\/04\/j1-1-879x1024.jpg 879w, https:\/\/blogsaverroes.juntadeandalucia.es\/educasanvicente\/files\/2020\/04\/j1-1-21x24.jpg 21w, https:\/\/blogsaverroes.juntadeandalucia.es\/educasanvicente\/files\/2020\/04\/j1-1-31x36.jpg 31w, https:\/\/blogsaverroes.juntadeandalucia.es\/educasanvicente\/files\/2020\/04\/j1-1-41x48.jpg 41w\" sizes=\"(max-width: 1374px) 100vw, 1374px\" \/><\/a> <a href=\"https:\/\/blogsaverroes.juntadeandalucia.es\/educasanvicente\/files\/2020\/04\/j2-1.jpg\"><img loading=\"lazy\" decoding=\"async\" class=\"alignnone size-full wp-image-3461\" src=\"https:\/\/blogsaverroes.juntadeandalucia.es\/educasanvicente\/files\/2020\/04\/j2-1.jpg\" alt=\"\" width=\"1335\" height=\"1600\" srcset=\"https:\/\/blogsaverroes.juntadeandalucia.es\/educasanvicente\/files\/2020\/04\/j2-1.jpg 1335w, https:\/\/blogsaverroes.juntadeandalucia.es\/educasanvicente\/files\/2020\/04\/j2-1-250x300.jpg 250w, https:\/\/blogsaverroes.juntadeandalucia.es\/educasanvicente\/files\/2020\/04\/j2-1-768x920.jpg 768w, https:\/\/blogsaverroes.juntadeandalucia.es\/educasanvicente\/files\/2020\/04\/j2-1-855x1024.jpg 855w, https:\/\/blogsaverroes.juntadeandalucia.es\/educasanvicente\/files\/2020\/04\/j2-1-20x24.jpg 20w, https:\/\/blogsaverroes.juntadeandalucia.es\/educasanvicente\/files\/2020\/04\/j2-1-30x36.jpg 30w, https:\/\/blogsaverroes.juntadeandalucia.es\/educasanvicente\/files\/2020\/04\/j2-1-40x48.jpg 40w\" sizes=\"(max-width: 1335px) 100vw, 1335px\" \/><\/a><\/p>\n<p>Chicos y chicas, el viernes 1 y el lunes 4 de mayo, no hay tarea, son d\u00edas festivos. Muchas gracias.<\/p>\n<p>Feliz puente mis ni\u00f1@s&nbsp; guap@s!!!!!<\/p>\n<p>&nbsp;<\/p>\n<p><a href=\"https:\/\/blogsaverroes.juntadeandalucia.es\/educasanvicente\/files\/2020\/04\/cc1-1.png\"><img loading=\"lazy\" decoding=\"async\" class=\"alignnone size-full wp-image-3462\" src=\"https:\/\/blogsaverroes.juntadeandalucia.es\/educasanvicente\/files\/2020\/04\/cc1-1.png\" alt=\"\" width=\"458\" height=\"691\" srcset=\"https:\/\/blogsaverroes.juntadeandalucia.es\/educasanvicente\/files\/2020\/04\/cc1-1.png 458w, https:\/\/blogsaverroes.juntadeandalucia.es\/educasanvicente\/files\/2020\/04\/cc1-1-199x300.png 199w, https:\/\/blogsaverroes.juntadeandalucia.es\/educasanvicente\/files\/2020\/04\/cc1-1-16x24.png 16w, https:\/\/blogsaverroes.juntadeandalucia.es\/educasanvicente\/files\/2020\/04\/cc1-1-24x36.png 24w, https:\/\/blogsaverroes.juntadeandalucia.es\/educasanvicente\/files\/2020\/04\/cc1-1-32x48.png 32w\" sizes=\"(max-width: 458px) 100vw, 458px\" \/><\/a> <a href=\"https:\/\/blogsaverroes.juntadeandalucia.es\/educasanvicente\/files\/2020\/04\/cc2-2.png\"><img loading=\"lazy\" decoding=\"async\" class=\"alignnone size-full wp-image-3463\" src=\"https:\/\/blogsaverroes.juntadeandalucia.es\/educasanvicente\/files\/2020\/04\/cc2-2.png\" alt=\"\" width=\"524\" height=\"766\" srcset=\"https:\/\/blogsaverroes.juntadeandalucia.es\/educasanvicente\/files\/2020\/04\/cc2-2.png 524w, https:\/\/blogsaverroes.juntadeandalucia.es\/educasanvicente\/files\/2020\/04\/cc2-2-205x300.png 205w, https:\/\/blogsaverroes.juntadeandalucia.es\/educasanvicente\/files\/2020\/04\/cc2-2-16x24.png 16w, https:\/\/blogsaverroes.juntadeandalucia.es\/educasanvicente\/files\/2020\/04\/cc2-2-25x36.png 25w, https:\/\/blogsaverroes.juntadeandalucia.es\/educasanvicente\/files\/2020\/04\/cc2-2-33x48.png 33w\" sizes=\"(max-width: 524px) 100vw, 524px\" \/><\/a><\/p>\n<p>Puedes ver el video sobre el ciclo del agua (water ciclo) en el siguiente enlace<\/p>\n<p>&nbsp;<\/p>\n<p><a href=\"https:\/\/www.youtube.com\/watch?v=ncORPosDrjI\">https:\/\/www.youtube.com\/watch?v=ncORPosDrjI<\/a><\/p>\n<p>&nbsp;<\/p>\n<p><a href=\"https:\/\/blogsaverroes.juntadeandalucia.es\/educasanvicente\/files\/2020\/04\/cc3-1.png\"><img loading=\"lazy\" decoding=\"async\" class=\"alignnone size-full wp-image-3464\" src=\"https:\/\/blogsaverroes.juntadeandalucia.es\/educasanvicente\/files\/2020\/04\/cc3-1.png\" alt=\"\" width=\"462\" height=\"113\" srcset=\"https:\/\/blogsaverroes.juntadeandalucia.es\/educasanvicente\/files\/2020\/04\/cc3-1.png 462w, https:\/\/blogsaverroes.juntadeandalucia.es\/educasanvicente\/files\/2020\/04\/cc3-1-300x73.png 300w, https:\/\/blogsaverroes.juntadeandalucia.es\/educasanvicente\/files\/2020\/04\/cc3-1-24x6.png 24w, https:\/\/blogsaverroes.juntadeandalucia.es\/educasanvicente\/files\/2020\/04\/cc3-1-36x9.png 36w, https:\/\/blogsaverroes.juntadeandalucia.es\/educasanvicente\/files\/2020\/04\/cc3-1-48x12.png 48w\" sizes=\"(max-width: 462px) 100vw, 462px\" \/><\/a><\/p>\n<p>&nbsp;<\/p>\n<p>&nbsp;<\/p>\n<p>&nbsp;<\/p>\n<p>&nbsp;<\/p>\n","protected":false},"excerpt":{"rendered":"<p>LENGUA &nbsp;&nbsp;&nbsp;&nbsp;&nbsp;&nbsp;&nbsp;&nbsp;&nbsp;&nbsp;&nbsp;&nbsp;&nbsp;&nbsp;&nbsp;&nbsp;&nbsp;&nbsp;&nbsp;&nbsp;&nbsp;&nbsp;&nbsp;&nbsp;&nbsp;&nbsp;&nbsp;&nbsp;&nbsp;&nbsp;&nbsp;&nbsp;&nbsp;&nbsp;&nbsp;&nbsp;&nbsp;&nbsp;&nbsp;&nbsp;&nbsp;&nbsp;&nbsp;&nbsp;&nbsp;&nbsp;&nbsp;&nbsp;&nbsp;&nbsp;&nbsp;&nbsp;&nbsp;&nbsp;&nbsp;&nbsp;&nbsp;&nbsp;&nbsp;&nbsp;&nbsp;&nbsp;&nbsp;&nbsp;&nbsp;&nbsp;&nbsp;&nbsp;&nbsp;&nbsp;&nbsp;&nbsp;&nbsp;&nbsp;&nbsp;&nbsp;&nbsp;&nbsp;&nbsp;&nbsp;&nbsp;&nbsp;&nbsp;&nbsp;&nbsp;FECHA: 30\/04\/2020&nbsp;&nbsp;&nbsp;&nbsp;&nbsp;&nbsp;&nbsp;&nbsp;&nbsp;&nbsp;&nbsp;&nbsp;&nbsp;&nbsp;&nbsp;&nbsp;&nbsp;&nbsp;&nbsp;&nbsp;&nbsp;&nbsp;&nbsp;&nbsp;&nbsp;&nbsp;&nbsp;&nbsp;&nbsp;&nbsp;&nbsp;&nbsp;&nbsp;&nbsp;&nbsp;&nbsp;&nbsp;&nbsp;&nbsp;&nbsp;&nbsp;&nbsp;&nbsp;&nbsp;&nbsp;&nbsp;&nbsp;&nbsp;&nbsp;&nbsp;&nbsp;&nbsp;&nbsp;&nbsp;&nbsp;&nbsp;&nbsp;&nbsp; TEMA 9 \u00bfVEMOS LA TELE? Cuando hayas terminado de leer la lectura, pones la fecha y escribes 6 oraciones intentando resumir la lectura. Jueves, 30 de abril de 2020. (Dejamos un&#46;&#46;&#46;<\/p>\n","protected":false},"author":6273,"featured_media":0,"comment_status":"open","ping_status":"open","sticky":false,"template":"","format":"standard","meta":{"ngg_post_thumbnail":0,"footnotes":""},"categories":[11909],"tags":[],"aioseo_notices":[],"_links":{"self":[{"href":"https:\/\/blogsaverroes.juntadeandalucia.es\/educasanvicente\/wp-json\/wp\/v2\/posts\/3457"}],"collection":[{"href":"https:\/\/blogsaverroes.juntadeandalucia.es\/educasanvicente\/wp-json\/wp\/v2\/posts"}],"about":[{"href":"https:\/\/blogsaverroes.juntadeandalucia.es\/educasanvicente\/wp-json\/wp\/v2\/types\/post"}],"author":[{"embeddable":true,"href":"https:\/\/blogsaverroes.juntadeandalucia.es\/educasanvicente\/wp-json\/wp\/v2\/users\/6273"}],"replies":[{"embeddable":true,"href":"https:\/\/blogsaverroes.juntadeandalucia.es\/educasanvicente\/wp-json\/wp\/v2\/comments?post=3457"}],"version-history":[{"count":1,"href":"https:\/\/blogsaverroes.juntadeandalucia.es\/educasanvicente\/wp-json\/wp\/v2\/posts\/3457\/revisions"}],"predecessor-version":[{"id":3465,"href":"https:\/\/blogsaverroes.juntadeandalucia.es\/educasanvicente\/wp-json\/wp\/v2\/posts\/3457\/revisions\/3465"}],"wp:attachment":[{"href":"https:\/\/blogsaverroes.juntadeandalucia.es\/educasanvicente\/wp-json\/wp\/v2\/media?parent=3457"}],"wp:term":[{"taxonomy":"category","embeddable":true,"href":"https:\/\/blogsaverroes.juntadeandalucia.es\/educasanvicente\/wp-json\/wp\/v2\/categories?post=3457"},{"taxonomy":"post_tag","embeddable":true,"href":"https:\/\/blogsaverroes.juntadeandalucia.es\/educasanvicente\/wp-json\/wp\/v2\/tags?post=3457"}],"curies":[{"name":"wp","href":"https:\/\/api.w.org\/{rel}","templated":true}]}}