{"id":3528,"date":"2020-04-26T14:31:46","date_gmt":"2020-04-26T14:31:46","guid":{"rendered":"https:\/\/blogsaverroes.juntadeandalucia.es\/educasanvicente\/?p=3528"},"modified":"2020-04-26T14:31:46","modified_gmt":"2020-04-26T14:31:46","slug":"3o-a-martes-28","status":"publish","type":"post","link":"https:\/\/blogsaverroes.juntadeandalucia.es\/educasanvicente\/2020\/04\/26\/3o-a-martes-28\/","title":{"rendered":"3\u00ba A. Martes 28"},"content":{"rendered":"<p>&nbsp;<\/p>\n<p><strong>Lengua<\/strong><\/p>\n<p>P\u00e1gina 171 ejercicio 3 y 4<\/p>\n<p>&nbsp;<\/p>\n<p><strong>Matem\u00e1ticas<\/strong><\/p>\n<p>Vamos a empezar tema nuevo chic@s:<\/p>\n<p>Hacemos la portada del tema nuevo en 4 renglones ponemos en el centro de la libreta:<\/p>\n<p><strong>Tema 9<\/strong><\/p>\n<p><strong>Las fracciones<\/strong><\/p>\n<p><strong>Vemos el siguiente video: <\/strong><\/p>\n<p><a href=\"https:\/\/m.youtube.com\/watch?v=wtarlG2TM_w\">https:\/\/m.youtube.com\/watch?v=wtarlG2TM_w<\/a><\/p>\n<p>&nbsp;<\/p>\n<p>Copiamos el siguiente cuadro:<\/p>\n<p>&nbsp;<\/p>\n<p><a href=\"https:\/\/blogsaverroes.juntadeandalucia.es\/educasanvicente\/files\/2020\/04\/1-1.jpg\"><img loading=\"lazy\" decoding=\"async\" class=\"alignnone size-full wp-image-3529\" src=\"https:\/\/blogsaverroes.juntadeandalucia.es\/educasanvicente\/files\/2020\/04\/1-1.jpg\" alt=\"\" width=\"695\" height=\"129\" srcset=\"https:\/\/blogsaverroes.juntadeandalucia.es\/educasanvicente\/files\/2020\/04\/1-1.jpg 695w, https:\/\/blogsaverroes.juntadeandalucia.es\/educasanvicente\/files\/2020\/04\/1-1-300x56.jpg 300w, https:\/\/blogsaverroes.juntadeandalucia.es\/educasanvicente\/files\/2020\/04\/1-1-24x4.jpg 24w, https:\/\/blogsaverroes.juntadeandalucia.es\/educasanvicente\/files\/2020\/04\/1-1-36x7.jpg 36w, https:\/\/blogsaverroes.juntadeandalucia.es\/educasanvicente\/files\/2020\/04\/1-1-48x9.jpg 48w\" sizes=\"(max-width: 695px) 100vw, 695px\" \/><\/a><\/p>\n<p>P\u00e1gina 150, ejercicios 1,2 y 3. En el ejercicio 3 no ten\u00e9is que dibujar tres figuras, sino <strong>SOLO UNA<\/strong> y colore\u00e1is dentro de la misma figura las tres fracciones que aparecen.<\/p>\n<p><strong>&nbsp;<\/strong><\/p>\n<p><strong>Natural\/Social Sciences<\/strong><\/p>\n<p>Queridas familias:<\/p>\n<p>Esta semana vamos a cambiar la metodolog\u00eda de trabajo que hemos llevado hasta ahora en la asignatura de Ciencias, debido a que algunos alumnos\/as no disponen del libro en su casa y les puede resultar inc\u00f3modo estar leyendo durante mucho tiempo en el m\u00f3vil.<\/p>\n<p>Es por eso que he grabado la informaci\u00f3n m\u00e1s relevante en audios de las p\u00e1ginas que vamos a estudiar del libro. De esta manera, lo podr\u00e9is escuchar las veces que quer\u00e1is sin necesidad de tener el libro.<\/p>\n<p>Espero que sea de utilidad y que os encontr\u00e9is bien.<\/p>\n<p>&nbsp;<\/p>\n<ul>\n<li><strong>Martes, 28 de abril (Tuesday, 28<sup>th<\/sup> April)<\/strong><\/li>\n<\/ul>\n<p>&nbsp;<\/p>\n<ul>\n<li><strong>Escuchar audio 1<\/strong> sobre el Sistema Solar y los planetas. Esta informaci\u00f3n viene en las p\u00e1gs. 92-93 del libro, pero no es necesario que le\u00e1is las p\u00e1ginas del libro si hab\u00e9is escuchado la informaci\u00f3n del audio.<\/li>\n<\/ul>\n<p>&nbsp;<\/p>\n<!--[if lt IE 9]><script>document.createElement('audio');<\/script><![endif]-->\n<audio class=\"wp-audio-shortcode\" id=\"audio-3528-1\" preload=\"none\" style=\"width: 100%;\" controls=\"controls\"><source type=\"audio\/mpeg\" src=\"https:\/\/blogsaverroes.juntadeandalucia.es\/educasanvicente\/files\/2020\/04\/Audio-1.mp3?_=1\" \/><a href=\"https:\/\/blogsaverroes.juntadeandalucia.es\/educasanvicente\/files\/2020\/04\/Audio-1.mp3\">https:\/\/blogsaverroes.juntadeandalucia.es\/educasanvicente\/files\/2020\/04\/Audio-1.mp3<\/a><\/audio>\n<p>&nbsp;<\/p>\n<ul>\n<li>Realizar una portada en tu cuaderno sobre el nuevo tema (Tema 5: La Tierra, un planeta \u00fanico)<\/li>\n<\/ul>\n<p>&nbsp;<\/p>\n<p>&nbsp;<\/p>\n<ul>\n<li>Escribe la fecha en ingl\u00e9s en tu cuaderno.<\/li>\n<\/ul>\n<p>&nbsp;<\/p>\n<ul>\n<li>Copia el vocabulario en tu cuaderno y escucha el <strong>audio 2<\/strong> con las palabras para saber c\u00f3mo se pronuncian en ingl\u00e9s:\n<ul>\n<li>Atmosphere: atm\u00f3sfera<\/li>\n<li>Celestial body: Cuerpo celeste<\/li>\n<li>Earth: Tierra<\/li>\n<li>Geosphere: Geosfera<\/li>\n<li>Hydrosphere: Hidrosfera<\/li>\n<li>Phases of the Moon: Fases de la Luna<\/li>\n<li>Planet: Planeta<\/li>\n<li>Revolution: traslaci\u00f3n<\/li>\n<li>Rotation: Rotaci\u00f3n<\/li>\n<li>Solar System: Sistema Solar<\/li>\n<li>Star: Estrella<\/li>\n<li>Sun: Sol<\/li>\n<\/ul>\n<\/li>\n<\/ul>\n<p>&nbsp;<\/p>\n<audio class=\"wp-audio-shortcode\" id=\"audio-3528-2\" preload=\"none\" style=\"width: 100%;\" controls=\"controls\"><source type=\"audio\/mpeg\" src=\"https:\/\/blogsaverroes.juntadeandalucia.es\/educasanvicente\/files\/2020\/04\/Audio-2.mp3?_=2\" \/><a href=\"https:\/\/blogsaverroes.juntadeandalucia.es\/educasanvicente\/files\/2020\/04\/Audio-2.mp3\">https:\/\/blogsaverroes.juntadeandalucia.es\/educasanvicente\/files\/2020\/04\/Audio-2.mp3<\/a><\/audio>\n<p>&nbsp;<\/p>\n<ul>\n<li>Escucha la canci\u00f3n de los planetas:\n<ul>\n<li><a href=\"https:\/\/www.youtube.com\/watch?v=qkdcZQhGV-Y\">https:\/\/www.youtube.com\/watch?v=qkdcZQhGV-Y<\/a><\/li>\n<\/ul>\n<\/li>\n<\/ul>\n<p>&nbsp;<\/p>\n<p>&nbsp;<\/p>\n<p>&nbsp;<\/p>\n","protected":false},"excerpt":{"rendered":"<p>&nbsp; Lengua P\u00e1gina 171 ejercicio 3 y 4 &nbsp; Matem\u00e1ticas Vamos a empezar tema nuevo chic@s: Hacemos la portada del tema nuevo en 4 renglones ponemos en el centro de la libreta: Tema 9&#46;&#46;&#46;<\/p>\n","protected":false},"author":6273,"featured_media":0,"comment_status":"open","ping_status":"open","sticky":false,"template":"","format":"standard","meta":{"ngg_post_thumbnail":0,"footnotes":""},"categories":[11909],"tags":[],"aioseo_notices":[],"_links":{"self":[{"href":"https:\/\/blogsaverroes.juntadeandalucia.es\/educasanvicente\/wp-json\/wp\/v2\/posts\/3528"}],"collection":[{"href":"https:\/\/blogsaverroes.juntadeandalucia.es\/educasanvicente\/wp-json\/wp\/v2\/posts"}],"about":[{"href":"https:\/\/blogsaverroes.juntadeandalucia.es\/educasanvicente\/wp-json\/wp\/v2\/types\/post"}],"author":[{"embeddable":true,"href":"https:\/\/blogsaverroes.juntadeandalucia.es\/educasanvicente\/wp-json\/wp\/v2\/users\/6273"}],"replies":[{"embeddable":true,"href":"https:\/\/blogsaverroes.juntadeandalucia.es\/educasanvicente\/wp-json\/wp\/v2\/comments?post=3528"}],"version-history":[{"count":1,"href":"https:\/\/blogsaverroes.juntadeandalucia.es\/educasanvicente\/wp-json\/wp\/v2\/posts\/3528\/revisions"}],"predecessor-version":[{"id":3532,"href":"https:\/\/blogsaverroes.juntadeandalucia.es\/educasanvicente\/wp-json\/wp\/v2\/posts\/3528\/revisions\/3532"}],"wp:attachment":[{"href":"https:\/\/blogsaverroes.juntadeandalucia.es\/educasanvicente\/wp-json\/wp\/v2\/media?parent=3528"}],"wp:term":[{"taxonomy":"category","embeddable":true,"href":"https:\/\/blogsaverroes.juntadeandalucia.es\/educasanvicente\/wp-json\/wp\/v2\/categories?post=3528"},{"taxonomy":"post_tag","embeddable":true,"href":"https:\/\/blogsaverroes.juntadeandalucia.es\/educasanvicente\/wp-json\/wp\/v2\/tags?post=3528"}],"curies":[{"name":"wp","href":"https:\/\/api.w.org\/{rel}","templated":true}]}}