{"id":4337,"date":"2020-05-29T10:52:07","date_gmt":"2020-05-29T10:52:07","guid":{"rendered":"https:\/\/blogsaverroes.juntadeandalucia.es\/educasanvicente\/?p=4337"},"modified":"2020-05-29T10:52:07","modified_gmt":"2020-05-29T10:52:07","slug":"5o-jueves-4-de-junio","status":"publish","type":"post","link":"https:\/\/blogsaverroes.juntadeandalucia.es\/educasanvicente\/2020\/05\/29\/5o-jueves-4-de-junio\/","title":{"rendered":"5\u00ba. Jueves, 4 de junio"},"content":{"rendered":"<p><strong><em><u>5\u00ba DE PRIMARIA \u2013 4 DE JUNIO<\/u><\/em><\/strong><\/p>\n<p><strong>LENGUA<\/strong><\/p>\n<ul>\n<li>Esta semana seguimos repasando, fij\u00e1ndonos y escribiendo bien <strong>las may\u00fasculas<\/strong>.<\/li>\n<li>Tambi\u00e9n nos fijaremos en <strong>las<\/strong> <strong>reglas generales de acentuaci\u00f3n.<\/strong><\/li>\n<li><strong>Cuando copiamos no tenemos faltas de ortograf\u00eda.<\/strong><\/li>\n<li><strong>El verbo HABER se escribe con \u201ch\u201d y con \u201cb\u201d. Algunas de sus formas llevan acento. <\/strong>Por ej: <strong>hab\u00e9is, hab\u00eda, habr\u00eda, habr\u00edamos\u2026<\/strong><\/li>\n<li><strong>Todas las palabras que terminan en \u2013on se acent\u00faan. Por ej.: cami\u00f3n, bomb\u00f3n, rinc\u00f3n, mel\u00f3n\u2026<\/strong><\/li>\n<\/ul>\n<p>Hay que tener presente todo lo anterior.<\/p>\n<p><strong>MATEM\u00c1TICAS<\/strong><\/p>\n<ul>\n<li>Hacer los ejercicios 1 y 3 de la p\u00e1gina 154.<\/li>\n<\/ul>\n<p><strong>SOCIALES<\/strong><\/p>\n<ul>\n<li>Leer las p\u00e1ginas 108 y 109.<\/li>\n<li>Ver los siguientes v\u00eddeos.<\/li>\n<li><a href=\"https:\/\/www.youtube.com\/watch?v=Sw-SO3WTxAc\">https:\/\/www.youtube.com\/watch?v=Sw-SO3WTxAc<\/a><\/li>\n<li><a href=\"https:\/\/www.youtube.com\/watch?v=x0RUH5kJHug\">https:\/\/www.youtube.com\/watch?v=x0RUH5kJHug<\/a><\/li>\n<li><a href=\"https:\/\/www.youtube.com\/watch?v=OR1p2xgNptM\">https:\/\/www.youtube.com\/watch?v=OR1p2xgNptM<\/a><\/li>\n<li><a href=\"https:\/\/www.youtube.com\/watch?v=Rw-5z5ZsTMU\">https:\/\/www.youtube.com\/watch?v=Rw-5z5ZsTMU<\/a><\/li>\n<\/ul>\n<p><strong><u>PARA \u00c1NGEL Y ANTONIO<\/u><\/strong><\/p>\n<p><strong>LENGUA<\/strong><\/p>\n<ul>\n<li>Hacer los ejercicios 3 y 4 de la p\u00e1gina 32.<\/li>\n<\/ul>\n<p><strong>&nbsp;<\/strong><\/p>\n<p><strong>MATEM\u00c1TICAS<\/strong><\/p>\n<ul>\n<li>&nbsp;<\/li>\n<\/ul>\n<p>-319 : 8 =<\/p>\n<p>-596 : 5 =<\/p>\n<p>-925 : 3 =<\/p>\n<p>-2.573 : 4 =<\/p>\n<p>CUANDO SALG\u00c1IS RESPETAR LA DISTANCIA SOCIAL, DESINFECTAROS BIEN A LA SALIDA Y A&nbsp; LA VUELTA DEL PASEO, NO OLVID\u00c9IS LA MASCARILLA Y HACED CASO DE LOS PAP\u00c1S.<\/p>\n<p>\u00a1\u00a1SOIS UN EJEMPLO A SEGUIR!<\/p>\n<p>POR FAVOR, ESMERAROS EN HACER LAS TAREAS QUE PODEMOS MEJORAR MUCHO EN ESTE TIEMPO SI NOS FIJAMOS Y LE DEDICAMOS M\u00c1S TIEMPO AL CUADERNO.<\/p>\n<p>&nbsp;<\/p>\n<p>Y SIGO PENSANDO QUE:<\/p>\n<p>&nbsp;<\/p>\n<p>\u00a1SOIS MIS \u00cdDOLOS!<\/p>\n<p>PRONTO NOS VEREMOS.<\/p>\n<p>OS ECHO DE MENOS.<\/p>\n<p>GROS BISOUS<\/p>\n","protected":false},"excerpt":{"rendered":"<p>5\u00ba DE PRIMARIA \u2013 4 DE JUNIO LENGUA Esta semana seguimos repasando, fij\u00e1ndonos y escribiendo bien las may\u00fasculas. Tambi\u00e9n nos fijaremos en las reglas generales de acentuaci\u00f3n. Cuando copiamos no tenemos faltas de ortograf\u00eda.&#46;&#46;&#46;<\/p>\n","protected":false},"author":6273,"featured_media":0,"comment_status":"open","ping_status":"open","sticky":false,"template":"","format":"standard","meta":{"ngg_post_thumbnail":0,"footnotes":""},"categories":[11909],"tags":[],"aioseo_notices":[],"_links":{"self":[{"href":"https:\/\/blogsaverroes.juntadeandalucia.es\/educasanvicente\/wp-json\/wp\/v2\/posts\/4337"}],"collection":[{"href":"https:\/\/blogsaverroes.juntadeandalucia.es\/educasanvicente\/wp-json\/wp\/v2\/posts"}],"about":[{"href":"https:\/\/blogsaverroes.juntadeandalucia.es\/educasanvicente\/wp-json\/wp\/v2\/types\/post"}],"author":[{"embeddable":true,"href":"https:\/\/blogsaverroes.juntadeandalucia.es\/educasanvicente\/wp-json\/wp\/v2\/users\/6273"}],"replies":[{"embeddable":true,"href":"https:\/\/blogsaverroes.juntadeandalucia.es\/educasanvicente\/wp-json\/wp\/v2\/comments?post=4337"}],"version-history":[{"count":1,"href":"https:\/\/blogsaverroes.juntadeandalucia.es\/educasanvicente\/wp-json\/wp\/v2\/posts\/4337\/revisions"}],"predecessor-version":[{"id":4338,"href":"https:\/\/blogsaverroes.juntadeandalucia.es\/educasanvicente\/wp-json\/wp\/v2\/posts\/4337\/revisions\/4338"}],"wp:attachment":[{"href":"https:\/\/blogsaverroes.juntadeandalucia.es\/educasanvicente\/wp-json\/wp\/v2\/media?parent=4337"}],"wp:term":[{"taxonomy":"category","embeddable":true,"href":"https:\/\/blogsaverroes.juntadeandalucia.es\/educasanvicente\/wp-json\/wp\/v2\/categories?post=4337"},{"taxonomy":"post_tag","embeddable":true,"href":"https:\/\/blogsaverroes.juntadeandalucia.es\/educasanvicente\/wp-json\/wp\/v2\/tags?post=4337"}],"curies":[{"name":"wp","href":"https:\/\/api.w.org\/{rel}","templated":true}]}}