{"id":4721,"date":"2021-01-21T11:37:12","date_gmt":"2021-01-21T11:37:12","guid":{"rendered":"https:\/\/blogsaverroes.juntadeandalucia.es\/educasanvicente\/?p=4721"},"modified":"2021-01-21T11:37:12","modified_gmt":"2021-01-21T11:37:12","slug":"recomendaciones-covid-19","status":"publish","type":"post","link":"https:\/\/blogsaverroes.juntadeandalucia.es\/educasanvicente\/2021\/01\/21\/recomendaciones-covid-19\/","title":{"rendered":"RECOMENDACIONES COVID-19"},"content":{"rendered":"<p>Os recomendamos la lectura de esta informaci\u00f3n importante sobre el <strong>COVID19<\/strong>, que nos ha llegado a trav\u00e9s de nuestra <strong>enfermera de enlace<\/strong>. Indica que los ni\u00f1os y ni\u00f1as deben ser <strong>VALORADOS y AUTORIZADOS<\/strong> a volver al colegio, si se le ha realizado la PCR u otra prueba, aunque haya salido negativa. Saludos<\/p>\n<p>&nbsp;<\/p>\n<p><a href=\"https:\/\/blogsaverroes.juntadeandalucia.es\/educasanvicente\/files\/2021\/01\/1.png\"><img loading=\"lazy\" decoding=\"async\" class=\"alignnone size-full wp-image-4723\" src=\"https:\/\/blogsaverroes.juntadeandalucia.es\/educasanvicente\/files\/2021\/01\/1.png\" alt=\"\" width=\"333\" height=\"476\" srcset=\"https:\/\/blogsaverroes.juntadeandalucia.es\/educasanvicente\/files\/2021\/01\/1.png 333w, https:\/\/blogsaverroes.juntadeandalucia.es\/educasanvicente\/files\/2021\/01\/1-210x300.png 210w, https:\/\/blogsaverroes.juntadeandalucia.es\/educasanvicente\/files\/2021\/01\/1-17x24.png 17w, https:\/\/blogsaverroes.juntadeandalucia.es\/educasanvicente\/files\/2021\/01\/1-25x36.png 25w, https:\/\/blogsaverroes.juntadeandalucia.es\/educasanvicente\/files\/2021\/01\/1-34x48.png 34w\" sizes=\"(max-width: 333px) 100vw, 333px\" \/><\/a><\/p>\n<p><a href=\"https:\/\/blogsaverroes.juntadeandalucia.es\/educasanvicente\/files\/2021\/01\/2.png\"><img loading=\"lazy\" decoding=\"async\" class=\"alignnone size-full wp-image-4724\" src=\"https:\/\/blogsaverroes.juntadeandalucia.es\/educasanvicente\/files\/2021\/01\/2.png\" alt=\"\" width=\"373\" height=\"494\" srcset=\"https:\/\/blogsaverroes.juntadeandalucia.es\/educasanvicente\/files\/2021\/01\/2.png 373w, https:\/\/blogsaverroes.juntadeandalucia.es\/educasanvicente\/files\/2021\/01\/2-227x300.png 227w, https:\/\/blogsaverroes.juntadeandalucia.es\/educasanvicente\/files\/2021\/01\/2-18x24.png 18w, https:\/\/blogsaverroes.juntadeandalucia.es\/educasanvicente\/files\/2021\/01\/2-27x36.png 27w, https:\/\/blogsaverroes.juntadeandalucia.es\/educasanvicente\/files\/2021\/01\/2-36x48.png 36w\" sizes=\"(max-width: 373px) 100vw, 373px\" \/><\/a><\/p>\n<p><a href=\"https:\/\/blogsaverroes.juntadeandalucia.es\/educasanvicente\/files\/2021\/01\/3.png\"><img loading=\"lazy\" decoding=\"async\" class=\"alignnone size-full wp-image-4725\" src=\"https:\/\/blogsaverroes.juntadeandalucia.es\/educasanvicente\/files\/2021\/01\/3.png\" alt=\"\" width=\"702\" height=\"502\" srcset=\"https:\/\/blogsaverroes.juntadeandalucia.es\/educasanvicente\/files\/2021\/01\/3.png 702w, https:\/\/blogsaverroes.juntadeandalucia.es\/educasanvicente\/files\/2021\/01\/3-300x215.png 300w, https:\/\/blogsaverroes.juntadeandalucia.es\/educasanvicente\/files\/2021\/01\/3-24x17.png 24w, https:\/\/blogsaverroes.juntadeandalucia.es\/educasanvicente\/files\/2021\/01\/3-36x26.png 36w, https:\/\/blogsaverroes.juntadeandalucia.es\/educasanvicente\/files\/2021\/01\/3-48x34.png 48w\" sizes=\"(max-width: 702px) 100vw, 702px\" \/><\/a><\/p>\n<p>&nbsp;<\/p>\n","protected":false},"excerpt":{"rendered":"<p>Os recomendamos la lectura de esta informaci\u00f3n importante sobre el COVID19, que nos ha llegado a trav\u00e9s de nuestra enfermera de enlace. Indica que los ni\u00f1os y ni\u00f1as deben ser VALORADOS y AUTORIZADOS a&#46;&#46;&#46;<\/p>\n","protected":false},"author":6273,"featured_media":0,"comment_status":"open","ping_status":"open","sticky":false,"template":"","format":"standard","meta":{"ngg_post_thumbnail":0,"footnotes":""},"categories":[11909],"tags":[],"aioseo_notices":[],"_links":{"self":[{"href":"https:\/\/blogsaverroes.juntadeandalucia.es\/educasanvicente\/wp-json\/wp\/v2\/posts\/4721"}],"collection":[{"href":"https:\/\/blogsaverroes.juntadeandalucia.es\/educasanvicente\/wp-json\/wp\/v2\/posts"}],"about":[{"href":"https:\/\/blogsaverroes.juntadeandalucia.es\/educasanvicente\/wp-json\/wp\/v2\/types\/post"}],"author":[{"embeddable":true,"href":"https:\/\/blogsaverroes.juntadeandalucia.es\/educasanvicente\/wp-json\/wp\/v2\/users\/6273"}],"replies":[{"embeddable":true,"href":"https:\/\/blogsaverroes.juntadeandalucia.es\/educasanvicente\/wp-json\/wp\/v2\/comments?post=4721"}],"version-history":[{"count":1,"href":"https:\/\/blogsaverroes.juntadeandalucia.es\/educasanvicente\/wp-json\/wp\/v2\/posts\/4721\/revisions"}],"predecessor-version":[{"id":4726,"href":"https:\/\/blogsaverroes.juntadeandalucia.es\/educasanvicente\/wp-json\/wp\/v2\/posts\/4721\/revisions\/4726"}],"wp:attachment":[{"href":"https:\/\/blogsaverroes.juntadeandalucia.es\/educasanvicente\/wp-json\/wp\/v2\/media?parent=4721"}],"wp:term":[{"taxonomy":"category","embeddable":true,"href":"https:\/\/blogsaverroes.juntadeandalucia.es\/educasanvicente\/wp-json\/wp\/v2\/categories?post=4721"},{"taxonomy":"post_tag","embeddable":true,"href":"https:\/\/blogsaverroes.juntadeandalucia.es\/educasanvicente\/wp-json\/wp\/v2\/tags?post=4721"}],"curies":[{"name":"wp","href":"https:\/\/api.w.org\/{rel}","templated":true}]}}