{"id":6525,"date":"2023-12-21T13:10:09","date_gmt":"2023-12-21T13:10:09","guid":{"rendered":"https:\/\/blogsaverroes.juntadeandalucia.es\/educasanvicente\/?p=6525"},"modified":"2023-12-21T13:10:09","modified_gmt":"2023-12-21T13:10:09","slug":"plan-de-autoproteccion","status":"publish","type":"post","link":"https:\/\/blogsaverroes.juntadeandalucia.es\/educasanvicente\/2023\/12\/21\/plan-de-autoproteccion\/","title":{"rendered":"Plan de Autoprotecci\u00f3n"},"content":{"rendered":"<p>Estimada Comunidad Educativa,<\/p>\n<p>Os dejamos informaci\u00f3n relativa al protocolo de actuaci\u00f3n en caso de incendio y de accidentes para su consulta y conocimiento.<\/p>\n<p><a href=\"https:\/\/blogsaverroes.juntadeandalucia.es\/educasanvicente\/files\/2023\/12\/1.-EVACUACI\u00d3N-PROFESORADO.docx\">1.- EVACUACI\u00d3N PROFESORADO<\/a><\/p>\n<p>&nbsp;<\/p>\n<p><a href=\"https:\/\/blogsaverroes.juntadeandalucia.es\/educasanvicente\/files\/2023\/12\/2.-EVACUACI\u00d3N-ALUMNADO.docx\">2.- EVACUACI\u00d3N ALUMNADO<\/a><\/p>\n<p>&nbsp;<\/p>\n<p><a href=\"https:\/\/blogsaverroes.juntadeandalucia.es\/educasanvicente\/files\/2023\/12\/3.-PROTOCOLO-DE-ACTUACI\u00d3N.docx\">3.- PROTOCOLO DE ACTUACI\u00d3N<\/a><\/p>\n","protected":false},"excerpt":{"rendered":"<p>Estimada Comunidad Educativa, Os dejamos informaci\u00f3n relativa al protocolo de actuaci\u00f3n en caso de incendio y de accidentes para su consulta y conocimiento. 1.- EVACUACI\u00d3N PROFESORADO &nbsp; 2.- EVACUACI\u00d3N ALUMNADO &nbsp; 3.- PROTOCOLO DE&#46;&#46;&#46;<\/p>\n","protected":false},"author":6273,"featured_media":6529,"comment_status":"open","ping_status":"open","sticky":false,"template":"","format":"standard","meta":{"ngg_post_thumbnail":0,"footnotes":""},"categories":[1829572],"tags":[],"aioseo_notices":[],"_links":{"self":[{"href":"https:\/\/blogsaverroes.juntadeandalucia.es\/educasanvicente\/wp-json\/wp\/v2\/posts\/6525"}],"collection":[{"href":"https:\/\/blogsaverroes.juntadeandalucia.es\/educasanvicente\/wp-json\/wp\/v2\/posts"}],"about":[{"href":"https:\/\/blogsaverroes.juntadeandalucia.es\/educasanvicente\/wp-json\/wp\/v2\/types\/post"}],"author":[{"embeddable":true,"href":"https:\/\/blogsaverroes.juntadeandalucia.es\/educasanvicente\/wp-json\/wp\/v2\/users\/6273"}],"replies":[{"embeddable":true,"href":"https:\/\/blogsaverroes.juntadeandalucia.es\/educasanvicente\/wp-json\/wp\/v2\/comments?post=6525"}],"version-history":[{"count":1,"href":"https:\/\/blogsaverroes.juntadeandalucia.es\/educasanvicente\/wp-json\/wp\/v2\/posts\/6525\/revisions"}],"predecessor-version":[{"id":6530,"href":"https:\/\/blogsaverroes.juntadeandalucia.es\/educasanvicente\/wp-json\/wp\/v2\/posts\/6525\/revisions\/6530"}],"wp:featuredmedia":[{"embeddable":true,"href":"https:\/\/blogsaverroes.juntadeandalucia.es\/educasanvicente\/wp-json\/wp\/v2\/media\/6529"}],"wp:attachment":[{"href":"https:\/\/blogsaverroes.juntadeandalucia.es\/educasanvicente\/wp-json\/wp\/v2\/media?parent=6525"}],"wp:term":[{"taxonomy":"category","embeddable":true,"href":"https:\/\/blogsaverroes.juntadeandalucia.es\/educasanvicente\/wp-json\/wp\/v2\/categories?post=6525"},{"taxonomy":"post_tag","embeddable":true,"href":"https:\/\/blogsaverroes.juntadeandalucia.es\/educasanvicente\/wp-json\/wp\/v2\/tags?post=6525"}],"curies":[{"name":"wp","href":"https:\/\/api.w.org\/{rel}","templated":true}]}}