{"id":2636,"date":"2021-02-01T23:36:10","date_gmt":"2021-02-01T22:36:10","guid":{"rendered":"http:\/\/blogsaverroes.juntadeandalucia.es\/eeifranciscosorianoserrano\/?p=2636"},"modified":"2021-02-02T16:25:51","modified_gmt":"2021-02-02T15:25:51","slug":"decoramos-en-invierno","status":"publish","type":"post","link":"https:\/\/blogsaverroes.juntadeandalucia.es\/eeifranciscosorianoserrano\/decoramos-en-invierno\/","title":{"rendered":"Decoramos en Invierno"},"content":{"rendered":"<h1 style=\"text-align: center\"><span style=\"color: #993366\"><strong>Cada trimestre redecoramos nuestro cole.<\/strong><\/span><\/h1>\n<h2 style=\"text-align: justify\"><strong>Cada una de las familias de nuestro alumnado, realiza una manualidad, que luego llevar\u00e1n al cole, para que decoren los palillos.<\/strong><\/h2>\n<h2 style=\"text-align: justify\"><strong>Es bonito ver como se implican en la realizaci\u00f3n de estas manualidades, pues destacan por su creatividad y perfecci\u00f3n en su realizaci\u00f3n.&nbsp;<\/strong><\/h2>\n<h2 style=\"text-align: justify\"><strong>Este trimestre la tem\u00e1tica escogida como no pod\u00eda ser menos es la del invierno<\/strong>.<\/h2>\n<h3 style=\"text-align: center\"><span style=\"color: #ff6600\"><strong>BIEN VENIDO INVIERNO<\/strong><\/span><\/h3>\n<p style=\"text-align: center\"><a title=\"CANCION INVIERNO\" href=\"https:\/\/www.youtube.com\/watch?v=_w0PmIqet40\">https:\/\/www.youtube.com\/watch?v=_w0PmIqet40<\/a><\/p>\n<p><a href=\"https:\/\/blogsaverroes.juntadeandalucia.es\/eeifranciscosorianoserrano\/files\/2021\/02\/20210129_131739.jpg\"><img loading=\"lazy\" decoding=\"async\" class=\"aligncenter wp-image-2646\" src=\"https:\/\/blogsaverroes.juntadeandalucia.es\/eeifranciscosorianoserrano\/files\/2021\/02\/20210129_131739-150x150.jpg\" alt=\"\" width=\"248\" height=\"248\" srcset=\"https:\/\/blogsaverroes.juntadeandalucia.es\/eeifranciscosorianoserrano\/files\/2021\/02\/20210129_131739-150x150.jpg 150w, https:\/\/blogsaverroes.juntadeandalucia.es\/eeifranciscosorianoserrano\/files\/2021\/02\/20210129_131739-100x100.jpg 100w\" sizes=\"(max-width: 248px) 100vw, 248px\" \/><\/a><a href=\"https:\/\/blogsaverroes.juntadeandalucia.es\/eeifranciscosorianoserrano\/files\/2021\/02\/20210129_131726-1.jpg\"><img loading=\"lazy\" decoding=\"async\" class=\"alignleft wp-image-2648\" src=\"https:\/\/blogsaverroes.juntadeandalucia.es\/eeifranciscosorianoserrano\/files\/2021\/02\/20210129_131726-1-150x150.jpg\" alt=\"\" width=\"339\" height=\"339\" srcset=\"https:\/\/blogsaverroes.juntadeandalucia.es\/eeifranciscosorianoserrano\/files\/2021\/02\/20210129_131726-1-150x150.jpg 150w, https:\/\/blogsaverroes.juntadeandalucia.es\/eeifranciscosorianoserrano\/files\/2021\/02\/20210129_131726-1-100x100.jpg 100w\" sizes=\"(max-width: 339px) 100vw, 339px\" \/><\/a><\/p>\n<p><a href=\"https:\/\/blogsaverroes.juntadeandalucia.es\/eeifranciscosorianoserrano\/files\/2021\/02\/20210129_131656.jpg\"><img loading=\"lazy\" decoding=\"async\" class=\"alignright wp-image-2642\" src=\"https:\/\/blogsaverroes.juntadeandalucia.es\/eeifranciscosorianoserrano\/files\/2021\/02\/20210129_131656-150x150.jpg\" alt=\"\" width=\"291\" height=\"291\" srcset=\"https:\/\/blogsaverroes.juntadeandalucia.es\/eeifranciscosorianoserrano\/files\/2021\/02\/20210129_131656-150x150.jpg 150w, https:\/\/blogsaverroes.juntadeandalucia.es\/eeifranciscosorianoserrano\/files\/2021\/02\/20210129_131656-100x100.jpg 100w\" sizes=\"(max-width: 291px) 100vw, 291px\" \/><\/a><a href=\"https:\/\/blogsaverroes.juntadeandalucia.es\/eeifranciscosorianoserrano\/files\/2021\/02\/20210129_131531.jpg\"><img loading=\"lazy\" decoding=\"async\" class=\"alignnone  wp-image-2641\" src=\"https:\/\/blogsaverroes.juntadeandalucia.es\/eeifranciscosorianoserrano\/files\/2021\/02\/20210129_131531-150x150.jpg\" alt=\"\" width=\"274\" height=\"274\" srcset=\"https:\/\/blogsaverroes.juntadeandalucia.es\/eeifranciscosorianoserrano\/files\/2021\/02\/20210129_131531-150x150.jpg 150w, https:\/\/blogsaverroes.juntadeandalucia.es\/eeifranciscosorianoserrano\/files\/2021\/02\/20210129_131531-100x100.jpg 100w\" sizes=\"(max-width: 274px) 100vw, 274px\" \/><\/a><a href=\"https:\/\/blogsaverroes.juntadeandalucia.es\/eeifranciscosorianoserrano\/files\/2021\/02\/20210129_1315230.jpg\"><img loading=\"lazy\" decoding=\"async\" class=\"alignnone wp-image-2640\" src=\"https:\/\/blogsaverroes.juntadeandalucia.es\/eeifranciscosorianoserrano\/files\/2021\/02\/20210129_1315230-150x150.jpg\" alt=\"\" width=\"277\" height=\"277\" srcset=\"https:\/\/blogsaverroes.juntadeandalucia.es\/eeifranciscosorianoserrano\/files\/2021\/02\/20210129_1315230-150x150.jpg 150w, https:\/\/blogsaverroes.juntadeandalucia.es\/eeifranciscosorianoserrano\/files\/2021\/02\/20210129_1315230-100x100.jpg 100w\" sizes=\"(max-width: 277px) 100vw, 277px\" \/><\/a><\/p>\n","protected":false},"excerpt":{"rendered":"<p>Cada trimestre redecoramos nuestro cole. Cada una de las familias de nuestro alumnado, realiza una manualidad, que luego llevar\u00e1n al cole, para que decoren los palillos. Es bonito ver como se implican en la realizaci\u00f3n de estas manualidades, pues destacan por su creatividad y perfecci\u00f3n en su realizaci\u00f3n.&nbsp; Este trimestre la tem\u00e1tica escogida como no &hellip; <a href=\"https:\/\/blogsaverroes.juntadeandalucia.es\/eeifranciscosorianoserrano\/decoramos-en-invierno\/\" class=\"more-link\">Sigue leyendo <span class=\"screen-reader-text\">Decoramos en Invierno<\/span><\/a><\/p>\n","protected":false},"author":11628,"featured_media":0,"comment_status":"open","ping_status":"open","sticky":false,"template":"","format":"standard","meta":{"ngg_post_thumbnail":0,"footnotes":""},"categories":[670207],"tags":[],"aioseo_notices":[],"_links":{"self":[{"href":"https:\/\/blogsaverroes.juntadeandalucia.es\/eeifranciscosorianoserrano\/wp-json\/wp\/v2\/posts\/2636"}],"collection":[{"href":"https:\/\/blogsaverroes.juntadeandalucia.es\/eeifranciscosorianoserrano\/wp-json\/wp\/v2\/posts"}],"about":[{"href":"https:\/\/blogsaverroes.juntadeandalucia.es\/eeifranciscosorianoserrano\/wp-json\/wp\/v2\/types\/post"}],"author":[{"embeddable":true,"href":"https:\/\/blogsaverroes.juntadeandalucia.es\/eeifranciscosorianoserrano\/wp-json\/wp\/v2\/users\/11628"}],"replies":[{"embeddable":true,"href":"https:\/\/blogsaverroes.juntadeandalucia.es\/eeifranciscosorianoserrano\/wp-json\/wp\/v2\/comments?post=2636"}],"version-history":[{"count":7,"href":"https:\/\/blogsaverroes.juntadeandalucia.es\/eeifranciscosorianoserrano\/wp-json\/wp\/v2\/posts\/2636\/revisions"}],"predecessor-version":[{"id":2652,"href":"https:\/\/blogsaverroes.juntadeandalucia.es\/eeifranciscosorianoserrano\/wp-json\/wp\/v2\/posts\/2636\/revisions\/2652"}],"wp:attachment":[{"href":"https:\/\/blogsaverroes.juntadeandalucia.es\/eeifranciscosorianoserrano\/wp-json\/wp\/v2\/media?parent=2636"}],"wp:term":[{"taxonomy":"category","embeddable":true,"href":"https:\/\/blogsaverroes.juntadeandalucia.es\/eeifranciscosorianoserrano\/wp-json\/wp\/v2\/categories?post=2636"},{"taxonomy":"post_tag","embeddable":true,"href":"https:\/\/blogsaverroes.juntadeandalucia.es\/eeifranciscosorianoserrano\/wp-json\/wp\/v2\/tags?post=2636"}],"curies":[{"name":"wp","href":"https:\/\/api.w.org\/{rel}","templated":true}]}}