{"id":2847,"date":"2022-01-06T21:53:50","date_gmt":"2022-01-06T20:53:50","guid":{"rendered":"http:\/\/blogsaverroes.juntadeandalucia.es\/eeifranciscosorianoserrano\/?p=2847"},"modified":"2022-01-06T21:57:51","modified_gmt":"2022-01-06T20:57:51","slug":"halloween","status":"publish","type":"post","link":"https:\/\/blogsaverroes.juntadeandalucia.es\/eeifranciscosorianoserrano\/halloween\/","title":{"rendered":"HALLOWEEN"},"content":{"rendered":"<h2 style=\"text-align: justify\">&nbsp; &nbsp;Poco a poco, casi sin darnos cuenta, esta fiesta de origen anglosaj\u00f3n ha ido haci\u00e9ndose hueco en nuestra sociedad.<\/h2>\n<h2 style=\"text-align: justify\">&nbsp; &nbsp;Y la verdad es que es una fiesta divertida que los m\u00e1s peque\u00f1os disfrutan. As\u00ed se ha celebrado este a\u00f1o en nuestro colegio a trav\u00e9s de nuestra AMPA<\/h2>\n<p><img loading=\"lazy\" decoding=\"async\" class=\"aligncenter size-full wp-image-2833\" src=\"https:\/\/blogsaverroes.juntadeandalucia.es\/eeifranciscosorianoserrano\/files\/2022\/01\/IMG-20211028-WA0030.jpg\" alt=\"\" width=\"800\" height=\"600\" srcset=\"https:\/\/blogsaverroes.juntadeandalucia.es\/eeifranciscosorianoserrano\/files\/2022\/01\/IMG-20211028-WA0030.jpg 800w, https:\/\/blogsaverroes.juntadeandalucia.es\/eeifranciscosorianoserrano\/files\/2022\/01\/IMG-20211028-WA0030-300x225.jpg 300w, https:\/\/blogsaverroes.juntadeandalucia.es\/eeifranciscosorianoserrano\/files\/2022\/01\/IMG-20211028-WA0030-768x576.jpg 768w\" sizes=\"(max-width: 800px) 100vw, 800px\" \/><\/p>\n<p>&nbsp;<\/p>\n<p><img loading=\"lazy\" decoding=\"async\" class=\"alignnone size-full wp-image-2836\" src=\"https:\/\/blogsaverroes.juntadeandalucia.es\/eeifranciscosorianoserrano\/files\/2022\/01\/IMG-20211029-WA0017.jpg\" alt=\"\" width=\"800\" height=\"600\" srcset=\"https:\/\/blogsaverroes.juntadeandalucia.es\/eeifranciscosorianoserrano\/files\/2022\/01\/IMG-20211029-WA0017.jpg 800w, https:\/\/blogsaverroes.juntadeandalucia.es\/eeifranciscosorianoserrano\/files\/2022\/01\/IMG-20211029-WA0017-300x225.jpg 300w, https:\/\/blogsaverroes.juntadeandalucia.es\/eeifranciscosorianoserrano\/files\/2022\/01\/IMG-20211029-WA0017-768x576.jpg 768w\" sizes=\"(max-width: 800px) 100vw, 800px\" \/><\/p>\n<p><img loading=\"lazy\" decoding=\"async\" class=\"wp-image-2834 alignleft\" src=\"https:\/\/blogsaverroes.juntadeandalucia.es\/eeifranciscosorianoserrano\/files\/2022\/01\/IMG-20211028-WA0032.jpg\" alt=\"\" width=\"239\" height=\"319\" srcset=\"https:\/\/blogsaverroes.juntadeandalucia.es\/eeifranciscosorianoserrano\/files\/2022\/01\/IMG-20211028-WA0032.jpg 450w, https:\/\/blogsaverroes.juntadeandalucia.es\/eeifranciscosorianoserrano\/files\/2022\/01\/IMG-20211028-WA0032-225x300.jpg 225w\" sizes=\"(max-width: 239px) 100vw, 239px\" \/><img loading=\"lazy\" decoding=\"async\" class=\"wp-image-2835 alignright\" src=\"https:\/\/blogsaverroes.juntadeandalucia.es\/eeifranciscosorianoserrano\/files\/2022\/01\/IMG-20211028-WA0054.jpg\" alt=\"\" width=\"236\" height=\"313\"><\/p>\n","protected":false},"excerpt":{"rendered":"<p>&nbsp; &nbsp;Poco a poco, casi sin darnos cuenta, esta fiesta de origen anglosaj\u00f3n ha ido haci\u00e9ndose hueco en nuestra sociedad. &nbsp; &nbsp;Y la verdad es que es una fiesta divertida que los m\u00e1s peque\u00f1os disfrutan. As\u00ed se ha celebrado este a\u00f1o en nuestro colegio a trav\u00e9s de nuestra AMPA &nbsp;<\/p>\n","protected":false},"author":11628,"featured_media":2837,"comment_status":"open","ping_status":"open","sticky":false,"template":"","format":"standard","meta":{"ngg_post_thumbnail":0,"footnotes":""},"categories":[670207],"tags":[670213],"aioseo_notices":[],"_links":{"self":[{"href":"https:\/\/blogsaverroes.juntadeandalucia.es\/eeifranciscosorianoserrano\/wp-json\/wp\/v2\/posts\/2847"}],"collection":[{"href":"https:\/\/blogsaverroes.juntadeandalucia.es\/eeifranciscosorianoserrano\/wp-json\/wp\/v2\/posts"}],"about":[{"href":"https:\/\/blogsaverroes.juntadeandalucia.es\/eeifranciscosorianoserrano\/wp-json\/wp\/v2\/types\/post"}],"author":[{"embeddable":true,"href":"https:\/\/blogsaverroes.juntadeandalucia.es\/eeifranciscosorianoserrano\/wp-json\/wp\/v2\/users\/11628"}],"replies":[{"embeddable":true,"href":"https:\/\/blogsaverroes.juntadeandalucia.es\/eeifranciscosorianoserrano\/wp-json\/wp\/v2\/comments?post=2847"}],"version-history":[{"count":6,"href":"https:\/\/blogsaverroes.juntadeandalucia.es\/eeifranciscosorianoserrano\/wp-json\/wp\/v2\/posts\/2847\/revisions"}],"predecessor-version":[{"id":2853,"href":"https:\/\/blogsaverroes.juntadeandalucia.es\/eeifranciscosorianoserrano\/wp-json\/wp\/v2\/posts\/2847\/revisions\/2853"}],"wp:featuredmedia":[{"embeddable":true,"href":"https:\/\/blogsaverroes.juntadeandalucia.es\/eeifranciscosorianoserrano\/wp-json\/wp\/v2\/media\/2837"}],"wp:attachment":[{"href":"https:\/\/blogsaverroes.juntadeandalucia.es\/eeifranciscosorianoserrano\/wp-json\/wp\/v2\/media?parent=2847"}],"wp:term":[{"taxonomy":"category","embeddable":true,"href":"https:\/\/blogsaverroes.juntadeandalucia.es\/eeifranciscosorianoserrano\/wp-json\/wp\/v2\/categories?post=2847"},{"taxonomy":"post_tag","embeddable":true,"href":"https:\/\/blogsaverroes.juntadeandalucia.es\/eeifranciscosorianoserrano\/wp-json\/wp\/v2\/tags?post=2847"}],"curies":[{"name":"wp","href":"https:\/\/api.w.org\/{rel}","templated":true}]}}