{"id":3185,"date":"2022-06-15T23:11:14","date_gmt":"2022-06-15T22:11:14","guid":{"rendered":"http:\/\/blogsaverroes.juntadeandalucia.es\/eeifranciscosorianoserrano\/?p=3185"},"modified":"2022-06-15T23:11:14","modified_gmt":"2022-06-15T22:11:14","slug":"cuidamos-nuestro-entorno","status":"publish","type":"post","link":"https:\/\/blogsaverroes.juntadeandalucia.es\/eeifranciscosorianoserrano\/cuidamos-nuestro-entorno\/","title":{"rendered":"CUIDAMOS NUESTRO ENTORNO"},"content":{"rendered":"<h1 style=\"text-align: center\"><span style=\"color: #339966\">REFORESTAMOS&#8230;..<\/span><\/h1>\n<p>&nbsp;<\/p>\n<h2 style=\"text-align: justify\">&nbsp; &nbsp; El cuidado del medio ambiente&nbsp; siempre est\u00e1 presente en el quehacer diario de nuestro cole. La contaminaci\u00f3n, la tala indiscriminada de \u00e1rboles, cambio clim\u00e1tica etc. Son temas que continuamente aparecen en las noticias que diariamente vemos. Debemos concienciarnos que solo tenemos una tierra y que por desgracia se est\u00e1 muriendo. Son las nuevas generaciones las que podr\u00e1n salvarla. Y esto se podr\u00e1 conseguir a trav\u00e9s de actividades que ense\u00f1en a los ni\u00f1os y ni\u00f1as, el respeto y cuidado de todo lo que nos rodeo.<\/h2>\n<h2 style=\"text-align: justify\">&nbsp; &nbsp;De este modo colaborando con instituciones como son \u00abLa escuela taller de J\u00f3dar\u00bb y con Guardabosque, fuimos a reforestar parajes naturales de nuestro pueblo en este caso \u00abEL PILAR DE LA DEHESA\u00bb<\/h2>\n<h2 style=\"text-align: justify\">&nbsp; &nbsp; Como disfrutamos todos-as plantando nuestro \u00e1rboles. Ojal\u00e1 crezcan y que este paraje sea disfrutado por el pueblo de J\u00f3dar.<\/h2>\n<h1><span style=\"color: #339966\">GALER\u00cdA DE FOTOS<\/span><\/h1>\n<p><img loading=\"lazy\" decoding=\"async\" class=\"aligncenter size-full wp-image-3186\" src=\"https:\/\/blogsaverroes.juntadeandalucia.es\/eeifranciscosorianoserrano\/files\/2022\/06\/IMG-20220511-WA0147.jpg\" alt=\"\" width=\"1600\" height=\"1200\" srcset=\"https:\/\/blogsaverroes.juntadeandalucia.es\/eeifranciscosorianoserrano\/files\/2022\/06\/IMG-20220511-WA0147.jpg 1600w, https:\/\/blogsaverroes.juntadeandalucia.es\/eeifranciscosorianoserrano\/files\/2022\/06\/IMG-20220511-WA0147-300x225.jpg 300w, https:\/\/blogsaverroes.juntadeandalucia.es\/eeifranciscosorianoserrano\/files\/2022\/06\/IMG-20220511-WA0147-1024x768.jpg 1024w, https:\/\/blogsaverroes.juntadeandalucia.es\/eeifranciscosorianoserrano\/files\/2022\/06\/IMG-20220511-WA0147-768x576.jpg 768w, https:\/\/blogsaverroes.juntadeandalucia.es\/eeifranciscosorianoserrano\/files\/2022\/06\/IMG-20220511-WA0147-1536x1152.jpg 1536w\" sizes=\"(max-width: 1600px) 100vw, 1600px\" \/> <img loading=\"lazy\" decoding=\"async\" class=\"aligncenter size-full wp-image-3187\" src=\"https:\/\/blogsaverroes.juntadeandalucia.es\/eeifranciscosorianoserrano\/files\/2022\/06\/IMG-20220511-WA0152.jpg\" alt=\"\" width=\"1600\" height=\"1200\" srcset=\"https:\/\/blogsaverroes.juntadeandalucia.es\/eeifranciscosorianoserrano\/files\/2022\/06\/IMG-20220511-WA0152.jpg 1600w, https:\/\/blogsaverroes.juntadeandalucia.es\/eeifranciscosorianoserrano\/files\/2022\/06\/IMG-20220511-WA0152-300x225.jpg 300w, https:\/\/blogsaverroes.juntadeandalucia.es\/eeifranciscosorianoserrano\/files\/2022\/06\/IMG-20220511-WA0152-1024x768.jpg 1024w, https:\/\/blogsaverroes.juntadeandalucia.es\/eeifranciscosorianoserrano\/files\/2022\/06\/IMG-20220511-WA0152-768x576.jpg 768w, https:\/\/blogsaverroes.juntadeandalucia.es\/eeifranciscosorianoserrano\/files\/2022\/06\/IMG-20220511-WA0152-1536x1152.jpg 1536w\" sizes=\"(max-width: 1600px) 100vw, 1600px\" \/> <img loading=\"lazy\" decoding=\"async\" class=\"aligncenter size-full wp-image-3188\" src=\"https:\/\/blogsaverroes.juntadeandalucia.es\/eeifranciscosorianoserrano\/files\/2022\/06\/IMG-20220511-WA0156.jpg\" alt=\"\" width=\"900\" height=\"1600\" srcset=\"https:\/\/blogsaverroes.juntadeandalucia.es\/eeifranciscosorianoserrano\/files\/2022\/06\/IMG-20220511-WA0156.jpg 900w, https:\/\/blogsaverroes.juntadeandalucia.es\/eeifranciscosorianoserrano\/files\/2022\/06\/IMG-20220511-WA0156-169x300.jpg 169w, https:\/\/blogsaverroes.juntadeandalucia.es\/eeifranciscosorianoserrano\/files\/2022\/06\/IMG-20220511-WA0156-576x1024.jpg 576w, https:\/\/blogsaverroes.juntadeandalucia.es\/eeifranciscosorianoserrano\/files\/2022\/06\/IMG-20220511-WA0156-768x1365.jpg 768w, https:\/\/blogsaverroes.juntadeandalucia.es\/eeifranciscosorianoserrano\/files\/2022\/06\/IMG-20220511-WA0156-864x1536.jpg 864w\" sizes=\"(max-width: 900px) 100vw, 900px\" \/> <img loading=\"lazy\" decoding=\"async\" class=\"aligncenter size-full wp-image-3189\" src=\"https:\/\/blogsaverroes.juntadeandalucia.es\/eeifranciscosorianoserrano\/files\/2022\/06\/IMG-20220511-WA0159.jpg\" alt=\"\" width=\"1600\" height=\"1600\" srcset=\"https:\/\/blogsaverroes.juntadeandalucia.es\/eeifranciscosorianoserrano\/files\/2022\/06\/IMG-20220511-WA0159.jpg 1600w, https:\/\/blogsaverroes.juntadeandalucia.es\/eeifranciscosorianoserrano\/files\/2022\/06\/IMG-20220511-WA0159-300x300.jpg 300w, https:\/\/blogsaverroes.juntadeandalucia.es\/eeifranciscosorianoserrano\/files\/2022\/06\/IMG-20220511-WA0159-1024x1024.jpg 1024w, https:\/\/blogsaverroes.juntadeandalucia.es\/eeifranciscosorianoserrano\/files\/2022\/06\/IMG-20220511-WA0159-150x150.jpg 150w, https:\/\/blogsaverroes.juntadeandalucia.es\/eeifranciscosorianoserrano\/files\/2022\/06\/IMG-20220511-WA0159-768x768.jpg 768w, https:\/\/blogsaverroes.juntadeandalucia.es\/eeifranciscosorianoserrano\/files\/2022\/06\/IMG-20220511-WA0159-1536x1536.jpg 1536w\" sizes=\"(max-width: 1600px) 100vw, 1600px\" \/> <img loading=\"lazy\" decoding=\"async\" class=\"aligncenter size-full wp-image-3190\" src=\"https:\/\/blogsaverroes.juntadeandalucia.es\/eeifranciscosorianoserrano\/files\/2022\/06\/IMG-20220511-WA0049.jpg\" alt=\"\" width=\"1600\" height=\"900\" srcset=\"https:\/\/blogsaverroes.juntadeandalucia.es\/eeifranciscosorianoserrano\/files\/2022\/06\/IMG-20220511-WA0049.jpg 1600w, https:\/\/blogsaverroes.juntadeandalucia.es\/eeifranciscosorianoserrano\/files\/2022\/06\/IMG-20220511-WA0049-300x169.jpg 300w, https:\/\/blogsaverroes.juntadeandalucia.es\/eeifranciscosorianoserrano\/files\/2022\/06\/IMG-20220511-WA0049-1024x576.jpg 1024w, https:\/\/blogsaverroes.juntadeandalucia.es\/eeifranciscosorianoserrano\/files\/2022\/06\/IMG-20220511-WA0049-768x432.jpg 768w, https:\/\/blogsaverroes.juntadeandalucia.es\/eeifranciscosorianoserrano\/files\/2022\/06\/IMG-20220511-WA0049-1536x864.jpg 1536w\" sizes=\"(max-width: 1600px) 100vw, 1600px\" \/> <img loading=\"lazy\" decoding=\"async\" class=\"aligncenter size-full wp-image-3191\" src=\"https:\/\/blogsaverroes.juntadeandalucia.es\/eeifranciscosorianoserrano\/files\/2022\/06\/IMG-20220511-WA0053.jpg\" alt=\"\" width=\"1600\" height=\"900\" srcset=\"https:\/\/blogsaverroes.juntadeandalucia.es\/eeifranciscosorianoserrano\/files\/2022\/06\/IMG-20220511-WA0053.jpg 1600w, https:\/\/blogsaverroes.juntadeandalucia.es\/eeifranciscosorianoserrano\/files\/2022\/06\/IMG-20220511-WA0053-300x169.jpg 300w, https:\/\/blogsaverroes.juntadeandalucia.es\/eeifranciscosorianoserrano\/files\/2022\/06\/IMG-20220511-WA0053-1024x576.jpg 1024w, https:\/\/blogsaverroes.juntadeandalucia.es\/eeifranciscosorianoserrano\/files\/2022\/06\/IMG-20220511-WA0053-768x432.jpg 768w, https:\/\/blogsaverroes.juntadeandalucia.es\/eeifranciscosorianoserrano\/files\/2022\/06\/IMG-20220511-WA0053-1536x864.jpg 1536w\" sizes=\"(max-width: 1600px) 100vw, 1600px\" \/> <img loading=\"lazy\" decoding=\"async\" class=\"aligncenter size-full wp-image-3192\" src=\"https:\/\/blogsaverroes.juntadeandalucia.es\/eeifranciscosorianoserrano\/files\/2022\/06\/IMG-20220511-WA0074.jpg\" alt=\"\" width=\"1600\" height=\"900\" srcset=\"https:\/\/blogsaverroes.juntadeandalucia.es\/eeifranciscosorianoserrano\/files\/2022\/06\/IMG-20220511-WA0074.jpg 1600w, https:\/\/blogsaverroes.juntadeandalucia.es\/eeifranciscosorianoserrano\/files\/2022\/06\/IMG-20220511-WA0074-300x169.jpg 300w, https:\/\/blogsaverroes.juntadeandalucia.es\/eeifranciscosorianoserrano\/files\/2022\/06\/IMG-20220511-WA0074-1024x576.jpg 1024w, https:\/\/blogsaverroes.juntadeandalucia.es\/eeifranciscosorianoserrano\/files\/2022\/06\/IMG-20220511-WA0074-768x432.jpg 768w, https:\/\/blogsaverroes.juntadeandalucia.es\/eeifranciscosorianoserrano\/files\/2022\/06\/IMG-20220511-WA0074-1536x864.jpg 1536w\" sizes=\"(max-width: 1600px) 100vw, 1600px\" \/> <img loading=\"lazy\" decoding=\"async\" class=\"aligncenter size-full wp-image-3193\" src=\"https:\/\/blogsaverroes.juntadeandalucia.es\/eeifranciscosorianoserrano\/files\/2022\/06\/IMG-20220511-WA0098.jpg\" alt=\"\" width=\"900\" height=\"1600\" srcset=\"https:\/\/blogsaverroes.juntadeandalucia.es\/eeifranciscosorianoserrano\/files\/2022\/06\/IMG-20220511-WA0098.jpg 900w, https:\/\/blogsaverroes.juntadeandalucia.es\/eeifranciscosorianoserrano\/files\/2022\/06\/IMG-20220511-WA0098-169x300.jpg 169w, https:\/\/blogsaverroes.juntadeandalucia.es\/eeifranciscosorianoserrano\/files\/2022\/06\/IMG-20220511-WA0098-576x1024.jpg 576w, https:\/\/blogsaverroes.juntadeandalucia.es\/eeifranciscosorianoserrano\/files\/2022\/06\/IMG-20220511-WA0098-768x1365.jpg 768w, https:\/\/blogsaverroes.juntadeandalucia.es\/eeifranciscosorianoserrano\/files\/2022\/06\/IMG-20220511-WA0098-864x1536.jpg 864w\" sizes=\"(max-width: 900px) 100vw, 900px\" \/> <img loading=\"lazy\" decoding=\"async\" class=\"aligncenter size-full wp-image-3194\" src=\"https:\/\/blogsaverroes.juntadeandalucia.es\/eeifranciscosorianoserrano\/files\/2022\/06\/IMG-20220511-WA0100.jpg\" alt=\"\" width=\"1600\" height=\"900\" srcset=\"https:\/\/blogsaverroes.juntadeandalucia.es\/eeifranciscosorianoserrano\/files\/2022\/06\/IMG-20220511-WA0100.jpg 1600w, https:\/\/blogsaverroes.juntadeandalucia.es\/eeifranciscosorianoserrano\/files\/2022\/06\/IMG-20220511-WA0100-300x169.jpg 300w, https:\/\/blogsaverroes.juntadeandalucia.es\/eeifranciscosorianoserrano\/files\/2022\/06\/IMG-20220511-WA0100-1024x576.jpg 1024w, https:\/\/blogsaverroes.juntadeandalucia.es\/eeifranciscosorianoserrano\/files\/2022\/06\/IMG-20220511-WA0100-768x432.jpg 768w, https:\/\/blogsaverroes.juntadeandalucia.es\/eeifranciscosorianoserrano\/files\/2022\/06\/IMG-20220511-WA0100-1536x864.jpg 1536w\" sizes=\"(max-width: 1600px) 100vw, 1600px\" \/> <img loading=\"lazy\" decoding=\"async\" class=\"aligncenter size-full wp-image-3195\" src=\"https:\/\/blogsaverroes.juntadeandalucia.es\/eeifranciscosorianoserrano\/files\/2022\/06\/IMG-20220511-WA0112.jpg\" alt=\"\" width=\"1600\" height=\"1200\" srcset=\"https:\/\/blogsaverroes.juntadeandalucia.es\/eeifranciscosorianoserrano\/files\/2022\/06\/IMG-20220511-WA0112.jpg 1600w, https:\/\/blogsaverroes.juntadeandalucia.es\/eeifranciscosorianoserrano\/files\/2022\/06\/IMG-20220511-WA0112-300x225.jpg 300w, https:\/\/blogsaverroes.juntadeandalucia.es\/eeifranciscosorianoserrano\/files\/2022\/06\/IMG-20220511-WA0112-1024x768.jpg 1024w, https:\/\/blogsaverroes.juntadeandalucia.es\/eeifranciscosorianoserrano\/files\/2022\/06\/IMG-20220511-WA0112-768x576.jpg 768w, https:\/\/blogsaverroes.juntadeandalucia.es\/eeifranciscosorianoserrano\/files\/2022\/06\/IMG-20220511-WA0112-1536x1152.jpg 1536w\" sizes=\"(max-width: 1600px) 100vw, 1600px\" \/> <img loading=\"lazy\" decoding=\"async\" class=\"aligncenter size-full wp-image-3196\" src=\"https:\/\/blogsaverroes.juntadeandalucia.es\/eeifranciscosorianoserrano\/files\/2022\/06\/IMG-20220511-WA0117.jpg\" alt=\"\" width=\"1600\" height=\"1200\" srcset=\"https:\/\/blogsaverroes.juntadeandalucia.es\/eeifranciscosorianoserrano\/files\/2022\/06\/IMG-20220511-WA0117.jpg 1600w, https:\/\/blogsaverroes.juntadeandalucia.es\/eeifranciscosorianoserrano\/files\/2022\/06\/IMG-20220511-WA0117-300x225.jpg 300w, https:\/\/blogsaverroes.juntadeandalucia.es\/eeifranciscosorianoserrano\/files\/2022\/06\/IMG-20220511-WA0117-1024x768.jpg 1024w, https:\/\/blogsaverroes.juntadeandalucia.es\/eeifranciscosorianoserrano\/files\/2022\/06\/IMG-20220511-WA0117-768x576.jpg 768w, https:\/\/blogsaverroes.juntadeandalucia.es\/eeifranciscosorianoserrano\/files\/2022\/06\/IMG-20220511-WA0117-1536x1152.jpg 1536w\" sizes=\"(max-width: 1600px) 100vw, 1600px\" \/> <img loading=\"lazy\" decoding=\"async\" class=\"aligncenter size-full wp-image-3197\" src=\"https:\/\/blogsaverroes.juntadeandalucia.es\/eeifranciscosorianoserrano\/files\/2022\/06\/IMG-20220511-WA0120.jpg\" alt=\"\" width=\"1600\" height=\"1200\" srcset=\"https:\/\/blogsaverroes.juntadeandalucia.es\/eeifranciscosorianoserrano\/files\/2022\/06\/IMG-20220511-WA0120.jpg 1600w, https:\/\/blogsaverroes.juntadeandalucia.es\/eeifranciscosorianoserrano\/files\/2022\/06\/IMG-20220511-WA0120-300x225.jpg 300w, https:\/\/blogsaverroes.juntadeandalucia.es\/eeifranciscosorianoserrano\/files\/2022\/06\/IMG-20220511-WA0120-1024x768.jpg 1024w, https:\/\/blogsaverroes.juntadeandalucia.es\/eeifranciscosorianoserrano\/files\/2022\/06\/IMG-20220511-WA0120-768x576.jpg 768w, https:\/\/blogsaverroes.juntadeandalucia.es\/eeifranciscosorianoserrano\/files\/2022\/06\/IMG-20220511-WA0120-1536x1152.jpg 1536w\" sizes=\"(max-width: 1600px) 100vw, 1600px\" \/> <img loading=\"lazy\" decoding=\"async\" class=\"aligncenter size-full wp-image-3198\" src=\"https:\/\/blogsaverroes.juntadeandalucia.es\/eeifranciscosorianoserrano\/files\/2022\/06\/IMG-20220511-WA0121.jpg\" alt=\"\" width=\"1600\" height=\"1200\" srcset=\"https:\/\/blogsaverroes.juntadeandalucia.es\/eeifranciscosorianoserrano\/files\/2022\/06\/IMG-20220511-WA0121.jpg 1600w, https:\/\/blogsaverroes.juntadeandalucia.es\/eeifranciscosorianoserrano\/files\/2022\/06\/IMG-20220511-WA0121-300x225.jpg 300w, https:\/\/blogsaverroes.juntadeandalucia.es\/eeifranciscosorianoserrano\/files\/2022\/06\/IMG-20220511-WA0121-1024x768.jpg 1024w, https:\/\/blogsaverroes.juntadeandalucia.es\/eeifranciscosorianoserrano\/files\/2022\/06\/IMG-20220511-WA0121-768x576.jpg 768w, https:\/\/blogsaverroes.juntadeandalucia.es\/eeifranciscosorianoserrano\/files\/2022\/06\/IMG-20220511-WA0121-1536x1152.jpg 1536w\" sizes=\"(max-width: 1600px) 100vw, 1600px\" \/> <img loading=\"lazy\" decoding=\"async\" class=\"aligncenter size-full wp-image-3199\" src=\"https:\/\/blogsaverroes.juntadeandalucia.es\/eeifranciscosorianoserrano\/files\/2022\/06\/IMG-20220511-WA0130.jpg\" alt=\"\" width=\"1600\" height=\"1200\" srcset=\"https:\/\/blogsaverroes.juntadeandalucia.es\/eeifranciscosorianoserrano\/files\/2022\/06\/IMG-20220511-WA0130.jpg 1600w, https:\/\/blogsaverroes.juntadeandalucia.es\/eeifranciscosorianoserrano\/files\/2022\/06\/IMG-20220511-WA0130-300x225.jpg 300w, https:\/\/blogsaverroes.juntadeandalucia.es\/eeifranciscosorianoserrano\/files\/2022\/06\/IMG-20220511-WA0130-1024x768.jpg 1024w, https:\/\/blogsaverroes.juntadeandalucia.es\/eeifranciscosorianoserrano\/files\/2022\/06\/IMG-20220511-WA0130-768x576.jpg 768w, https:\/\/blogsaverroes.juntadeandalucia.es\/eeifranciscosorianoserrano\/files\/2022\/06\/IMG-20220511-WA0130-1536x1152.jpg 1536w\" sizes=\"(max-width: 1600px) 100vw, 1600px\" \/> <img loading=\"lazy\" decoding=\"async\" class=\"aligncenter size-full wp-image-3200\" src=\"https:\/\/blogsaverroes.juntadeandalucia.es\/eeifranciscosorianoserrano\/files\/2022\/06\/IMG-20220511-WA0131.jpg\" alt=\"\" width=\"1600\" height=\"1200\" srcset=\"https:\/\/blogsaverroes.juntadeandalucia.es\/eeifranciscosorianoserrano\/files\/2022\/06\/IMG-20220511-WA0131.jpg 1600w, https:\/\/blogsaverroes.juntadeandalucia.es\/eeifranciscosorianoserrano\/files\/2022\/06\/IMG-20220511-WA0131-300x225.jpg 300w, https:\/\/blogsaverroes.juntadeandalucia.es\/eeifranciscosorianoserrano\/files\/2022\/06\/IMG-20220511-WA0131-1024x768.jpg 1024w, https:\/\/blogsaverroes.juntadeandalucia.es\/eeifranciscosorianoserrano\/files\/2022\/06\/IMG-20220511-WA0131-768x576.jpg 768w, https:\/\/blogsaverroes.juntadeandalucia.es\/eeifranciscosorianoserrano\/files\/2022\/06\/IMG-20220511-WA0131-1536x1152.jpg 1536w\" sizes=\"(max-width: 1600px) 100vw, 1600px\" \/> <img loading=\"lazy\" decoding=\"async\" class=\"aligncenter size-full wp-image-3201\" src=\"https:\/\/blogsaverroes.juntadeandalucia.es\/eeifranciscosorianoserrano\/files\/2022\/06\/IMG-20220511-WA0143.jpg\" alt=\"\" width=\"1600\" height=\"1200\" srcset=\"https:\/\/blogsaverroes.juntadeandalucia.es\/eeifranciscosorianoserrano\/files\/2022\/06\/IMG-20220511-WA0143.jpg 1600w, https:\/\/blogsaverroes.juntadeandalucia.es\/eeifranciscosorianoserrano\/files\/2022\/06\/IMG-20220511-WA0143-300x225.jpg 300w, https:\/\/blogsaverroes.juntadeandalucia.es\/eeifranciscosorianoserrano\/files\/2022\/06\/IMG-20220511-WA0143-1024x768.jpg 1024w, https:\/\/blogsaverroes.juntadeandalucia.es\/eeifranciscosorianoserrano\/files\/2022\/06\/IMG-20220511-WA0143-768x576.jpg 768w, https:\/\/blogsaverroes.juntadeandalucia.es\/eeifranciscosorianoserrano\/files\/2022\/06\/IMG-20220511-WA0143-1536x1152.jpg 1536w\" sizes=\"(max-width: 1600px) 100vw, 1600px\" \/><\/p>\n<form method=\"post\" id=\"cntctfrm_contact_form\" class=\"cntctfrm_contact_form cntctfrm_one_column cntctfrm_ltr cntctfrm_width_default\" action=\"\/eeifranciscosorianoserrano\/wp-json\/wp\/v2\/posts\/3185#cntctfrm_contact_form\" enctype=\"multipart\/form-data\"><div id=\"cntctfrm_first_column\" class=\"cntctfrm_column\"><div class=\"cntctfrm_field_wrap cntctfrm_field_name_wrap\"namecontact><div class=\"cntctfrm_label cntctfrm_label_name\">\n\t\t\t\t\t\t\t\t\t<label for=\"cntctfrm_contact_name\">Nombre: <span class=\"required\">*<\/span><\/label><\/div><div class=\"cntctfrm_input cntctfrm_input_name\">\n\t\t\t\t\t\t\t\t\t<input namecontact class=\"text\" type=\"text\" size=\"40\" pattern=\"^[\\p{L}\\p{M}]{3,}(\\s\\p{M}*\\p{L}+)*\" title=\"Please enter only letters at least 3 characters, words seperated by spaces\" value=\"\" name=\"cntctfrm_contact_name\" id=\"cntctfrm_contact_name\" \/><\/div><\/div><div class=\"cntctfrm_field_wrap cntctfrm_field_email_wrap\"email><div class=\"cntctfrm_label cntctfrm_label_email\">\n\t\t\t\t\t\t\t\t\t<label for=\"cntctfrm_contact_email\">Direcci\u00f3n de correo electr\u00f3nico: <span class=\"required\">*<\/span><\/label>\n\t\t\t\t\t\t\t\t<\/div><div class=\"cntctfrm_input cntctfrm_input_email\">\n\t\t\t\t\t\t\t\t\t<input email class=\"text\" type=\"email\" size=\"40\" value=\"\" name=\"cntctfrm_contact_email\" id=\"cntctfrm_contact_email\" \/><\/div><\/div><div class=\"cntctfrm_field_wrap cntctfrm_field_subject_wrap\"subject><div class=\"cntctfrm_label cntctfrm_label_subject\">\n\t\t\t\t\t\t\t\t\t<label for=\"cntctfrm_contact_subject\">Asunto: <span class=\"required\">*<\/span><\/label>\n\t\t\t\t\t\t\t\t<\/div><div class=\"cntctfrm_input cntctfrm_input_subject\">\n\t\t\t\t\t\t\t\t<input subject pattern=\"^[\\p{M}\\p{L}]{3,}(\\s\\p{M}*\\p{L}+)*\" title=\"Please enter only letters at least 3 characters, words seperated by spaces\" class=\"text\" type=\"text\" size=\"40\" value=\"\" name=\"cntctfrm_contact_subject\" id=\"cntctfrm_contact_subject\" \/><\/div><\/div><div class=\"cntctfrm_field_wrap cntctfrm_field_message_wrap\"message><div class=\"cntctfrm_label cntctfrm_label_message\">\n\t\t\t\t\t\t\t\t<label for=\"cntctfrm_contact_message\">Mensaje: <span class=\"required\">*<\/span><\/label>\n\t\t\t\t\t\t\t<\/div><div class=\"cntctfrm_input cntctfrm_input_message\">\n\t\t\t\t\t\t\t\t<textarea message rows=\"5\" cols=\"30\"name=\"cntctfrm_contact_message\" id=\"cntctfrm_contact_message\"><\/textarea><\/div><\/div><\/div><div class=\"clear\"><\/div><div class=\"cntctfrm_submit_wrap\"><div id=\"cntctfrm_submit_first_column\" class=\"cntctfrm_column\"><div class=\"cntctfrm_input cntctfrm_input_submit\"><input type=\"hidden\" value=\"send\" name=\"cntctfrm_contact_action\">\n\t\t\t\t\t\t\t<input type=\"hidden\" value=\"default\" name=\"cntctfrm_language\">\n\t\t\t\t\t\t\t<input type=\"hidden\" value=\"1\" name=\"cntctfrm_form_submited\">\n\t\t\t\t\t\t\t<input type=\"hidden\" value=\"cntctfrm_options\" name=\"cntctfrm_options_name\">\n\t\t\t\t\t\t\t<input type=\"submit\" value=\"Enviar\" class=\"cntctfrm_contact_submit\" \/>\n\t\t\t\t\t\t<\/div><\/div><div id=\"cntctfrm_submit_second_column\" class=\"cntctfrm_column\"><\/div><div class=\"clear\"><\/div>\n\t\t\t<\/div>\n\t\t\t<\/form>\n","protected":false},"excerpt":{"rendered":"<p>REFORESTAMOS&#8230;.. &nbsp; &nbsp; &nbsp; El cuidado del medio ambiente&nbsp; siempre est\u00e1 presente en el quehacer diario de nuestro cole. La contaminaci\u00f3n, la tala indiscriminada de \u00e1rboles, cambio clim\u00e1tica etc. Son temas que continuamente aparecen en las noticias que diariamente vemos. Debemos concienciarnos que solo tenemos una tierra y que por desgracia se est\u00e1 muriendo. Son &hellip; <a href=\"https:\/\/blogsaverroes.juntadeandalucia.es\/eeifranciscosorianoserrano\/cuidamos-nuestro-entorno\/\" class=\"more-link\">Sigue leyendo <span class=\"screen-reader-text\">CUIDAMOS NUESTRO ENTORNO<\/span><\/a><\/p>\n","protected":false},"author":11628,"featured_media":3193,"comment_status":"open","ping_status":"open","sticky":false,"template":"","format":"standard","meta":{"ngg_post_thumbnail":0,"footnotes":""},"categories":[670191],"tags":[670236],"aioseo_notices":[],"_links":{"self":[{"href":"https:\/\/blogsaverroes.juntadeandalucia.es\/eeifranciscosorianoserrano\/wp-json\/wp\/v2\/posts\/3185"}],"collection":[{"href":"https:\/\/blogsaverroes.juntadeandalucia.es\/eeifranciscosorianoserrano\/wp-json\/wp\/v2\/posts"}],"about":[{"href":"https:\/\/blogsaverroes.juntadeandalucia.es\/eeifranciscosorianoserrano\/wp-json\/wp\/v2\/types\/post"}],"author":[{"embeddable":true,"href":"https:\/\/blogsaverroes.juntadeandalucia.es\/eeifranciscosorianoserrano\/wp-json\/wp\/v2\/users\/11628"}],"replies":[{"embeddable":true,"href":"https:\/\/blogsaverroes.juntadeandalucia.es\/eeifranciscosorianoserrano\/wp-json\/wp\/v2\/comments?post=3185"}],"version-history":[{"count":1,"href":"https:\/\/blogsaverroes.juntadeandalucia.es\/eeifranciscosorianoserrano\/wp-json\/wp\/v2\/posts\/3185\/revisions"}],"predecessor-version":[{"id":3202,"href":"https:\/\/blogsaverroes.juntadeandalucia.es\/eeifranciscosorianoserrano\/wp-json\/wp\/v2\/posts\/3185\/revisions\/3202"}],"wp:featuredmedia":[{"embeddable":true,"href":"https:\/\/blogsaverroes.juntadeandalucia.es\/eeifranciscosorianoserrano\/wp-json\/wp\/v2\/media\/3193"}],"wp:attachment":[{"href":"https:\/\/blogsaverroes.juntadeandalucia.es\/eeifranciscosorianoserrano\/wp-json\/wp\/v2\/media?parent=3185"}],"wp:term":[{"taxonomy":"category","embeddable":true,"href":"https:\/\/blogsaverroes.juntadeandalucia.es\/eeifranciscosorianoserrano\/wp-json\/wp\/v2\/categories?post=3185"},{"taxonomy":"post_tag","embeddable":true,"href":"https:\/\/blogsaverroes.juntadeandalucia.es\/eeifranciscosorianoserrano\/wp-json\/wp\/v2\/tags?post=3185"}],"curies":[{"name":"wp","href":"https:\/\/api.w.org\/{rel}","templated":true}]}}