{"id":4222,"date":"2023-11-02T15:53:28","date_gmt":"2023-11-02T14:53:28","guid":{"rendered":"http:\/\/blogsaverroes.juntadeandalucia.es\/eeifranciscosorianoserrano\/?p=4222"},"modified":"2023-11-02T15:58:20","modified_gmt":"2023-11-02T14:58:20","slug":"dia-del-libro-2","status":"publish","type":"post","link":"https:\/\/blogsaverroes.juntadeandalucia.es\/eeifranciscosorianoserrano\/dia-del-libro-2\/","title":{"rendered":"D\u00cdA DEL LIBRO"},"content":{"rendered":"<div style=\"width: 660px;\" class=\"wp-video\"><!--[if lt IE 9]><script>document.createElement('video');<\/script><![endif]-->\n<video class=\"wp-video-shortcode\" id=\"video-4222-1\" width=\"660\" height=\"935\" preload=\"metadata\" controls=\"controls\"><source type=\"video\/mp4\" src=\"https:\/\/blogsaverroes.juntadeandalucia.es\/eeifranciscosorianoserrano\/files\/2023\/11\/VID-20230419-WA0002.mp4?_=1\" \/><a href=\"https:\/\/blogsaverroes.juntadeandalucia.es\/eeifranciscosorianoserrano\/files\/2023\/11\/VID-20230419-WA0002.mp4\">https:\/\/blogsaverroes.juntadeandalucia.es\/eeifranciscosorianoserrano\/files\/2023\/11\/VID-20230419-WA0002.mp4<\/a><\/video><\/div>\n<h1 style=\"text-align: center\"><span style=\"color: #ff0000\">23 DE ABRIL \u00abD\u00cdA DEL LIBRO\u00bb<\/span><\/h1>\n<h1 style=\"text-align: center\"><strong>El d\u00eda del libro, es un d\u00eda que se celebra de manera muy especial en nuestro cole.<\/strong><\/h1>\n<h3><strong>&nbsp; &nbsp; &nbsp;Este curso se han realizado m\u00faltiples actividades como:<\/strong><\/h3>\n<ul>\n<li>\n<h3><strong>Elaboraci\u00f3n de cuentos colectivos en clase<\/strong><\/h3>\n<\/li>\n<li>\n<h3><strong>Mural con los cuentos realizados&nbsp;<\/strong><\/h3>\n<\/li>\n<li>\n<h3><strong>Lecturas tutorizadas con el alumnado.<\/strong><\/h3>\n<\/li>\n<li>\n<h3><strong>Certamen de poes\u00edas en las distintas clases<\/strong><\/h3>\n<\/li>\n<li>\n<h3><strong>Visita a la biblioteca de nuestro pueblo donde los ni\u00f1os pudieron ver cuentacuentos.<\/strong><\/h3>\n<\/li>\n<li>\n<h3><strong>Se hicieron carnet de lectura para la biblioteca municipal&nbsp;<\/strong><\/h3>\n<\/li>\n<li>\n<h1><span style=\"color: #0000ff\">GALER\u00cdA DE IM\u00c1GENES&nbsp;<\/span><\/h1>\n<\/li>\n<li>\n<h3><span style=\"color: #339966\"><strong>ELABORACI\u00d3N DE CUENTOS COLECTIVOS&nbsp;<\/strong><\/span><\/h3>\n<\/li>\n<li><img loading=\"lazy\" decoding=\"async\" class=\"aligncenter size-full wp-image-4231\" src=\"https:\/\/blogsaverroes.juntadeandalucia.es\/eeifranciscosorianoserrano\/files\/2023\/11\/IMG-20230420-WA0034.jpg\" alt=\"\" width=\"1600\" height=\"1200\" srcset=\"https:\/\/blogsaverroes.juntadeandalucia.es\/eeifranciscosorianoserrano\/files\/2023\/11\/IMG-20230420-WA0034.jpg 1600w, https:\/\/blogsaverroes.juntadeandalucia.es\/eeifranciscosorianoserrano\/files\/2023\/11\/IMG-20230420-WA0034-300x225.jpg 300w, https:\/\/blogsaverroes.juntadeandalucia.es\/eeifranciscosorianoserrano\/files\/2023\/11\/IMG-20230420-WA0034-1024x768.jpg 1024w, https:\/\/blogsaverroes.juntadeandalucia.es\/eeifranciscosorianoserrano\/files\/2023\/11\/IMG-20230420-WA0034-768x576.jpg 768w, https:\/\/blogsaverroes.juntadeandalucia.es\/eeifranciscosorianoserrano\/files\/2023\/11\/IMG-20230420-WA0034-1536x1152.jpg 1536w\" sizes=\"(max-width: 1600px) 100vw, 1600px\" \/><\/li>\n<li><img loading=\"lazy\" decoding=\"async\" class=\"aligncenter size-full wp-image-4232\" src=\"https:\/\/blogsaverroes.juntadeandalucia.es\/eeifranciscosorianoserrano\/files\/2023\/11\/IMG-20230420-WA0036.jpg\" alt=\"\" width=\"1600\" height=\"1200\" srcset=\"https:\/\/blogsaverroes.juntadeandalucia.es\/eeifranciscosorianoserrano\/files\/2023\/11\/IMG-20230420-WA0036.jpg 1600w, https:\/\/blogsaverroes.juntadeandalucia.es\/eeifranciscosorianoserrano\/files\/2023\/11\/IMG-20230420-WA0036-300x225.jpg 300w, https:\/\/blogsaverroes.juntadeandalucia.es\/eeifranciscosorianoserrano\/files\/2023\/11\/IMG-20230420-WA0036-1024x768.jpg 1024w, https:\/\/blogsaverroes.juntadeandalucia.es\/eeifranciscosorianoserrano\/files\/2023\/11\/IMG-20230420-WA0036-768x576.jpg 768w, https:\/\/blogsaverroes.juntadeandalucia.es\/eeifranciscosorianoserrano\/files\/2023\/11\/IMG-20230420-WA0036-1536x1152.jpg 1536w\" sizes=\"(max-width: 1600px) 100vw, 1600px\" \/><\/li>\n<li><img loading=\"lazy\" decoding=\"async\" class=\"aligncenter size-full wp-image-4233\" src=\"https:\/\/blogsaverroes.juntadeandalucia.es\/eeifranciscosorianoserrano\/files\/2023\/11\/IMG-20230420-WA0037.jpg\" alt=\"\" width=\"1600\" height=\"1200\" srcset=\"https:\/\/blogsaverroes.juntadeandalucia.es\/eeifranciscosorianoserrano\/files\/2023\/11\/IMG-20230420-WA0037.jpg 1600w, https:\/\/blogsaverroes.juntadeandalucia.es\/eeifranciscosorianoserrano\/files\/2023\/11\/IMG-20230420-WA0037-300x225.jpg 300w, https:\/\/blogsaverroes.juntadeandalucia.es\/eeifranciscosorianoserrano\/files\/2023\/11\/IMG-20230420-WA0037-1024x768.jpg 1024w, https:\/\/blogsaverroes.juntadeandalucia.es\/eeifranciscosorianoserrano\/files\/2023\/11\/IMG-20230420-WA0037-768x576.jpg 768w, https:\/\/blogsaverroes.juntadeandalucia.es\/eeifranciscosorianoserrano\/files\/2023\/11\/IMG-20230420-WA0037-1536x1152.jpg 1536w\" sizes=\"(max-width: 1600px) 100vw, 1600px\" \/><\/li>\n<li><img loading=\"lazy\" decoding=\"async\" class=\"aligncenter size-full wp-image-4234\" src=\"https:\/\/blogsaverroes.juntadeandalucia.es\/eeifranciscosorianoserrano\/files\/2023\/11\/IMG-20230420-WA0045.jpg\" alt=\"\" width=\"1600\" height=\"1200\" srcset=\"https:\/\/blogsaverroes.juntadeandalucia.es\/eeifranciscosorianoserrano\/files\/2023\/11\/IMG-20230420-WA0045.jpg 1600w, https:\/\/blogsaverroes.juntadeandalucia.es\/eeifranciscosorianoserrano\/files\/2023\/11\/IMG-20230420-WA0045-300x225.jpg 300w, https:\/\/blogsaverroes.juntadeandalucia.es\/eeifranciscosorianoserrano\/files\/2023\/11\/IMG-20230420-WA0045-1024x768.jpg 1024w, https:\/\/blogsaverroes.juntadeandalucia.es\/eeifranciscosorianoserrano\/files\/2023\/11\/IMG-20230420-WA0045-768x576.jpg 768w, https:\/\/blogsaverroes.juntadeandalucia.es\/eeifranciscosorianoserrano\/files\/2023\/11\/IMG-20230420-WA0045-1536x1152.jpg 1536w\" sizes=\"(max-width: 1600px) 100vw, 1600px\" \/><\/li>\n<li><img loading=\"lazy\" decoding=\"async\" class=\"aligncenter size-full wp-image-4235\" src=\"https:\/\/blogsaverroes.juntadeandalucia.es\/eeifranciscosorianoserrano\/files\/2023\/11\/IMG-20230420-WA0066.jpg\" alt=\"\" width=\"1600\" height=\"1200\" srcset=\"https:\/\/blogsaverroes.juntadeandalucia.es\/eeifranciscosorianoserrano\/files\/2023\/11\/IMG-20230420-WA0066.jpg 1600w, https:\/\/blogsaverroes.juntadeandalucia.es\/eeifranciscosorianoserrano\/files\/2023\/11\/IMG-20230420-WA0066-300x225.jpg 300w, https:\/\/blogsaverroes.juntadeandalucia.es\/eeifranciscosorianoserrano\/files\/2023\/11\/IMG-20230420-WA0066-1024x768.jpg 1024w, https:\/\/blogsaverroes.juntadeandalucia.es\/eeifranciscosorianoserrano\/files\/2023\/11\/IMG-20230420-WA0066-768x576.jpg 768w, https:\/\/blogsaverroes.juntadeandalucia.es\/eeifranciscosorianoserrano\/files\/2023\/11\/IMG-20230420-WA0066-1536x1152.jpg 1536w\" sizes=\"(max-width: 1600px) 100vw, 1600px\" \/><\/li>\n<li><img loading=\"lazy\" decoding=\"async\" class=\"aligncenter size-full wp-image-4236\" src=\"https:\/\/blogsaverroes.juntadeandalucia.es\/eeifranciscosorianoserrano\/files\/2023\/11\/IMG-20230420-WA0071.jpg\" alt=\"\" width=\"1600\" height=\"1200\" srcset=\"https:\/\/blogsaverroes.juntadeandalucia.es\/eeifranciscosorianoserrano\/files\/2023\/11\/IMG-20230420-WA0071.jpg 1600w, https:\/\/blogsaverroes.juntadeandalucia.es\/eeifranciscosorianoserrano\/files\/2023\/11\/IMG-20230420-WA0071-300x225.jpg 300w, https:\/\/blogsaverroes.juntadeandalucia.es\/eeifranciscosorianoserrano\/files\/2023\/11\/IMG-20230420-WA0071-1024x768.jpg 1024w, https:\/\/blogsaverroes.juntadeandalucia.es\/eeifranciscosorianoserrano\/files\/2023\/11\/IMG-20230420-WA0071-768x576.jpg 768w, https:\/\/blogsaverroes.juntadeandalucia.es\/eeifranciscosorianoserrano\/files\/2023\/11\/IMG-20230420-WA0071-1536x1152.jpg 1536w\" sizes=\"(max-width: 1600px) 100vw, 1600px\" \/><\/li>\n<li><img loading=\"lazy\" decoding=\"async\" class=\"aligncenter size-full wp-image-4237\" src=\"https:\/\/blogsaverroes.juntadeandalucia.es\/eeifranciscosorianoserrano\/files\/2023\/11\/IMG-20230420-WA0082.jpg\" alt=\"\" width=\"1600\" height=\"1200\" srcset=\"https:\/\/blogsaverroes.juntadeandalucia.es\/eeifranciscosorianoserrano\/files\/2023\/11\/IMG-20230420-WA0082.jpg 1600w, https:\/\/blogsaverroes.juntadeandalucia.es\/eeifranciscosorianoserrano\/files\/2023\/11\/IMG-20230420-WA0082-300x225.jpg 300w, https:\/\/blogsaverroes.juntadeandalucia.es\/eeifranciscosorianoserrano\/files\/2023\/11\/IMG-20230420-WA0082-1024x768.jpg 1024w, https:\/\/blogsaverroes.juntadeandalucia.es\/eeifranciscosorianoserrano\/files\/2023\/11\/IMG-20230420-WA0082-768x576.jpg 768w, https:\/\/blogsaverroes.juntadeandalucia.es\/eeifranciscosorianoserrano\/files\/2023\/11\/IMG-20230420-WA0082-1536x1152.jpg 1536w\" sizes=\"(max-width: 1600px) 100vw, 1600px\" \/><\/li>\n<li>\n<h3><span style=\"color: #800080\">ELABORAMOS MURAL CON LOS CUENTOS REALIZADOS&nbsp;<\/span><\/h3>\n<\/li>\n<li><img loading=\"lazy\" decoding=\"async\" class=\"aligncenter size-full wp-image-4223\" src=\"https:\/\/blogsaverroes.juntadeandalucia.es\/eeifranciscosorianoserrano\/files\/2023\/11\/20230421_095229-scaled.jpg\" alt=\"\" width=\"1600\" height=\"900\" srcset=\"https:\/\/blogsaverroes.juntadeandalucia.es\/eeifranciscosorianoserrano\/files\/2023\/11\/20230421_095229-scaled.jpg 1600w, https:\/\/blogsaverroes.juntadeandalucia.es\/eeifranciscosorianoserrano\/files\/2023\/11\/20230421_095229-300x169.jpg 300w, https:\/\/blogsaverroes.juntadeandalucia.es\/eeifranciscosorianoserrano\/files\/2023\/11\/20230421_095229-1024x576.jpg 1024w, https:\/\/blogsaverroes.juntadeandalucia.es\/eeifranciscosorianoserrano\/files\/2023\/11\/20230421_095229-768x432.jpg 768w, https:\/\/blogsaverroes.juntadeandalucia.es\/eeifranciscosorianoserrano\/files\/2023\/11\/20230421_095229-1536x864.jpg 1536w, https:\/\/blogsaverroes.juntadeandalucia.es\/eeifranciscosorianoserrano\/files\/2023\/11\/20230421_095229-2048x1152.jpg 2048w\" sizes=\"(max-width: 1600px) 100vw, 1600px\" \/><\/li>\n<li><img loading=\"lazy\" decoding=\"async\" class=\"aligncenter size-full wp-image-4238\" src=\"https:\/\/blogsaverroes.juntadeandalucia.es\/eeifranciscosorianoserrano\/files\/2023\/11\/IMG-20230421-WA0010.jpg\" alt=\"\" width=\"1024\" height=\"768\" srcset=\"https:\/\/blogsaverroes.juntadeandalucia.es\/eeifranciscosorianoserrano\/files\/2023\/11\/IMG-20230421-WA0010.jpg 1024w, https:\/\/blogsaverroes.juntadeandalucia.es\/eeifranciscosorianoserrano\/files\/2023\/11\/IMG-20230421-WA0010-300x225.jpg 300w, https:\/\/blogsaverroes.juntadeandalucia.es\/eeifranciscosorianoserrano\/files\/2023\/11\/IMG-20230421-WA0010-768x576.jpg 768w\" sizes=\"(max-width: 1024px) 100vw, 1024px\" \/><\/li>\n<li><img loading=\"lazy\" decoding=\"async\" class=\"aligncenter size-full wp-image-4239\" src=\"https:\/\/blogsaverroes.juntadeandalucia.es\/eeifranciscosorianoserrano\/files\/2023\/11\/IMG-20230421-WA0011.jpg\" alt=\"\" width=\"1600\" height=\"738\" srcset=\"https:\/\/blogsaverroes.juntadeandalucia.es\/eeifranciscosorianoserrano\/files\/2023\/11\/IMG-20230421-WA0011.jpg 1600w, https:\/\/blogsaverroes.juntadeandalucia.es\/eeifranciscosorianoserrano\/files\/2023\/11\/IMG-20230421-WA0011-300x138.jpg 300w, https:\/\/blogsaverroes.juntadeandalucia.es\/eeifranciscosorianoserrano\/files\/2023\/11\/IMG-20230421-WA0011-1024x472.jpg 1024w, https:\/\/blogsaverroes.juntadeandalucia.es\/eeifranciscosorianoserrano\/files\/2023\/11\/IMG-20230421-WA0011-768x354.jpg 768w, https:\/\/blogsaverroes.juntadeandalucia.es\/eeifranciscosorianoserrano\/files\/2023\/11\/IMG-20230421-WA0011-1536x709.jpg 1536w\" sizes=\"(max-width: 1600px) 100vw, 1600px\" \/><\/li>\n<li><img loading=\"lazy\" decoding=\"async\" class=\"aligncenter size-full wp-image-4240\" src=\"https:\/\/blogsaverroes.juntadeandalucia.es\/eeifranciscosorianoserrano\/files\/2023\/11\/IMG-20230421-WA0013.jpg\" alt=\"\" width=\"1600\" height=\"1200\" srcset=\"https:\/\/blogsaverroes.juntadeandalucia.es\/eeifranciscosorianoserrano\/files\/2023\/11\/IMG-20230421-WA0013.jpg 1600w, https:\/\/blogsaverroes.juntadeandalucia.es\/eeifranciscosorianoserrano\/files\/2023\/11\/IMG-20230421-WA0013-300x225.jpg 300w, https:\/\/blogsaverroes.juntadeandalucia.es\/eeifranciscosorianoserrano\/files\/2023\/11\/IMG-20230421-WA0013-1024x768.jpg 1024w, https:\/\/blogsaverroes.juntadeandalucia.es\/eeifranciscosorianoserrano\/files\/2023\/11\/IMG-20230421-WA0013-768x576.jpg 768w, https:\/\/blogsaverroes.juntadeandalucia.es\/eeifranciscosorianoserrano\/files\/2023\/11\/IMG-20230421-WA0013-1536x1152.jpg 1536w\" sizes=\"(max-width: 1600px) 100vw, 1600px\" \/><\/li>\n<li>\n<h3><span style=\"color: #ff00ff\">CUENTACUENTOS EN LA BIBLIOTECA DEL PUEBLO&nbsp;<\/span><\/h3>\n<\/li>\n<li><img loading=\"lazy\" decoding=\"async\" class=\"aligncenter size-full wp-image-4225\" src=\"https:\/\/blogsaverroes.juntadeandalucia.es\/eeifranciscosorianoserrano\/files\/2023\/11\/20230427_120235-scaled.jpg\" alt=\"\" width=\"1600\" height=\"900\" srcset=\"https:\/\/blogsaverroes.juntadeandalucia.es\/eeifranciscosorianoserrano\/files\/2023\/11\/20230427_120235-scaled.jpg 1600w, https:\/\/blogsaverroes.juntadeandalucia.es\/eeifranciscosorianoserrano\/files\/2023\/11\/20230427_120235-300x169.jpg 300w, https:\/\/blogsaverroes.juntadeandalucia.es\/eeifranciscosorianoserrano\/files\/2023\/11\/20230427_120235-1024x576.jpg 1024w, https:\/\/blogsaverroes.juntadeandalucia.es\/eeifranciscosorianoserrano\/files\/2023\/11\/20230427_120235-768x432.jpg 768w, https:\/\/blogsaverroes.juntadeandalucia.es\/eeifranciscosorianoserrano\/files\/2023\/11\/20230427_120235-1536x864.jpg 1536w, https:\/\/blogsaverroes.juntadeandalucia.es\/eeifranciscosorianoserrano\/files\/2023\/11\/20230427_120235-2048x1152.jpg 2048w\" sizes=\"(max-width: 1600px) 100vw, 1600px\" \/> <img loading=\"lazy\" decoding=\"async\" class=\"aligncenter size-full wp-image-4226\" src=\"https:\/\/blogsaverroes.juntadeandalucia.es\/eeifranciscosorianoserrano\/files\/2023\/11\/20230427_120840-scaled.jpg\" alt=\"\" width=\"1600\" height=\"900\" srcset=\"https:\/\/blogsaverroes.juntadeandalucia.es\/eeifranciscosorianoserrano\/files\/2023\/11\/20230427_120840-scaled.jpg 1600w, https:\/\/blogsaverroes.juntadeandalucia.es\/eeifranciscosorianoserrano\/files\/2023\/11\/20230427_120840-300x169.jpg 300w, https:\/\/blogsaverroes.juntadeandalucia.es\/eeifranciscosorianoserrano\/files\/2023\/11\/20230427_120840-1024x576.jpg 1024w, https:\/\/blogsaverroes.juntadeandalucia.es\/eeifranciscosorianoserrano\/files\/2023\/11\/20230427_120840-768x432.jpg 768w, https:\/\/blogsaverroes.juntadeandalucia.es\/eeifranciscosorianoserrano\/files\/2023\/11\/20230427_120840-1536x864.jpg 1536w, https:\/\/blogsaverroes.juntadeandalucia.es\/eeifranciscosorianoserrano\/files\/2023\/11\/20230427_120840-2048x1152.jpg 2048w\" sizes=\"(max-width: 1600px) 100vw, 1600px\" \/> <img loading=\"lazy\" decoding=\"async\" class=\"aligncenter size-full wp-image-4227\" src=\"https:\/\/blogsaverroes.juntadeandalucia.es\/eeifranciscosorianoserrano\/files\/2023\/11\/20230427_121359-scaled.jpg\" alt=\"\" width=\"1600\" height=\"900\" srcset=\"https:\/\/blogsaverroes.juntadeandalucia.es\/eeifranciscosorianoserrano\/files\/2023\/11\/20230427_121359-scaled.jpg 1600w, https:\/\/blogsaverroes.juntadeandalucia.es\/eeifranciscosorianoserrano\/files\/2023\/11\/20230427_121359-300x169.jpg 300w, https:\/\/blogsaverroes.juntadeandalucia.es\/eeifranciscosorianoserrano\/files\/2023\/11\/20230427_121359-1024x576.jpg 1024w, https:\/\/blogsaverroes.juntadeandalucia.es\/eeifranciscosorianoserrano\/files\/2023\/11\/20230427_121359-768x432.jpg 768w, https:\/\/blogsaverroes.juntadeandalucia.es\/eeifranciscosorianoserrano\/files\/2023\/11\/20230427_121359-1536x864.jpg 1536w, https:\/\/blogsaverroes.juntadeandalucia.es\/eeifranciscosorianoserrano\/files\/2023\/11\/20230427_121359-2048x1152.jpg 2048w\" sizes=\"(max-width: 1600px) 100vw, 1600px\" \/> <img loading=\"lazy\" decoding=\"async\" class=\"aligncenter size-full wp-image-4228\" src=\"https:\/\/blogsaverroes.juntadeandalucia.es\/eeifranciscosorianoserrano\/files\/2023\/11\/20230427_121514-scaled.jpg\" alt=\"\" width=\"1600\" height=\"900\" srcset=\"https:\/\/blogsaverroes.juntadeandalucia.es\/eeifranciscosorianoserrano\/files\/2023\/11\/20230427_121514-scaled.jpg 1600w, https:\/\/blogsaverroes.juntadeandalucia.es\/eeifranciscosorianoserrano\/files\/2023\/11\/20230427_121514-300x169.jpg 300w, https:\/\/blogsaverroes.juntadeandalucia.es\/eeifranciscosorianoserrano\/files\/2023\/11\/20230427_121514-1024x576.jpg 1024w, https:\/\/blogsaverroes.juntadeandalucia.es\/eeifranciscosorianoserrano\/files\/2023\/11\/20230427_121514-768x432.jpg 768w, https:\/\/blogsaverroes.juntadeandalucia.es\/eeifranciscosorianoserrano\/files\/2023\/11\/20230427_121514-1536x864.jpg 1536w, https:\/\/blogsaverroes.juntadeandalucia.es\/eeifranciscosorianoserrano\/files\/2023\/11\/20230427_121514-2048x1152.jpg 2048w\" sizes=\"(max-width: 1600px) 100vw, 1600px\" \/> <img loading=\"lazy\" decoding=\"async\" class=\"aligncenter size-full wp-image-4229\" src=\"https:\/\/blogsaverroes.juntadeandalucia.es\/eeifranciscosorianoserrano\/files\/2023\/11\/20230427_122049-scaled.jpg\" alt=\"\" width=\"1600\" height=\"900\" srcset=\"https:\/\/blogsaverroes.juntadeandalucia.es\/eeifranciscosorianoserrano\/files\/2023\/11\/20230427_122049-scaled.jpg 1600w, https:\/\/blogsaverroes.juntadeandalucia.es\/eeifranciscosorianoserrano\/files\/2023\/11\/20230427_122049-300x169.jpg 300w, https:\/\/blogsaverroes.juntadeandalucia.es\/eeifranciscosorianoserrano\/files\/2023\/11\/20230427_122049-1024x576.jpg 1024w, https:\/\/blogsaverroes.juntadeandalucia.es\/eeifranciscosorianoserrano\/files\/2023\/11\/20230427_122049-768x432.jpg 768w, https:\/\/blogsaverroes.juntadeandalucia.es\/eeifranciscosorianoserrano\/files\/2023\/11\/20230427_122049-1536x864.jpg 1536w, https:\/\/blogsaverroes.juntadeandalucia.es\/eeifranciscosorianoserrano\/files\/2023\/11\/20230427_122049-2048x1152.jpg 2048w\" sizes=\"(max-width: 1600px) 100vw, 1600px\" \/><\/li>\n<li><img loading=\"lazy\" decoding=\"async\" class=\"aligncenter size-full wp-image-4249\" src=\"https:\/\/blogsaverroes.juntadeandalucia.es\/eeifranciscosorianoserrano\/files\/2023\/11\/IMG-20230427-WA0032-1.jpg\" alt=\"\" width=\"1600\" height=\"1200\" srcset=\"https:\/\/blogsaverroes.juntadeandalucia.es\/eeifranciscosorianoserrano\/files\/2023\/11\/IMG-20230427-WA0032-1.jpg 1600w, https:\/\/blogsaverroes.juntadeandalucia.es\/eeifranciscosorianoserrano\/files\/2023\/11\/IMG-20230427-WA0032-1-300x225.jpg 300w, https:\/\/blogsaverroes.juntadeandalucia.es\/eeifranciscosorianoserrano\/files\/2023\/11\/IMG-20230427-WA0032-1-1024x768.jpg 1024w, https:\/\/blogsaverroes.juntadeandalucia.es\/eeifranciscosorianoserrano\/files\/2023\/11\/IMG-20230427-WA0032-1-768x576.jpg 768w, https:\/\/blogsaverroes.juntadeandalucia.es\/eeifranciscosorianoserrano\/files\/2023\/11\/IMG-20230427-WA0032-1-1536x1152.jpg 1536w\" sizes=\"(max-width: 1600px) 100vw, 1600px\" \/><\/li>\n<li><img loading=\"lazy\" decoding=\"async\" class=\"aligncenter size-full wp-image-4250\" src=\"https:\/\/blogsaverroes.juntadeandalucia.es\/eeifranciscosorianoserrano\/files\/2023\/11\/IMG-20230427-WA0091.jpg\" alt=\"\" width=\"1600\" height=\"738\" srcset=\"https:\/\/blogsaverroes.juntadeandalucia.es\/eeifranciscosorianoserrano\/files\/2023\/11\/IMG-20230427-WA0091.jpg 1600w, https:\/\/blogsaverroes.juntadeandalucia.es\/eeifranciscosorianoserrano\/files\/2023\/11\/IMG-20230427-WA0091-300x138.jpg 300w, https:\/\/blogsaverroes.juntadeandalucia.es\/eeifranciscosorianoserrano\/files\/2023\/11\/IMG-20230427-WA0091-1024x472.jpg 1024w, https:\/\/blogsaverroes.juntadeandalucia.es\/eeifranciscosorianoserrano\/files\/2023\/11\/IMG-20230427-WA0091-768x354.jpg 768w, https:\/\/blogsaverroes.juntadeandalucia.es\/eeifranciscosorianoserrano\/files\/2023\/11\/IMG-20230427-WA0091-1536x708.jpg 1536w\" sizes=\"(max-width: 1600px) 100vw, 1600px\" \/><\/li>\n<li><strong><span style=\"color: #800080\">RECITAMOS POES\u00cdAS EN NUESTRA BIBLIOTECA&nbsp;<\/span><\/strong><\/li>\n<li><img loading=\"lazy\" decoding=\"async\" class=\"aligncenter size-full wp-image-4241\" src=\"https:\/\/blogsaverroes.juntadeandalucia.es\/eeifranciscosorianoserrano\/files\/2023\/11\/IMG-20230421-WA0035.jpg\" alt=\"\" width=\"1600\" height=\"1200\" srcset=\"https:\/\/blogsaverroes.juntadeandalucia.es\/eeifranciscosorianoserrano\/files\/2023\/11\/IMG-20230421-WA0035.jpg 1600w, https:\/\/blogsaverroes.juntadeandalucia.es\/eeifranciscosorianoserrano\/files\/2023\/11\/IMG-20230421-WA0035-300x225.jpg 300w, https:\/\/blogsaverroes.juntadeandalucia.es\/eeifranciscosorianoserrano\/files\/2023\/11\/IMG-20230421-WA0035-1024x768.jpg 1024w, https:\/\/blogsaverroes.juntadeandalucia.es\/eeifranciscosorianoserrano\/files\/2023\/11\/IMG-20230421-WA0035-768x576.jpg 768w, https:\/\/blogsaverroes.juntadeandalucia.es\/eeifranciscosorianoserrano\/files\/2023\/11\/IMG-20230421-WA0035-1536x1152.jpg 1536w\" sizes=\"(max-width: 1600px) 100vw, 1600px\" \/> <img loading=\"lazy\" decoding=\"async\" class=\"aligncenter size-full wp-image-4242\" src=\"https:\/\/blogsaverroes.juntadeandalucia.es\/eeifranciscosorianoserrano\/files\/2023\/11\/IMG-20230421-WA0039.jpg\" alt=\"\" width=\"1600\" height=\"1200\" srcset=\"https:\/\/blogsaverroes.juntadeandalucia.es\/eeifranciscosorianoserrano\/files\/2023\/11\/IMG-20230421-WA0039.jpg 1600w, https:\/\/blogsaverroes.juntadeandalucia.es\/eeifranciscosorianoserrano\/files\/2023\/11\/IMG-20230421-WA0039-300x225.jpg 300w, https:\/\/blogsaverroes.juntadeandalucia.es\/eeifranciscosorianoserrano\/files\/2023\/11\/IMG-20230421-WA0039-1024x768.jpg 1024w, https:\/\/blogsaverroes.juntadeandalucia.es\/eeifranciscosorianoserrano\/files\/2023\/11\/IMG-20230421-WA0039-768x576.jpg 768w, https:\/\/blogsaverroes.juntadeandalucia.es\/eeifranciscosorianoserrano\/files\/2023\/11\/IMG-20230421-WA0039-1536x1152.jpg 1536w\" sizes=\"(max-width: 1600px) 100vw, 1600px\" \/><\/li>\n<li><span style=\"color: #ff6600\"><strong>EL AMPA NOS REGALA UN LIBRO&nbsp;<\/strong><\/span><\/li>\n<li><img loading=\"lazy\" decoding=\"async\" class=\"aligncenter size-full wp-image-4244\" src=\"https:\/\/blogsaverroes.juntadeandalucia.es\/eeifranciscosorianoserrano\/files\/2023\/11\/IMG-20230421-WA0047.jpg\" alt=\"\" width=\"1600\" height=\"1200\" srcset=\"https:\/\/blogsaverroes.juntadeandalucia.es\/eeifranciscosorianoserrano\/files\/2023\/11\/IMG-20230421-WA0047.jpg 1600w, https:\/\/blogsaverroes.juntadeandalucia.es\/eeifranciscosorianoserrano\/files\/2023\/11\/IMG-20230421-WA0047-300x225.jpg 300w, https:\/\/blogsaverroes.juntadeandalucia.es\/eeifranciscosorianoserrano\/files\/2023\/11\/IMG-20230421-WA0047-1024x768.jpg 1024w, https:\/\/blogsaverroes.juntadeandalucia.es\/eeifranciscosorianoserrano\/files\/2023\/11\/IMG-20230421-WA0047-768x576.jpg 768w, https:\/\/blogsaverroes.juntadeandalucia.es\/eeifranciscosorianoserrano\/files\/2023\/11\/IMG-20230421-WA0047-1536x1152.jpg 1536w\" sizes=\"(max-width: 1600px) 100vw, 1600px\" \/><\/li>\n<li><span style=\"color: #993300\"><strong>LECTURAS TUTORIZADAS CON EL COLEGIO ARROQUIA MARTINEZ&nbsp;<\/strong><\/span><\/li>\n<\/ul>\n<p><img loading=\"lazy\" decoding=\"async\" class=\"aligncenter size-full wp-image-4246\" src=\"https:\/\/blogsaverroes.juntadeandalucia.es\/eeifranciscosorianoserrano\/files\/2023\/11\/IMG-20230425-WA0005.jpg\" alt=\"\" width=\"1600\" height=\"1200\" srcset=\"https:\/\/blogsaverroes.juntadeandalucia.es\/eeifranciscosorianoserrano\/files\/2023\/11\/IMG-20230425-WA0005.jpg 1600w, https:\/\/blogsaverroes.juntadeandalucia.es\/eeifranciscosorianoserrano\/files\/2023\/11\/IMG-20230425-WA0005-300x225.jpg 300w, https:\/\/blogsaverroes.juntadeandalucia.es\/eeifranciscosorianoserrano\/files\/2023\/11\/IMG-20230425-WA0005-1024x768.jpg 1024w, https:\/\/blogsaverroes.juntadeandalucia.es\/eeifranciscosorianoserrano\/files\/2023\/11\/IMG-20230425-WA0005-768x576.jpg 768w, https:\/\/blogsaverroes.juntadeandalucia.es\/eeifranciscosorianoserrano\/files\/2023\/11\/IMG-20230425-WA0005-1536x1152.jpg 1536w\" sizes=\"(max-width: 1600px) 100vw, 1600px\" \/>]<img loading=\"lazy\" decoding=\"async\" class=\"aligncenter size-full wp-image-4247\" src=\"https:\/\/blogsaverroes.juntadeandalucia.es\/eeifranciscosorianoserrano\/files\/2023\/11\/IMG-20230425-WA0007.jpg\" alt=\"\" width=\"1600\" height=\"1200\" srcset=\"https:\/\/blogsaverroes.juntadeandalucia.es\/eeifranciscosorianoserrano\/files\/2023\/11\/IMG-20230425-WA0007.jpg 1600w, https:\/\/blogsaverroes.juntadeandalucia.es\/eeifranciscosorianoserrano\/files\/2023\/11\/IMG-20230425-WA0007-300x225.jpg 300w, https:\/\/blogsaverroes.juntadeandalucia.es\/eeifranciscosorianoserrano\/files\/2023\/11\/IMG-20230425-WA0007-1024x768.jpg 1024w, https:\/\/blogsaverroes.juntadeandalucia.es\/eeifranciscosorianoserrano\/files\/2023\/11\/IMG-20230425-WA0007-768x576.jpg 768w, https:\/\/blogsaverroes.juntadeandalucia.es\/eeifranciscosorianoserrano\/files\/2023\/11\/IMG-20230425-WA0007-1536x1152.jpg 1536w\" sizes=\"(max-width: 1600px) 100vw, 1600px\" \/> <img loading=\"lazy\" decoding=\"async\" class=\"aligncenter size-full wp-image-4248\" src=\"https:\/\/blogsaverroes.juntadeandalucia.es\/eeifranciscosorianoserrano\/files\/2023\/11\/IMG-20230425-WA0008.jpg\" alt=\"\" width=\"1600\" height=\"1200\" srcset=\"https:\/\/blogsaverroes.juntadeandalucia.es\/eeifranciscosorianoserrano\/files\/2023\/11\/IMG-20230425-WA0008.jpg 1600w, https:\/\/blogsaverroes.juntadeandalucia.es\/eeifranciscosorianoserrano\/files\/2023\/11\/IMG-20230425-WA0008-300x225.jpg 300w, https:\/\/blogsaverroes.juntadeandalucia.es\/eeifranciscosorianoserrano\/files\/2023\/11\/IMG-20230425-WA0008-1024x768.jpg 1024w, https:\/\/blogsaverroes.juntadeandalucia.es\/eeifranciscosorianoserrano\/files\/2023\/11\/IMG-20230425-WA0008-768x576.jpg 768w, https:\/\/blogsaverroes.juntadeandalucia.es\/eeifranciscosorianoserrano\/files\/2023\/11\/IMG-20230425-WA0008-1536x1152.jpg 1536w\" sizes=\"(max-width: 1600px) 100vw, 1600px\" \/><\/p>\n<form method=\"post\" id=\"cntctfrm_contact_form\" class=\"cntctfrm_contact_form cntctfrm_one_column cntctfrm_ltr cntctfrm_width_default\" action=\"\/eeifranciscosorianoserrano\/wp-json\/wp\/v2\/posts\/4222#cntctfrm_contact_form\" enctype=\"multipart\/form-data\"><div id=\"cntctfrm_first_column\" class=\"cntctfrm_column\"><div class=\"cntctfrm_field_wrap cntctfrm_field_name_wrap\"namecontact><div class=\"cntctfrm_label cntctfrm_label_name\">\n\t\t\t\t\t\t\t\t\t<label for=\"cntctfrm_contact_name\">Nombre: <span class=\"required\">*<\/span><\/label><\/div><div class=\"cntctfrm_input cntctfrm_input_name\">\n\t\t\t\t\t\t\t\t\t<input namecontact class=\"text\" type=\"text\" size=\"40\" pattern=\"^[\\p{L}\\p{M}]{3,}(\\s\\p{M}*\\p{L}+)*\" title=\"Please enter only letters at least 3 characters, words seperated by spaces\" value=\"\" name=\"cntctfrm_contact_name\" id=\"cntctfrm_contact_name\" \/><\/div><\/div><div class=\"cntctfrm_field_wrap cntctfrm_field_email_wrap\"email><div class=\"cntctfrm_label cntctfrm_label_email\">\n\t\t\t\t\t\t\t\t\t<label for=\"cntctfrm_contact_email\">Direcci\u00f3n de correo electr\u00f3nico: <span class=\"required\">*<\/span><\/label>\n\t\t\t\t\t\t\t\t<\/div><div class=\"cntctfrm_input cntctfrm_input_email\">\n\t\t\t\t\t\t\t\t\t<input email class=\"text\" type=\"email\" size=\"40\" value=\"\" name=\"cntctfrm_contact_email\" id=\"cntctfrm_contact_email\" \/><\/div><\/div><div class=\"cntctfrm_field_wrap cntctfrm_field_subject_wrap\"subject><div class=\"cntctfrm_label cntctfrm_label_subject\">\n\t\t\t\t\t\t\t\t\t<label for=\"cntctfrm_contact_subject\">Asunto: <span class=\"required\">*<\/span><\/label>\n\t\t\t\t\t\t\t\t<\/div><div class=\"cntctfrm_input cntctfrm_input_subject\">\n\t\t\t\t\t\t\t\t<input subject pattern=\"^[\\p{M}\\p{L}]{3,}(\\s\\p{M}*\\p{L}+)*\" title=\"Please enter only letters at least 3 characters, words seperated by spaces\" class=\"text\" type=\"text\" size=\"40\" value=\"\" name=\"cntctfrm_contact_subject\" id=\"cntctfrm_contact_subject\" \/><\/div><\/div><div class=\"cntctfrm_field_wrap cntctfrm_field_message_wrap\"message><div class=\"cntctfrm_label cntctfrm_label_message\">\n\t\t\t\t\t\t\t\t<label for=\"cntctfrm_contact_message\">Mensaje: <span class=\"required\">*<\/span><\/label>\n\t\t\t\t\t\t\t<\/div><div class=\"cntctfrm_input cntctfrm_input_message\">\n\t\t\t\t\t\t\t\t<textarea message rows=\"5\" cols=\"30\"name=\"cntctfrm_contact_message\" id=\"cntctfrm_contact_message\"><\/textarea><\/div><\/div><\/div><div class=\"clear\"><\/div><div class=\"cntctfrm_submit_wrap\"><div id=\"cntctfrm_submit_first_column\" class=\"cntctfrm_column\"><div class=\"cntctfrm_input cntctfrm_input_submit\"><input type=\"hidden\" value=\"send\" name=\"cntctfrm_contact_action\">\n\t\t\t\t\t\t\t<input type=\"hidden\" value=\"default\" name=\"cntctfrm_language\">\n\t\t\t\t\t\t\t<input type=\"hidden\" value=\"1\" name=\"cntctfrm_form_submited\">\n\t\t\t\t\t\t\t<input type=\"hidden\" value=\"cntctfrm_options\" name=\"cntctfrm_options_name\">\n\t\t\t\t\t\t\t<input type=\"submit\" value=\"Enviar\" class=\"cntctfrm_contact_submit\" \/>\n\t\t\t\t\t\t<\/div><\/div><div id=\"cntctfrm_submit_second_column\" class=\"cntctfrm_column\"><\/div><div class=\"clear\"><\/div>\n\t\t\t<\/div>\n\t\t\t<\/form>\n","protected":false},"excerpt":{"rendered":"<p>23 DE ABRIL \u00abD\u00cdA DEL LIBRO\u00bb El d\u00eda del libro, es un d\u00eda que se celebra de manera muy especial en nuestro cole. &nbsp; &nbsp; &nbsp;Este curso se han realizado m\u00faltiples actividades como: Elaboraci\u00f3n de cuentos colectivos en clase Mural con los cuentos realizados&nbsp; Lecturas tutorizadas con el alumnado. Certamen de poes\u00edas en las distintas &hellip; <a href=\"https:\/\/blogsaverroes.juntadeandalucia.es\/eeifranciscosorianoserrano\/dia-del-libro-2\/\" class=\"more-link\">Sigue leyendo <span class=\"screen-reader-text\">D\u00cdA DEL LIBRO<\/span><\/a><\/p>\n","protected":false},"author":11628,"featured_media":4224,"comment_status":"open","ping_status":"open","sticky":false,"template":"","format":"standard","meta":{"ngg_post_thumbnail":0,"footnotes":""},"categories":[670207],"tags":[670233],"aioseo_notices":[],"_links":{"self":[{"href":"https:\/\/blogsaverroes.juntadeandalucia.es\/eeifranciscosorianoserrano\/wp-json\/wp\/v2\/posts\/4222"}],"collection":[{"href":"https:\/\/blogsaverroes.juntadeandalucia.es\/eeifranciscosorianoserrano\/wp-json\/wp\/v2\/posts"}],"about":[{"href":"https:\/\/blogsaverroes.juntadeandalucia.es\/eeifranciscosorianoserrano\/wp-json\/wp\/v2\/types\/post"}],"author":[{"embeddable":true,"href":"https:\/\/blogsaverroes.juntadeandalucia.es\/eeifranciscosorianoserrano\/wp-json\/wp\/v2\/users\/11628"}],"replies":[{"embeddable":true,"href":"https:\/\/blogsaverroes.juntadeandalucia.es\/eeifranciscosorianoserrano\/wp-json\/wp\/v2\/comments?post=4222"}],"version-history":[{"count":3,"href":"https:\/\/blogsaverroes.juntadeandalucia.es\/eeifranciscosorianoserrano\/wp-json\/wp\/v2\/posts\/4222\/revisions"}],"predecessor-version":[{"id":4254,"href":"https:\/\/blogsaverroes.juntadeandalucia.es\/eeifranciscosorianoserrano\/wp-json\/wp\/v2\/posts\/4222\/revisions\/4254"}],"wp:featuredmedia":[{"embeddable":true,"href":"https:\/\/blogsaverroes.juntadeandalucia.es\/eeifranciscosorianoserrano\/wp-json\/wp\/v2\/media\/4224"}],"wp:attachment":[{"href":"https:\/\/blogsaverroes.juntadeandalucia.es\/eeifranciscosorianoserrano\/wp-json\/wp\/v2\/media?parent=4222"}],"wp:term":[{"taxonomy":"category","embeddable":true,"href":"https:\/\/blogsaverroes.juntadeandalucia.es\/eeifranciscosorianoserrano\/wp-json\/wp\/v2\/categories?post=4222"},{"taxonomy":"post_tag","embeddable":true,"href":"https:\/\/blogsaverroes.juntadeandalucia.es\/eeifranciscosorianoserrano\/wp-json\/wp\/v2\/tags?post=4222"}],"curies":[{"name":"wp","href":"https:\/\/api.w.org\/{rel}","templated":true}]}}