{"id":6952,"date":"2025-03-12T17:32:14","date_gmt":"2025-03-12T16:32:14","guid":{"rendered":"https:\/\/blogsaverroes.juntadeandalucia.es\/eeifranciscosorianoserrano\/?p=6952"},"modified":"2025-03-12T17:32:14","modified_gmt":"2025-03-12T16:32:14","slug":"dia-de-la-paz-3","status":"publish","type":"post","link":"https:\/\/blogsaverroes.juntadeandalucia.es\/eeifranciscosorianoserrano\/dia-de-la-paz-3\/","title":{"rendered":"D\u00cdA DE LA PAZ"},"content":{"rendered":"<h1 style=\"text-align: center\"><span style=\"color: #ff0000\">JUNTEMOS NUESTRAS MANOS PARA&#8230;..<\/span><\/h1>\n<p>&nbsp; &nbsp; &nbsp;Como todos los a\u00f1os hemos conmemorado en nuestro cole <strong>EL D\u00cdA DE LA PAZ,<\/strong> este a\u00f1o con el lema<strong> JUNTEMOS NUESTRAS MANOS PARA&#8230;.<\/strong><\/p>\n<p>En clase hemos realizado las siguientes <strong>actividades.<\/strong><\/p>\n<ul style=\"list-style-type: circle\">\n<li><strong>Coreograf\u00eda<\/strong> con la canci\u00f3n <strong>ALTO EL FUEGO<\/strong><\/li>\n<li><strong>Asambleas<\/strong> con donde hemos hablado de las cosas bonitas <strong>que podemos hacer con nuestras manos.<\/strong><\/li>\n<li>Realizaci\u00f3n de un <strong>mural gigante<\/strong> para el porche del colegio&nbsp;<\/li>\n<li>Realizaci\u00f3n de<strong> coronas<\/strong> <strong>para ese d\u00eda<\/strong><\/li>\n<li>Participaci\u00f3n con la asociaci\u00f3n del c\u00e1ncer de nuestra localidad para darle visibilidad&nbsp;<\/li>\n<li><strong>Cuento: LOS FANTASMAS NO LLAMAN A LA PUERTA&nbsp;<\/strong><\/li>\n<li>\n<h1><span style=\"color: #ff0000\">GALER\u00cdA DE IM\u00c1GENES<\/span><\/h1>\n<\/li>\n<li>&nbsp;<\/li>\n<li>&nbsp;<\/li>\n<li>\n<h1><span style=\"color: #ff0000\"><img loading=\"lazy\" decoding=\"async\" class=\"aligncenter size-full wp-image-6925\" src=\"https:\/\/blogsaverroes.juntadeandalucia.es\/eeifranciscosorianoserrano\/files\/2025\/03\/IMG-20250127-WA0007.jpg\" alt=\"\" width=\"1080\" height=\"1920\" srcset=\"https:\/\/blogsaverroes.juntadeandalucia.es\/eeifranciscosorianoserrano\/files\/2025\/03\/IMG-20250127-WA0007.jpg 900w, https:\/\/blogsaverroes.juntadeandalucia.es\/eeifranciscosorianoserrano\/files\/2025\/03\/IMG-20250127-WA0007-169x300.jpg 169w, https:\/\/blogsaverroes.juntadeandalucia.es\/eeifranciscosorianoserrano\/files\/2025\/03\/IMG-20250127-WA0007-576x1024.jpg 576w, https:\/\/blogsaverroes.juntadeandalucia.es\/eeifranciscosorianoserrano\/files\/2025\/03\/IMG-20250127-WA0007-768x1365.jpg 768w, https:\/\/blogsaverroes.juntadeandalucia.es\/eeifranciscosorianoserrano\/files\/2025\/03\/IMG-20250127-WA0007-864x1536.jpg 864w\" sizes=\"(max-width: 1080px) 100vw, 1080px\" \/><\/span><\/h1>\n<\/li>\n<li>ASOCIACI\u00d3N DEL CANCER DE NUESTRA LOCALIDAD&nbsp;<\/li>\n<li><img loading=\"lazy\" decoding=\"async\" class=\"aligncenter size-full wp-image-6940\" src=\"https:\/\/blogsaverroes.juntadeandalucia.es\/eeifranciscosorianoserrano\/files\/2025\/03\/IMG-20250204-WA0008.jpg\" alt=\"\" width=\"1600\" height=\"1204\" srcset=\"https:\/\/blogsaverroes.juntadeandalucia.es\/eeifranciscosorianoserrano\/files\/2025\/03\/IMG-20250204-WA0008.jpg 1600w, https:\/\/blogsaverroes.juntadeandalucia.es\/eeifranciscosorianoserrano\/files\/2025\/03\/IMG-20250204-WA0008-300x226.jpg 300w, https:\/\/blogsaverroes.juntadeandalucia.es\/eeifranciscosorianoserrano\/files\/2025\/03\/IMG-20250204-WA0008-1024x771.jpg 1024w, https:\/\/blogsaverroes.juntadeandalucia.es\/eeifranciscosorianoserrano\/files\/2025\/03\/IMG-20250204-WA0008-768x578.jpg 768w, https:\/\/blogsaverroes.juntadeandalucia.es\/eeifranciscosorianoserrano\/files\/2025\/03\/IMG-20250204-WA0008-1536x1156.jpg 1536w\" sizes=\"(max-width: 1600px) 100vw, 1600px\" \/> <img loading=\"lazy\" decoding=\"async\" class=\"aligncenter size-full wp-image-6939\" src=\"https:\/\/blogsaverroes.juntadeandalucia.es\/eeifranciscosorianoserrano\/files\/2025\/03\/IMG-20250204-WA0006.jpg\" alt=\"\" width=\"2000\" height=\"1500\" srcset=\"https:\/\/blogsaverroes.juntadeandalucia.es\/eeifranciscosorianoserrano\/files\/2025\/03\/IMG-20250204-WA0006.jpg 2000w, https:\/\/blogsaverroes.juntadeandalucia.es\/eeifranciscosorianoserrano\/files\/2025\/03\/IMG-20250204-WA0006-300x225.jpg 300w, https:\/\/blogsaverroes.juntadeandalucia.es\/eeifranciscosorianoserrano\/files\/2025\/03\/IMG-20250204-WA0006-1024x768.jpg 1024w, https:\/\/blogsaverroes.juntadeandalucia.es\/eeifranciscosorianoserrano\/files\/2025\/03\/IMG-20250204-WA0006-768x576.jpg 768w, https:\/\/blogsaverroes.juntadeandalucia.es\/eeifranciscosorianoserrano\/files\/2025\/03\/IMG-20250204-WA0006-1536x1152.jpg 1536w\" sizes=\"(max-width: 2000px) 100vw, 2000px\" \/> <img loading=\"lazy\" decoding=\"async\" class=\"aligncenter size-full wp-image-6938\" src=\"https:\/\/blogsaverroes.juntadeandalucia.es\/eeifranciscosorianoserrano\/files\/2025\/03\/IMG-20250204-WA0005.jpg\" alt=\"\" width=\"2000\" height=\"1500\" srcset=\"https:\/\/blogsaverroes.juntadeandalucia.es\/eeifranciscosorianoserrano\/files\/2025\/03\/IMG-20250204-WA0005.jpg 1600w, https:\/\/blogsaverroes.juntadeandalucia.es\/eeifranciscosorianoserrano\/files\/2025\/03\/IMG-20250204-WA0005-300x225.jpg 300w, https:\/\/blogsaverroes.juntadeandalucia.es\/eeifranciscosorianoserrano\/files\/2025\/03\/IMG-20250204-WA0005-1024x768.jpg 1024w, https:\/\/blogsaverroes.juntadeandalucia.es\/eeifranciscosorianoserrano\/files\/2025\/03\/IMG-20250204-WA0005-768x576.jpg 768w, https:\/\/blogsaverroes.juntadeandalucia.es\/eeifranciscosorianoserrano\/files\/2025\/03\/IMG-20250204-WA0005-1536x1152.jpg 1536w\" sizes=\"(max-width: 2000px) 100vw, 2000px\" \/><\/li>\n<li>&nbsp;<\/li>\n<li>CORNAS D\u00cdA DE LA PAZ<br \/>\n<img loading=\"lazy\" decoding=\"async\" class=\"aligncenter size-full wp-image-6937\" src=\"https:\/\/blogsaverroes.juntadeandalucia.es\/eeifranciscosorianoserrano\/files\/2025\/03\/IMG-20250130-WA0066.jpg\" alt=\"\" width=\"2048\" height=\"2019\" srcset=\"https:\/\/blogsaverroes.juntadeandalucia.es\/eeifranciscosorianoserrano\/files\/2025\/03\/IMG-20250130-WA0066.jpg 1600w, https:\/\/blogsaverroes.juntadeandalucia.es\/eeifranciscosorianoserrano\/files\/2025\/03\/IMG-20250130-WA0066-300x296.jpg 300w, https:\/\/blogsaverroes.juntadeandalucia.es\/eeifranciscosorianoserrano\/files\/2025\/03\/IMG-20250130-WA0066-1024x1010.jpg 1024w, https:\/\/blogsaverroes.juntadeandalucia.es\/eeifranciscosorianoserrano\/files\/2025\/03\/IMG-20250130-WA0066-768x757.jpg 768w, https:\/\/blogsaverroes.juntadeandalucia.es\/eeifranciscosorianoserrano\/files\/2025\/03\/IMG-20250130-WA0066-1536x1514.jpg 1536w\" sizes=\"(max-width: 2048px) 100vw, 2048px\" \/><\/li>\n<li><img loading=\"lazy\" decoding=\"async\" class=\"aligncenter size-full wp-image-6936\" src=\"https:\/\/blogsaverroes.juntadeandalucia.es\/eeifranciscosorianoserrano\/files\/2025\/03\/IMG-20250130-WA0065.jpg\" alt=\"\" width=\"2048\" height=\"1994\" srcset=\"https:\/\/blogsaverroes.juntadeandalucia.es\/eeifranciscosorianoserrano\/files\/2025\/03\/IMG-20250130-WA0065.jpg 1600w, https:\/\/blogsaverroes.juntadeandalucia.es\/eeifranciscosorianoserrano\/files\/2025\/03\/IMG-20250130-WA0065-300x292.jpg 300w, https:\/\/blogsaverroes.juntadeandalucia.es\/eeifranciscosorianoserrano\/files\/2025\/03\/IMG-20250130-WA0065-1024x997.jpg 1024w, https:\/\/blogsaverroes.juntadeandalucia.es\/eeifranciscosorianoserrano\/files\/2025\/03\/IMG-20250130-WA0065-768x748.jpg 768w, https:\/\/blogsaverroes.juntadeandalucia.es\/eeifranciscosorianoserrano\/files\/2025\/03\/IMG-20250130-WA0065-1536x1496.jpg 1536w\" sizes=\"(max-width: 2048px) 100vw, 2048px\" \/><\/li>\n<li><img loading=\"lazy\" decoding=\"async\" class=\"aligncenter size-full wp-image-6935\" src=\"https:\/\/blogsaverroes.juntadeandalucia.es\/eeifranciscosorianoserrano\/files\/2025\/03\/IMG-20250130-WA0064.jpg\" alt=\"\" width=\"2048\" height=\"1745\" srcset=\"https:\/\/blogsaverroes.juntadeandalucia.es\/eeifranciscosorianoserrano\/files\/2025\/03\/IMG-20250130-WA0064.jpg 1600w, https:\/\/blogsaverroes.juntadeandalucia.es\/eeifranciscosorianoserrano\/files\/2025\/03\/IMG-20250130-WA0064-300x256.jpg 300w, https:\/\/blogsaverroes.juntadeandalucia.es\/eeifranciscosorianoserrano\/files\/2025\/03\/IMG-20250130-WA0064-1024x873.jpg 1024w, https:\/\/blogsaverroes.juntadeandalucia.es\/eeifranciscosorianoserrano\/files\/2025\/03\/IMG-20250130-WA0064-768x654.jpg 768w, https:\/\/blogsaverroes.juntadeandalucia.es\/eeifranciscosorianoserrano\/files\/2025\/03\/IMG-20250130-WA0064-1536x1309.jpg 1536w\" sizes=\"(max-width: 2048px) 100vw, 2048px\" \/><\/li>\n<li>&nbsp;<\/li>\n<li>&nbsp;<\/li>\n<li>MURAL GIGANTE EN EL PORCHE&nbsp;<\/li>\n<li><img loading=\"lazy\" decoding=\"async\" class=\"aligncenter size-full wp-image-6930\" src=\"https:\/\/blogsaverroes.juntadeandalucia.es\/eeifranciscosorianoserrano\/files\/2025\/03\/IMG-20250130-WA0057.jpg\" alt=\"\" width=\"1600\" height=\"1200\" srcset=\"https:\/\/blogsaverroes.juntadeandalucia.es\/eeifranciscosorianoserrano\/files\/2025\/03\/IMG-20250130-WA0057.jpg 1600w, https:\/\/blogsaverroes.juntadeandalucia.es\/eeifranciscosorianoserrano\/files\/2025\/03\/IMG-20250130-WA0057-300x225.jpg 300w, https:\/\/blogsaverroes.juntadeandalucia.es\/eeifranciscosorianoserrano\/files\/2025\/03\/IMG-20250130-WA0057-1024x768.jpg 1024w, https:\/\/blogsaverroes.juntadeandalucia.es\/eeifranciscosorianoserrano\/files\/2025\/03\/IMG-20250130-WA0057-768x576.jpg 768w, https:\/\/blogsaverroes.juntadeandalucia.es\/eeifranciscosorianoserrano\/files\/2025\/03\/IMG-20250130-WA0057-1536x1152.jpg 1536w\" sizes=\"(max-width: 1600px) 100vw, 1600px\" \/> <img loading=\"lazy\" decoding=\"async\" class=\"aligncenter size-full wp-image-6931\" src=\"https:\/\/blogsaverroes.juntadeandalucia.es\/eeifranciscosorianoserrano\/files\/2025\/03\/IMG-20250130-WA0058.jpg\" alt=\"\" width=\"1600\" height=\"1200\" srcset=\"https:\/\/blogsaverroes.juntadeandalucia.es\/eeifranciscosorianoserrano\/files\/2025\/03\/IMG-20250130-WA0058.jpg 1600w, https:\/\/blogsaverroes.juntadeandalucia.es\/eeifranciscosorianoserrano\/files\/2025\/03\/IMG-20250130-WA0058-300x225.jpg 300w, https:\/\/blogsaverroes.juntadeandalucia.es\/eeifranciscosorianoserrano\/files\/2025\/03\/IMG-20250130-WA0058-1024x768.jpg 1024w, https:\/\/blogsaverroes.juntadeandalucia.es\/eeifranciscosorianoserrano\/files\/2025\/03\/IMG-20250130-WA0058-768x576.jpg 768w, https:\/\/blogsaverroes.juntadeandalucia.es\/eeifranciscosorianoserrano\/files\/2025\/03\/IMG-20250130-WA0058-1536x1152.jpg 1536w\" sizes=\"(max-width: 1600px) 100vw, 1600px\" \/> <img loading=\"lazy\" decoding=\"async\" class=\"aligncenter size-full wp-image-6932\" src=\"https:\/\/blogsaverroes.juntadeandalucia.es\/eeifranciscosorianoserrano\/files\/2025\/03\/IMG-20250130-WA0060.jpg\" alt=\"\" width=\"2048\" height=\"1536\" srcset=\"https:\/\/blogsaverroes.juntadeandalucia.es\/eeifranciscosorianoserrano\/files\/2025\/03\/IMG-20250130-WA0060.jpg 1600w, https:\/\/blogsaverroes.juntadeandalucia.es\/eeifranciscosorianoserrano\/files\/2025\/03\/IMG-20250130-WA0060-300x225.jpg 300w, https:\/\/blogsaverroes.juntadeandalucia.es\/eeifranciscosorianoserrano\/files\/2025\/03\/IMG-20250130-WA0060-1024x768.jpg 1024w, https:\/\/blogsaverroes.juntadeandalucia.es\/eeifranciscosorianoserrano\/files\/2025\/03\/IMG-20250130-WA0060-768x576.jpg 768w, https:\/\/blogsaverroes.juntadeandalucia.es\/eeifranciscosorianoserrano\/files\/2025\/03\/IMG-20250130-WA0060-1536x1152.jpg 1536w\" sizes=\"(max-width: 2048px) 100vw, 2048px\" \/> <img loading=\"lazy\" decoding=\"async\" class=\"aligncenter size-full wp-image-6933\" src=\"https:\/\/blogsaverroes.juntadeandalucia.es\/eeifranciscosorianoserrano\/files\/2025\/03\/IMG-20250130-WA0061.jpg\" alt=\"\" width=\"2048\" height=\"1536\" srcset=\"https:\/\/blogsaverroes.juntadeandalucia.es\/eeifranciscosorianoserrano\/files\/2025\/03\/IMG-20250130-WA0061.jpg 1600w, https:\/\/blogsaverroes.juntadeandalucia.es\/eeifranciscosorianoserrano\/files\/2025\/03\/IMG-20250130-WA0061-300x225.jpg 300w, https:\/\/blogsaverroes.juntadeandalucia.es\/eeifranciscosorianoserrano\/files\/2025\/03\/IMG-20250130-WA0061-1024x768.jpg 1024w, https:\/\/blogsaverroes.juntadeandalucia.es\/eeifranciscosorianoserrano\/files\/2025\/03\/IMG-20250130-WA0061-768x576.jpg 768w, https:\/\/blogsaverroes.juntadeandalucia.es\/eeifranciscosorianoserrano\/files\/2025\/03\/IMG-20250130-WA0061-1536x1152.jpg 1536w\" sizes=\"(max-width: 2048px) 100vw, 2048px\" \/> <img loading=\"lazy\" decoding=\"async\" class=\"aligncenter size-full wp-image-6929\" src=\"https:\/\/blogsaverroes.juntadeandalucia.es\/eeifranciscosorianoserrano\/files\/2025\/03\/IMG-20250130-WA0055.jpg\" alt=\"\" width=\"1600\" height=\"900\" srcset=\"https:\/\/blogsaverroes.juntadeandalucia.es\/eeifranciscosorianoserrano\/files\/2025\/03\/IMG-20250130-WA0055.jpg 1600w, https:\/\/blogsaverroes.juntadeandalucia.es\/eeifranciscosorianoserrano\/files\/2025\/03\/IMG-20250130-WA0055-300x169.jpg 300w, https:\/\/blogsaverroes.juntadeandalucia.es\/eeifranciscosorianoserrano\/files\/2025\/03\/IMG-20250130-WA0055-1024x576.jpg 1024w, https:\/\/blogsaverroes.juntadeandalucia.es\/eeifranciscosorianoserrano\/files\/2025\/03\/IMG-20250130-WA0055-768x432.jpg 768w, https:\/\/blogsaverroes.juntadeandalucia.es\/eeifranciscosorianoserrano\/files\/2025\/03\/IMG-20250130-WA0055-1536x864.jpg 1536w\" sizes=\"(max-width: 1600px) 100vw, 1600px\" \/> <img loading=\"lazy\" decoding=\"async\" class=\"aligncenter size-full wp-image-6928\" src=\"https:\/\/blogsaverroes.juntadeandalucia.es\/eeifranciscosorianoserrano\/files\/2025\/03\/IMG-20250130-WA0054.jpg\" alt=\"\" width=\"1600\" height=\"900\" srcset=\"https:\/\/blogsaverroes.juntadeandalucia.es\/eeifranciscosorianoserrano\/files\/2025\/03\/IMG-20250130-WA0054.jpg 1600w, https:\/\/blogsaverroes.juntadeandalucia.es\/eeifranciscosorianoserrano\/files\/2025\/03\/IMG-20250130-WA0054-300x169.jpg 300w, https:\/\/blogsaverroes.juntadeandalucia.es\/eeifranciscosorianoserrano\/files\/2025\/03\/IMG-20250130-WA0054-1024x576.jpg 1024w, https:\/\/blogsaverroes.juntadeandalucia.es\/eeifranciscosorianoserrano\/files\/2025\/03\/IMG-20250130-WA0054-768x432.jpg 768w, https:\/\/blogsaverroes.juntadeandalucia.es\/eeifranciscosorianoserrano\/files\/2025\/03\/IMG-20250130-WA0054-1536x864.jpg 1536w\" sizes=\"(max-width: 1600px) 100vw, 1600px\" \/> <img loading=\"lazy\" decoding=\"async\" class=\"aligncenter size-full wp-image-6927\" src=\"https:\/\/blogsaverroes.juntadeandalucia.es\/eeifranciscosorianoserrano\/files\/2025\/03\/IMG-20250130-WA0053.jpg\" alt=\"\" width=\"1600\" height=\"900\" srcset=\"https:\/\/blogsaverroes.juntadeandalucia.es\/eeifranciscosorianoserrano\/files\/2025\/03\/IMG-20250130-WA0053.jpg 1600w, https:\/\/blogsaverroes.juntadeandalucia.es\/eeifranciscosorianoserrano\/files\/2025\/03\/IMG-20250130-WA0053-300x169.jpg 300w, https:\/\/blogsaverroes.juntadeandalucia.es\/eeifranciscosorianoserrano\/files\/2025\/03\/IMG-20250130-WA0053-1024x576.jpg 1024w, https:\/\/blogsaverroes.juntadeandalucia.es\/eeifranciscosorianoserrano\/files\/2025\/03\/IMG-20250130-WA0053-768x432.jpg 768w, https:\/\/blogsaverroes.juntadeandalucia.es\/eeifranciscosorianoserrano\/files\/2025\/03\/IMG-20250130-WA0053-1536x864.jpg 1536w\" sizes=\"(max-width: 1600px) 100vw, 1600px\" \/> <img loading=\"lazy\" decoding=\"async\" class=\"aligncenter size-full wp-image-6926\" src=\"https:\/\/blogsaverroes.juntadeandalucia.es\/eeifranciscosorianoserrano\/files\/2025\/03\/IMG-20250130-WA0052.jpg\" alt=\"\" width=\"1600\" height=\"900\" srcset=\"https:\/\/blogsaverroes.juntadeandalucia.es\/eeifranciscosorianoserrano\/files\/2025\/03\/IMG-20250130-WA0052.jpg 1600w, https:\/\/blogsaverroes.juntadeandalucia.es\/eeifranciscosorianoserrano\/files\/2025\/03\/IMG-20250130-WA0052-300x169.jpg 300w, https:\/\/blogsaverroes.juntadeandalucia.es\/eeifranciscosorianoserrano\/files\/2025\/03\/IMG-20250130-WA0052-1024x576.jpg 1024w, https:\/\/blogsaverroes.juntadeandalucia.es\/eeifranciscosorianoserrano\/files\/2025\/03\/IMG-20250130-WA0052-768x432.jpg 768w, https:\/\/blogsaverroes.juntadeandalucia.es\/eeifranciscosorianoserrano\/files\/2025\/03\/IMG-20250130-WA0052-1536x864.jpg 1536w\" sizes=\"(max-width: 1600px) 100vw, 1600px\" \/><\/li>\n<li>\n<h1><span style=\"color: #ff0000\">RECURSOS<\/span><\/h1>\n<\/li>\n<li><iframe loading=\"lazy\" src=\"\/\/www.youtube.com\/embed\/sSW8r1pqeQY\" width=\"560\" height=\"314\"><\/iframe><\/li>\n<li>&nbsp;<\/li>\n<li><iframe loading=\"lazy\" src=\"\/\/www.youtube.com\/embed\/8-pR65LD9Y0\" width=\"560\" height=\"314\"><\/iframe><\/li>\n<li><form method=\"post\" id=\"cntctfrm_contact_form\" class=\"cntctfrm_contact_form cntctfrm_one_column cntctfrm_ltr cntctfrm_width_default\" action=\"\/eeifranciscosorianoserrano\/wp-json\/wp\/v2\/posts\/6952#cntctfrm_contact_form\" enctype=\"multipart\/form-data\"><div id=\"cntctfrm_first_column\" class=\"cntctfrm_column\"><div class=\"cntctfrm_field_wrap cntctfrm_field_name_wrap\"namecontact><div class=\"cntctfrm_label cntctfrm_label_name\">\n\t\t\t\t\t\t\t\t\t<label for=\"cntctfrm_contact_name\">Nombre: <span class=\"required\">*<\/span><\/label><\/div><div class=\"cntctfrm_input cntctfrm_input_name\">\n\t\t\t\t\t\t\t\t\t<input namecontact class=\"text\" type=\"text\" size=\"40\" pattern=\"^[\\p{L}\\p{M}]{3,}(\\s\\p{M}*\\p{L}+)*\" title=\"Please enter only letters at least 3 characters, words seperated by spaces\" value=\"\" name=\"cntctfrm_contact_name\" id=\"cntctfrm_contact_name\" \/><\/div><\/div><div class=\"cntctfrm_field_wrap cntctfrm_field_email_wrap\"email><div class=\"cntctfrm_label cntctfrm_label_email\">\n\t\t\t\t\t\t\t\t\t<label for=\"cntctfrm_contact_email\">Direcci\u00f3n de correo electr\u00f3nico: <span class=\"required\">*<\/span><\/label>\n\t\t\t\t\t\t\t\t<\/div><div class=\"cntctfrm_input cntctfrm_input_email\">\n\t\t\t\t\t\t\t\t\t<input email class=\"text\" type=\"email\" size=\"40\" value=\"\" name=\"cntctfrm_contact_email\" id=\"cntctfrm_contact_email\" \/><\/div><\/div><div class=\"cntctfrm_field_wrap cntctfrm_field_subject_wrap\"subject><div class=\"cntctfrm_label cntctfrm_label_subject\">\n\t\t\t\t\t\t\t\t\t<label for=\"cntctfrm_contact_subject\">Asunto: <span class=\"required\">*<\/span><\/label>\n\t\t\t\t\t\t\t\t<\/div><div class=\"cntctfrm_input cntctfrm_input_subject\">\n\t\t\t\t\t\t\t\t<input subject pattern=\"^[\\p{M}\\p{L}]{3,}(\\s\\p{M}*\\p{L}+)*\" title=\"Please enter only letters at least 3 characters, words seperated by spaces\" class=\"text\" type=\"text\" size=\"40\" value=\"\" name=\"cntctfrm_contact_subject\" id=\"cntctfrm_contact_subject\" \/><\/div><\/div><div class=\"cntctfrm_field_wrap cntctfrm_field_message_wrap\"message><div class=\"cntctfrm_label cntctfrm_label_message\">\n\t\t\t\t\t\t\t\t<label for=\"cntctfrm_contact_message\">Mensaje: <span class=\"required\">*<\/span><\/label>\n\t\t\t\t\t\t\t<\/div><div class=\"cntctfrm_input cntctfrm_input_message\">\n\t\t\t\t\t\t\t\t<textarea message rows=\"5\" cols=\"30\"name=\"cntctfrm_contact_message\" id=\"cntctfrm_contact_message\"><\/textarea><\/div><\/div><\/div><div class=\"clear\"><\/div><div class=\"cntctfrm_submit_wrap\"><div id=\"cntctfrm_submit_first_column\" class=\"cntctfrm_column\"><div class=\"cntctfrm_input cntctfrm_input_submit\"><input type=\"hidden\" value=\"send\" name=\"cntctfrm_contact_action\">\n\t\t\t\t\t\t\t<input type=\"hidden\" value=\"default\" name=\"cntctfrm_language\">\n\t\t\t\t\t\t\t<input type=\"hidden\" value=\"1\" name=\"cntctfrm_form_submited\">\n\t\t\t\t\t\t\t<input type=\"hidden\" value=\"cntctfrm_options\" name=\"cntctfrm_options_name\">\n\t\t\t\t\t\t\t<input type=\"submit\" value=\"Enviar\" class=\"cntctfrm_contact_submit\" \/>\n\t\t\t\t\t\t<\/div><\/div><div id=\"cntctfrm_submit_second_column\" class=\"cntctfrm_column\"><\/div><div class=\"clear\"><\/div>\n\t\t\t<\/div>\n\t\t\t<\/form><\/li>\n<li>&nbsp;<\/li>\n<\/ul>\n<h1><span style=\"color: #ff0000\">&nbsp;<\/span><\/h1>\n","protected":false},"excerpt":{"rendered":"<p>JUNTEMOS NUESTRAS MANOS PARA&#8230;.. &nbsp; &nbsp; &nbsp;Como todos los a\u00f1os hemos conmemorado en nuestro cole EL D\u00cdA DE LA PAZ, este a\u00f1o con el lema JUNTEMOS NUESTRAS MANOS PARA&#8230;. En clase hemos realizado las siguientes actividades. Coreograf\u00eda con la canci\u00f3n ALTO EL FUEGO Asambleas con donde hemos hablado de las cosas bonitas que podemos hacer &hellip; <a href=\"https:\/\/blogsaverroes.juntadeandalucia.es\/eeifranciscosorianoserrano\/dia-de-la-paz-3\/\" class=\"more-link\">Sigue leyendo <span class=\"screen-reader-text\">D\u00cdA DE LA PAZ<\/span><\/a><\/p>\n","protected":false},"author":11628,"featured_media":6928,"comment_status":"open","ping_status":"open","sticky":false,"template":"","format":"standard","meta":{"ngg_post_thumbnail":0,"footnotes":""},"categories":[670287,670216],"tags":[670222],"aioseo_notices":[],"_links":{"self":[{"href":"https:\/\/blogsaverroes.juntadeandalucia.es\/eeifranciscosorianoserrano\/wp-json\/wp\/v2\/posts\/6952"}],"collection":[{"href":"https:\/\/blogsaverroes.juntadeandalucia.es\/eeifranciscosorianoserrano\/wp-json\/wp\/v2\/posts"}],"about":[{"href":"https:\/\/blogsaverroes.juntadeandalucia.es\/eeifranciscosorianoserrano\/wp-json\/wp\/v2\/types\/post"}],"author":[{"embeddable":true,"href":"https:\/\/blogsaverroes.juntadeandalucia.es\/eeifranciscosorianoserrano\/wp-json\/wp\/v2\/users\/11628"}],"replies":[{"embeddable":true,"href":"https:\/\/blogsaverroes.juntadeandalucia.es\/eeifranciscosorianoserrano\/wp-json\/wp\/v2\/comments?post=6952"}],"version-history":[{"count":1,"href":"https:\/\/blogsaverroes.juntadeandalucia.es\/eeifranciscosorianoserrano\/wp-json\/wp\/v2\/posts\/6952\/revisions"}],"predecessor-version":[{"id":6953,"href":"https:\/\/blogsaverroes.juntadeandalucia.es\/eeifranciscosorianoserrano\/wp-json\/wp\/v2\/posts\/6952\/revisions\/6953"}],"wp:featuredmedia":[{"embeddable":true,"href":"https:\/\/blogsaverroes.juntadeandalucia.es\/eeifranciscosorianoserrano\/wp-json\/wp\/v2\/media\/6928"}],"wp:attachment":[{"href":"https:\/\/blogsaverroes.juntadeandalucia.es\/eeifranciscosorianoserrano\/wp-json\/wp\/v2\/media?parent=6952"}],"wp:term":[{"taxonomy":"category","embeddable":true,"href":"https:\/\/blogsaverroes.juntadeandalucia.es\/eeifranciscosorianoserrano\/wp-json\/wp\/v2\/categories?post=6952"},{"taxonomy":"post_tag","embeddable":true,"href":"https:\/\/blogsaverroes.juntadeandalucia.es\/eeifranciscosorianoserrano\/wp-json\/wp\/v2\/tags?post=6952"}],"curies":[{"name":"wp","href":"https:\/\/api.w.org\/{rel}","templated":true}]}}