{"id":7090,"date":"2025-03-21T16:48:46","date_gmt":"2025-03-21T15:48:46","guid":{"rendered":"https:\/\/blogsaverroes.juntadeandalucia.es\/eeifranciscosorianoserrano\/?p=7090"},"modified":"2025-03-21T16:48:46","modified_gmt":"2025-03-21T15:48:46","slug":"reforestamos","status":"publish","type":"post","link":"https:\/\/blogsaverroes.juntadeandalucia.es\/eeifranciscosorianoserrano\/reforestamos\/","title":{"rendered":"REFORESTAMOS"},"content":{"rendered":"<h1 style=\"text-align: center\"><span style=\"color: #339966\">PLANTA UN \u00c1RBOL&#8230;.<\/span><\/h1>\n<p>&nbsp; &nbsp; &nbsp;Nuestro<strong> alumnado de 5 a\u00f1os<\/strong>, ha participado el la<strong> reforestaci\u00f3n<\/strong> que ha tenido lugar en los <strong>alrededores de nuestro pueblo.<\/strong><\/p>\n<p>&nbsp; &nbsp; &nbsp;Queremos dar las<strong> gracias<\/strong> a la<strong> escuela taller de J\u00f3dar<\/strong> por brindarnos la oportunidad de participar en actividades como esta. Pues creemos que es primordial que nuestros alumnos-as aprendan que el<strong> cuidado del medio ambiente es fundamental para nuestro futuro.<\/strong><\/p>\n<h1><span style=\"color: #339966\"><strong>GALER\u00cdA DE IM\u00c1GENES&nbsp;<\/strong><\/span><\/h1>\n<p><img loading=\"lazy\" decoding=\"async\" class=\"aligncenter size-full wp-image-7091\" src=\"https:\/\/blogsaverroes.juntadeandalucia.es\/eeifranciscosorianoserrano\/files\/2025\/03\/IMG-20250304-WA0009.jpg\" alt=\"\" width=\"1200\" height=\"1600\" srcset=\"https:\/\/blogsaverroes.juntadeandalucia.es\/eeifranciscosorianoserrano\/files\/2025\/03\/IMG-20250304-WA0009.jpg 1200w, https:\/\/blogsaverroes.juntadeandalucia.es\/eeifranciscosorianoserrano\/files\/2025\/03\/IMG-20250304-WA0009-225x300.jpg 225w, https:\/\/blogsaverroes.juntadeandalucia.es\/eeifranciscosorianoserrano\/files\/2025\/03\/IMG-20250304-WA0009-768x1024.jpg 768w, https:\/\/blogsaverroes.juntadeandalucia.es\/eeifranciscosorianoserrano\/files\/2025\/03\/IMG-20250304-WA0009-1152x1536.jpg 1152w\" sizes=\"(max-width: 1200px) 100vw, 1200px\" \/> <img loading=\"lazy\" decoding=\"async\" class=\"aligncenter size-full wp-image-7092\" src=\"https:\/\/blogsaverroes.juntadeandalucia.es\/eeifranciscosorianoserrano\/files\/2025\/03\/IMG-20250304-WA0010.jpg\" alt=\"\" width=\"1536\" height=\"2048\" srcset=\"https:\/\/blogsaverroes.juntadeandalucia.es\/eeifranciscosorianoserrano\/files\/2025\/03\/IMG-20250304-WA0010.jpg 1200w, https:\/\/blogsaverroes.juntadeandalucia.es\/eeifranciscosorianoserrano\/files\/2025\/03\/IMG-20250304-WA0010-225x300.jpg 225w, https:\/\/blogsaverroes.juntadeandalucia.es\/eeifranciscosorianoserrano\/files\/2025\/03\/IMG-20250304-WA0010-768x1024.jpg 768w, https:\/\/blogsaverroes.juntadeandalucia.es\/eeifranciscosorianoserrano\/files\/2025\/03\/IMG-20250304-WA0010-1152x1536.jpg 1152w\" sizes=\"(max-width: 1536px) 100vw, 1536px\" \/> <img loading=\"lazy\" decoding=\"async\" class=\"aligncenter size-full wp-image-7094\" src=\"https:\/\/blogsaverroes.juntadeandalucia.es\/eeifranciscosorianoserrano\/files\/2025\/03\/IMG-20250304-WA0012.jpg\" alt=\"\" width=\"1600\" height=\"1200\" srcset=\"https:\/\/blogsaverroes.juntadeandalucia.es\/eeifranciscosorianoserrano\/files\/2025\/03\/IMG-20250304-WA0012.jpg 1600w, https:\/\/blogsaverroes.juntadeandalucia.es\/eeifranciscosorianoserrano\/files\/2025\/03\/IMG-20250304-WA0012-300x225.jpg 300w, https:\/\/blogsaverroes.juntadeandalucia.es\/eeifranciscosorianoserrano\/files\/2025\/03\/IMG-20250304-WA0012-1024x768.jpg 1024w, https:\/\/blogsaverroes.juntadeandalucia.es\/eeifranciscosorianoserrano\/files\/2025\/03\/IMG-20250304-WA0012-768x576.jpg 768w, https:\/\/blogsaverroes.juntadeandalucia.es\/eeifranciscosorianoserrano\/files\/2025\/03\/IMG-20250304-WA0012-1536x1152.jpg 1536w\" sizes=\"(max-width: 1600px) 100vw, 1600px\" \/> <img loading=\"lazy\" decoding=\"async\" class=\"aligncenter size-full wp-image-7095\" src=\"https:\/\/blogsaverroes.juntadeandalucia.es\/eeifranciscosorianoserrano\/files\/2025\/03\/IMG-20250304-WA0013.jpg\" alt=\"\" width=\"1600\" height=\"1200\" srcset=\"https:\/\/blogsaverroes.juntadeandalucia.es\/eeifranciscosorianoserrano\/files\/2025\/03\/IMG-20250304-WA0013.jpg 1600w, https:\/\/blogsaverroes.juntadeandalucia.es\/eeifranciscosorianoserrano\/files\/2025\/03\/IMG-20250304-WA0013-300x225.jpg 300w, https:\/\/blogsaverroes.juntadeandalucia.es\/eeifranciscosorianoserrano\/files\/2025\/03\/IMG-20250304-WA0013-1024x768.jpg 1024w, https:\/\/blogsaverroes.juntadeandalucia.es\/eeifranciscosorianoserrano\/files\/2025\/03\/IMG-20250304-WA0013-768x576.jpg 768w, https:\/\/blogsaverroes.juntadeandalucia.es\/eeifranciscosorianoserrano\/files\/2025\/03\/IMG-20250304-WA0013-1536x1152.jpg 1536w\" sizes=\"(max-width: 1600px) 100vw, 1600px\" \/> <img loading=\"lazy\" decoding=\"async\" class=\"aligncenter size-full wp-image-7096\" src=\"https:\/\/blogsaverroes.juntadeandalucia.es\/eeifranciscosorianoserrano\/files\/2025\/03\/IMG-20250304-WA0014.jpg\" alt=\"\" width=\"1600\" height=\"1200\" srcset=\"https:\/\/blogsaverroes.juntadeandalucia.es\/eeifranciscosorianoserrano\/files\/2025\/03\/IMG-20250304-WA0014.jpg 1600w, https:\/\/blogsaverroes.juntadeandalucia.es\/eeifranciscosorianoserrano\/files\/2025\/03\/IMG-20250304-WA0014-300x225.jpg 300w, https:\/\/blogsaverroes.juntadeandalucia.es\/eeifranciscosorianoserrano\/files\/2025\/03\/IMG-20250304-WA0014-1024x768.jpg 1024w, https:\/\/blogsaverroes.juntadeandalucia.es\/eeifranciscosorianoserrano\/files\/2025\/03\/IMG-20250304-WA0014-768x576.jpg 768w, https:\/\/blogsaverroes.juntadeandalucia.es\/eeifranciscosorianoserrano\/files\/2025\/03\/IMG-20250304-WA0014-1536x1152.jpg 1536w\" sizes=\"(max-width: 1600px) 100vw, 1600px\" \/> <img loading=\"lazy\" decoding=\"async\" class=\"aligncenter size-full wp-image-7097\" src=\"https:\/\/blogsaverroes.juntadeandalucia.es\/eeifranciscosorianoserrano\/files\/2025\/03\/IMG-20250304-WA0015.jpg\" alt=\"\" width=\"1200\" height=\"1600\" srcset=\"https:\/\/blogsaverroes.juntadeandalucia.es\/eeifranciscosorianoserrano\/files\/2025\/03\/IMG-20250304-WA0015.jpg 1200w, https:\/\/blogsaverroes.juntadeandalucia.es\/eeifranciscosorianoserrano\/files\/2025\/03\/IMG-20250304-WA0015-225x300.jpg 225w, https:\/\/blogsaverroes.juntadeandalucia.es\/eeifranciscosorianoserrano\/files\/2025\/03\/IMG-20250304-WA0015-768x1024.jpg 768w, https:\/\/blogsaverroes.juntadeandalucia.es\/eeifranciscosorianoserrano\/files\/2025\/03\/IMG-20250304-WA0015-1152x1536.jpg 1152w\" sizes=\"(max-width: 1200px) 100vw, 1200px\" \/> <img loading=\"lazy\" decoding=\"async\" class=\"aligncenter size-full wp-image-7098\" src=\"https:\/\/blogsaverroes.juntadeandalucia.es\/eeifranciscosorianoserrano\/files\/2025\/03\/IMG-20250304-WA0016.jpg\" alt=\"\" width=\"1200\" height=\"1600\" srcset=\"https:\/\/blogsaverroes.juntadeandalucia.es\/eeifranciscosorianoserrano\/files\/2025\/03\/IMG-20250304-WA0016.jpg 1200w, https:\/\/blogsaverroes.juntadeandalucia.es\/eeifranciscosorianoserrano\/files\/2025\/03\/IMG-20250304-WA0016-225x300.jpg 225w, https:\/\/blogsaverroes.juntadeandalucia.es\/eeifranciscosorianoserrano\/files\/2025\/03\/IMG-20250304-WA0016-768x1024.jpg 768w, https:\/\/blogsaverroes.juntadeandalucia.es\/eeifranciscosorianoserrano\/files\/2025\/03\/IMG-20250304-WA0016-1152x1536.jpg 1152w\" sizes=\"(max-width: 1200px) 100vw, 1200px\" \/> <img loading=\"lazy\" decoding=\"async\" class=\"aligncenter size-full wp-image-7099\" src=\"https:\/\/blogsaverroes.juntadeandalucia.es\/eeifranciscosorianoserrano\/files\/2025\/03\/IMG-20250304-WA0017.jpg\" alt=\"\" width=\"1200\" height=\"1600\" srcset=\"https:\/\/blogsaverroes.juntadeandalucia.es\/eeifranciscosorianoserrano\/files\/2025\/03\/IMG-20250304-WA0017.jpg 1200w, https:\/\/blogsaverroes.juntadeandalucia.es\/eeifranciscosorianoserrano\/files\/2025\/03\/IMG-20250304-WA0017-225x300.jpg 225w, https:\/\/blogsaverroes.juntadeandalucia.es\/eeifranciscosorianoserrano\/files\/2025\/03\/IMG-20250304-WA0017-768x1024.jpg 768w, https:\/\/blogsaverroes.juntadeandalucia.es\/eeifranciscosorianoserrano\/files\/2025\/03\/IMG-20250304-WA0017-1152x1536.jpg 1152w\" sizes=\"(max-width: 1200px) 100vw, 1200px\" \/> <img loading=\"lazy\" decoding=\"async\" class=\"aligncenter size-full wp-image-7100\" src=\"https:\/\/blogsaverroes.juntadeandalucia.es\/eeifranciscosorianoserrano\/files\/2025\/03\/IMG-20250304-WA0018.jpg\" alt=\"\" width=\"1200\" height=\"1600\" srcset=\"https:\/\/blogsaverroes.juntadeandalucia.es\/eeifranciscosorianoserrano\/files\/2025\/03\/IMG-20250304-WA0018.jpg 1200w, https:\/\/blogsaverroes.juntadeandalucia.es\/eeifranciscosorianoserrano\/files\/2025\/03\/IMG-20250304-WA0018-225x300.jpg 225w, https:\/\/blogsaverroes.juntadeandalucia.es\/eeifranciscosorianoserrano\/files\/2025\/03\/IMG-20250304-WA0018-768x1024.jpg 768w, https:\/\/blogsaverroes.juntadeandalucia.es\/eeifranciscosorianoserrano\/files\/2025\/03\/IMG-20250304-WA0018-1152x1536.jpg 1152w\" sizes=\"(max-width: 1200px) 100vw, 1200px\" \/> <img loading=\"lazy\" decoding=\"async\" class=\"aligncenter size-full wp-image-7101\" src=\"https:\/\/blogsaverroes.juntadeandalucia.es\/eeifranciscosorianoserrano\/files\/2025\/03\/IMG-20250304-WA0019.jpg\" alt=\"\" width=\"1200\" height=\"1600\" srcset=\"https:\/\/blogsaverroes.juntadeandalucia.es\/eeifranciscosorianoserrano\/files\/2025\/03\/IMG-20250304-WA0019.jpg 1200w, https:\/\/blogsaverroes.juntadeandalucia.es\/eeifranciscosorianoserrano\/files\/2025\/03\/IMG-20250304-WA0019-225x300.jpg 225w, https:\/\/blogsaverroes.juntadeandalucia.es\/eeifranciscosorianoserrano\/files\/2025\/03\/IMG-20250304-WA0019-768x1024.jpg 768w, https:\/\/blogsaverroes.juntadeandalucia.es\/eeifranciscosorianoserrano\/files\/2025\/03\/IMG-20250304-WA0019-1152x1536.jpg 1152w\" sizes=\"(max-width: 1200px) 100vw, 1200px\" \/> <img loading=\"lazy\" decoding=\"async\" class=\"aligncenter size-full wp-image-7102\" src=\"https:\/\/blogsaverroes.juntadeandalucia.es\/eeifranciscosorianoserrano\/files\/2025\/03\/IMG-20250304-WA0020.jpg\" alt=\"\" width=\"1200\" height=\"1600\" srcset=\"https:\/\/blogsaverroes.juntadeandalucia.es\/eeifranciscosorianoserrano\/files\/2025\/03\/IMG-20250304-WA0020.jpg 1200w, https:\/\/blogsaverroes.juntadeandalucia.es\/eeifranciscosorianoserrano\/files\/2025\/03\/IMG-20250304-WA0020-225x300.jpg 225w, https:\/\/blogsaverroes.juntadeandalucia.es\/eeifranciscosorianoserrano\/files\/2025\/03\/IMG-20250304-WA0020-768x1024.jpg 768w, https:\/\/blogsaverroes.juntadeandalucia.es\/eeifranciscosorianoserrano\/files\/2025\/03\/IMG-20250304-WA0020-1152x1536.jpg 1152w\" sizes=\"(max-width: 1200px) 100vw, 1200px\" \/> <img loading=\"lazy\" decoding=\"async\" class=\"aligncenter size-full wp-image-7103\" src=\"https:\/\/blogsaverroes.juntadeandalucia.es\/eeifranciscosorianoserrano\/files\/2025\/03\/IMG-20250304-WA0021.jpg\" alt=\"\" width=\"1200\" height=\"1600\" srcset=\"https:\/\/blogsaverroes.juntadeandalucia.es\/eeifranciscosorianoserrano\/files\/2025\/03\/IMG-20250304-WA0021.jpg 1200w, https:\/\/blogsaverroes.juntadeandalucia.es\/eeifranciscosorianoserrano\/files\/2025\/03\/IMG-20250304-WA0021-225x300.jpg 225w, https:\/\/blogsaverroes.juntadeandalucia.es\/eeifranciscosorianoserrano\/files\/2025\/03\/IMG-20250304-WA0021-768x1024.jpg 768w, https:\/\/blogsaverroes.juntadeandalucia.es\/eeifranciscosorianoserrano\/files\/2025\/03\/IMG-20250304-WA0021-1152x1536.jpg 1152w\" sizes=\"(max-width: 1200px) 100vw, 1200px\" \/> <img loading=\"lazy\" decoding=\"async\" class=\"aligncenter size-full wp-image-7104\" src=\"https:\/\/blogsaverroes.juntadeandalucia.es\/eeifranciscosorianoserrano\/files\/2025\/03\/IMG-20250304-WA0022.jpg\" alt=\"\" width=\"1200\" height=\"1600\" srcset=\"https:\/\/blogsaverroes.juntadeandalucia.es\/eeifranciscosorianoserrano\/files\/2025\/03\/IMG-20250304-WA0022.jpg 1200w, https:\/\/blogsaverroes.juntadeandalucia.es\/eeifranciscosorianoserrano\/files\/2025\/03\/IMG-20250304-WA0022-225x300.jpg 225w, https:\/\/blogsaverroes.juntadeandalucia.es\/eeifranciscosorianoserrano\/files\/2025\/03\/IMG-20250304-WA0022-768x1024.jpg 768w, https:\/\/blogsaverroes.juntadeandalucia.es\/eeifranciscosorianoserrano\/files\/2025\/03\/IMG-20250304-WA0022-1152x1536.jpg 1152w\" sizes=\"(max-width: 1200px) 100vw, 1200px\" \/> <img loading=\"lazy\" decoding=\"async\" class=\"aligncenter size-full wp-image-7105\" src=\"https:\/\/blogsaverroes.juntadeandalucia.es\/eeifranciscosorianoserrano\/files\/2025\/03\/IMG-20250304-WA0023.jpg\" alt=\"\" width=\"1200\" height=\"1600\" srcset=\"https:\/\/blogsaverroes.juntadeandalucia.es\/eeifranciscosorianoserrano\/files\/2025\/03\/IMG-20250304-WA0023.jpg 1200w, https:\/\/blogsaverroes.juntadeandalucia.es\/eeifranciscosorianoserrano\/files\/2025\/03\/IMG-20250304-WA0023-225x300.jpg 225w, https:\/\/blogsaverroes.juntadeandalucia.es\/eeifranciscosorianoserrano\/files\/2025\/03\/IMG-20250304-WA0023-768x1024.jpg 768w, https:\/\/blogsaverroes.juntadeandalucia.es\/eeifranciscosorianoserrano\/files\/2025\/03\/IMG-20250304-WA0023-1152x1536.jpg 1152w\" sizes=\"(max-width: 1200px) 100vw, 1200px\" \/> <img loading=\"lazy\" decoding=\"async\" class=\"aligncenter size-full wp-image-7106\" src=\"https:\/\/blogsaverroes.juntadeandalucia.es\/eeifranciscosorianoserrano\/files\/2025\/03\/IMG-20250304-WA0024.jpg\" alt=\"\" width=\"1200\" height=\"1600\" srcset=\"https:\/\/blogsaverroes.juntadeandalucia.es\/eeifranciscosorianoserrano\/files\/2025\/03\/IMG-20250304-WA0024.jpg 1200w, https:\/\/blogsaverroes.juntadeandalucia.es\/eeifranciscosorianoserrano\/files\/2025\/03\/IMG-20250304-WA0024-225x300.jpg 225w, https:\/\/blogsaverroes.juntadeandalucia.es\/eeifranciscosorianoserrano\/files\/2025\/03\/IMG-20250304-WA0024-768x1024.jpg 768w, https:\/\/blogsaverroes.juntadeandalucia.es\/eeifranciscosorianoserrano\/files\/2025\/03\/IMG-20250304-WA0024-1152x1536.jpg 1152w\" sizes=\"(max-width: 1200px) 100vw, 1200px\" \/> <img loading=\"lazy\" decoding=\"async\" class=\"aligncenter size-full wp-image-7107\" src=\"https:\/\/blogsaverroes.juntadeandalucia.es\/eeifranciscosorianoserrano\/files\/2025\/03\/IMG-20250304-WA0025.jpg\" alt=\"\" width=\"1200\" height=\"1600\" srcset=\"https:\/\/blogsaverroes.juntadeandalucia.es\/eeifranciscosorianoserrano\/files\/2025\/03\/IMG-20250304-WA0025.jpg 1200w, https:\/\/blogsaverroes.juntadeandalucia.es\/eeifranciscosorianoserrano\/files\/2025\/03\/IMG-20250304-WA0025-225x300.jpg 225w, https:\/\/blogsaverroes.juntadeandalucia.es\/eeifranciscosorianoserrano\/files\/2025\/03\/IMG-20250304-WA0025-768x1024.jpg 768w, https:\/\/blogsaverroes.juntadeandalucia.es\/eeifranciscosorianoserrano\/files\/2025\/03\/IMG-20250304-WA0025-1152x1536.jpg 1152w\" sizes=\"(max-width: 1200px) 100vw, 1200px\" \/> <img loading=\"lazy\" decoding=\"async\" class=\"aligncenter size-full wp-image-7108\" src=\"https:\/\/blogsaverroes.juntadeandalucia.es\/eeifranciscosorianoserrano\/files\/2025\/03\/IMG-20250304-WA0026.jpg\" alt=\"\" width=\"1200\" height=\"1600\" srcset=\"https:\/\/blogsaverroes.juntadeandalucia.es\/eeifranciscosorianoserrano\/files\/2025\/03\/IMG-20250304-WA0026.jpg 1200w, https:\/\/blogsaverroes.juntadeandalucia.es\/eeifranciscosorianoserrano\/files\/2025\/03\/IMG-20250304-WA0026-225x300.jpg 225w, https:\/\/blogsaverroes.juntadeandalucia.es\/eeifranciscosorianoserrano\/files\/2025\/03\/IMG-20250304-WA0026-768x1024.jpg 768w, https:\/\/blogsaverroes.juntadeandalucia.es\/eeifranciscosorianoserrano\/files\/2025\/03\/IMG-20250304-WA0026-1152x1536.jpg 1152w\" sizes=\"(max-width: 1200px) 100vw, 1200px\" \/> <img loading=\"lazy\" decoding=\"async\" class=\"aligncenter size-full wp-image-7109\" src=\"https:\/\/blogsaverroes.juntadeandalucia.es\/eeifranciscosorianoserrano\/files\/2025\/03\/IMG-20250304-WA0027.jpg\" alt=\"\" width=\"1200\" height=\"1600\" srcset=\"https:\/\/blogsaverroes.juntadeandalucia.es\/eeifranciscosorianoserrano\/files\/2025\/03\/IMG-20250304-WA0027.jpg 1200w, https:\/\/blogsaverroes.juntadeandalucia.es\/eeifranciscosorianoserrano\/files\/2025\/03\/IMG-20250304-WA0027-225x300.jpg 225w, https:\/\/blogsaverroes.juntadeandalucia.es\/eeifranciscosorianoserrano\/files\/2025\/03\/IMG-20250304-WA0027-768x1024.jpg 768w, https:\/\/blogsaverroes.juntadeandalucia.es\/eeifranciscosorianoserrano\/files\/2025\/03\/IMG-20250304-WA0027-1152x1536.jpg 1152w\" sizes=\"(max-width: 1200px) 100vw, 1200px\" \/> <img loading=\"lazy\" decoding=\"async\" class=\"aligncenter size-full wp-image-7110\" src=\"https:\/\/blogsaverroes.juntadeandalucia.es\/eeifranciscosorianoserrano\/files\/2025\/03\/IMG-20250304-WA0028.jpg\" alt=\"\" width=\"1600\" height=\"1200\" srcset=\"https:\/\/blogsaverroes.juntadeandalucia.es\/eeifranciscosorianoserrano\/files\/2025\/03\/IMG-20250304-WA0028.jpg 1600w, https:\/\/blogsaverroes.juntadeandalucia.es\/eeifranciscosorianoserrano\/files\/2025\/03\/IMG-20250304-WA0028-300x225.jpg 300w, https:\/\/blogsaverroes.juntadeandalucia.es\/eeifranciscosorianoserrano\/files\/2025\/03\/IMG-20250304-WA0028-1024x768.jpg 1024w, https:\/\/blogsaverroes.juntadeandalucia.es\/eeifranciscosorianoserrano\/files\/2025\/03\/IMG-20250304-WA0028-768x576.jpg 768w, https:\/\/blogsaverroes.juntadeandalucia.es\/eeifranciscosorianoserrano\/files\/2025\/03\/IMG-20250304-WA0028-1536x1152.jpg 1536w\" sizes=\"(max-width: 1600px) 100vw, 1600px\" \/> <img loading=\"lazy\" decoding=\"async\" class=\"aligncenter size-full wp-image-7111\" src=\"https:\/\/blogsaverroes.juntadeandalucia.es\/eeifranciscosorianoserrano\/files\/2025\/03\/IMG-20250304-WA0029.jpg\" alt=\"\" width=\"1200\" height=\"1600\" srcset=\"https:\/\/blogsaverroes.juntadeandalucia.es\/eeifranciscosorianoserrano\/files\/2025\/03\/IMG-20250304-WA0029.jpg 1200w, https:\/\/blogsaverroes.juntadeandalucia.es\/eeifranciscosorianoserrano\/files\/2025\/03\/IMG-20250304-WA0029-225x300.jpg 225w, https:\/\/blogsaverroes.juntadeandalucia.es\/eeifranciscosorianoserrano\/files\/2025\/03\/IMG-20250304-WA0029-768x1024.jpg 768w, https:\/\/blogsaverroes.juntadeandalucia.es\/eeifranciscosorianoserrano\/files\/2025\/03\/IMG-20250304-WA0029-1152x1536.jpg 1152w\" sizes=\"(max-width: 1200px) 100vw, 1200px\" \/> <img loading=\"lazy\" decoding=\"async\" class=\"aligncenter size-full wp-image-7112\" src=\"https:\/\/blogsaverroes.juntadeandalucia.es\/eeifranciscosorianoserrano\/files\/2025\/03\/IMG-20250304-WA0030.jpg\" alt=\"\" width=\"1600\" height=\"1200\" srcset=\"https:\/\/blogsaverroes.juntadeandalucia.es\/eeifranciscosorianoserrano\/files\/2025\/03\/IMG-20250304-WA0030.jpg 1600w, https:\/\/blogsaverroes.juntadeandalucia.es\/eeifranciscosorianoserrano\/files\/2025\/03\/IMG-20250304-WA0030-300x225.jpg 300w, https:\/\/blogsaverroes.juntadeandalucia.es\/eeifranciscosorianoserrano\/files\/2025\/03\/IMG-20250304-WA0030-1024x768.jpg 1024w, https:\/\/blogsaverroes.juntadeandalucia.es\/eeifranciscosorianoserrano\/files\/2025\/03\/IMG-20250304-WA0030-768x576.jpg 768w, https:\/\/blogsaverroes.juntadeandalucia.es\/eeifranciscosorianoserrano\/files\/2025\/03\/IMG-20250304-WA0030-1536x1152.jpg 1536w\" sizes=\"(max-width: 1600px) 100vw, 1600px\" \/> <img loading=\"lazy\" decoding=\"async\" class=\"aligncenter size-full wp-image-7113\" src=\"https:\/\/blogsaverroes.juntadeandalucia.es\/eeifranciscosorianoserrano\/files\/2025\/03\/IMG-20250304-WA0031.jpg\" alt=\"\" width=\"1200\" height=\"1600\" srcset=\"https:\/\/blogsaverroes.juntadeandalucia.es\/eeifranciscosorianoserrano\/files\/2025\/03\/IMG-20250304-WA0031.jpg 1200w, https:\/\/blogsaverroes.juntadeandalucia.es\/eeifranciscosorianoserrano\/files\/2025\/03\/IMG-20250304-WA0031-225x300.jpg 225w, https:\/\/blogsaverroes.juntadeandalucia.es\/eeifranciscosorianoserrano\/files\/2025\/03\/IMG-20250304-WA0031-768x1024.jpg 768w, https:\/\/blogsaverroes.juntadeandalucia.es\/eeifranciscosorianoserrano\/files\/2025\/03\/IMG-20250304-WA0031-1152x1536.jpg 1152w\" sizes=\"(max-width: 1200px) 100vw, 1200px\" \/> <img loading=\"lazy\" decoding=\"async\" class=\"aligncenter size-full wp-image-7114\" src=\"https:\/\/blogsaverroes.juntadeandalucia.es\/eeifranciscosorianoserrano\/files\/2025\/03\/IMG-20250304-WA0032.jpg\" alt=\"\" width=\"1200\" height=\"1600\" srcset=\"https:\/\/blogsaverroes.juntadeandalucia.es\/eeifranciscosorianoserrano\/files\/2025\/03\/IMG-20250304-WA0032.jpg 1200w, https:\/\/blogsaverroes.juntadeandalucia.es\/eeifranciscosorianoserrano\/files\/2025\/03\/IMG-20250304-WA0032-225x300.jpg 225w, https:\/\/blogsaverroes.juntadeandalucia.es\/eeifranciscosorianoserrano\/files\/2025\/03\/IMG-20250304-WA0032-768x1024.jpg 768w, https:\/\/blogsaverroes.juntadeandalucia.es\/eeifranciscosorianoserrano\/files\/2025\/03\/IMG-20250304-WA0032-1152x1536.jpg 1152w\" sizes=\"(max-width: 1200px) 100vw, 1200px\" \/> <img loading=\"lazy\" decoding=\"async\" class=\"aligncenter size-full wp-image-7116\" src=\"https:\/\/blogsaverroes.juntadeandalucia.es\/eeifranciscosorianoserrano\/files\/2025\/03\/IMG-20250304-WA0034.jpg\" alt=\"\" width=\"1200\" height=\"1600\" srcset=\"https:\/\/blogsaverroes.juntadeandalucia.es\/eeifranciscosorianoserrano\/files\/2025\/03\/IMG-20250304-WA0034.jpg 1200w, https:\/\/blogsaverroes.juntadeandalucia.es\/eeifranciscosorianoserrano\/files\/2025\/03\/IMG-20250304-WA0034-225x300.jpg 225w, https:\/\/blogsaverroes.juntadeandalucia.es\/eeifranciscosorianoserrano\/files\/2025\/03\/IMG-20250304-WA0034-768x1024.jpg 768w, https:\/\/blogsaverroes.juntadeandalucia.es\/eeifranciscosorianoserrano\/files\/2025\/03\/IMG-20250304-WA0034-1152x1536.jpg 1152w\" sizes=\"(max-width: 1200px) 100vw, 1200px\" \/> <img loading=\"lazy\" decoding=\"async\" class=\"aligncenter size-full wp-image-7117\" src=\"https:\/\/blogsaverroes.juntadeandalucia.es\/eeifranciscosorianoserrano\/files\/2025\/03\/IMG-20250304-WA0035.jpg\" alt=\"\" width=\"1200\" height=\"1600\" srcset=\"https:\/\/blogsaverroes.juntadeandalucia.es\/eeifranciscosorianoserrano\/files\/2025\/03\/IMG-20250304-WA0035.jpg 1200w, https:\/\/blogsaverroes.juntadeandalucia.es\/eeifranciscosorianoserrano\/files\/2025\/03\/IMG-20250304-WA0035-225x300.jpg 225w, https:\/\/blogsaverroes.juntadeandalucia.es\/eeifranciscosorianoserrano\/files\/2025\/03\/IMG-20250304-WA0035-768x1024.jpg 768w, https:\/\/blogsaverroes.juntadeandalucia.es\/eeifranciscosorianoserrano\/files\/2025\/03\/IMG-20250304-WA0035-1152x1536.jpg 1152w\" sizes=\"(max-width: 1200px) 100vw, 1200px\" \/> <img loading=\"lazy\" decoding=\"async\" class=\"aligncenter size-full wp-image-7118\" src=\"https:\/\/blogsaverroes.juntadeandalucia.es\/eeifranciscosorianoserrano\/files\/2025\/03\/IMG-20250304-WA0036.jpg\" alt=\"\" width=\"1200\" height=\"1600\" srcset=\"https:\/\/blogsaverroes.juntadeandalucia.es\/eeifranciscosorianoserrano\/files\/2025\/03\/IMG-20250304-WA0036.jpg 1200w, https:\/\/blogsaverroes.juntadeandalucia.es\/eeifranciscosorianoserrano\/files\/2025\/03\/IMG-20250304-WA0036-225x300.jpg 225w, https:\/\/blogsaverroes.juntadeandalucia.es\/eeifranciscosorianoserrano\/files\/2025\/03\/IMG-20250304-WA0036-768x1024.jpg 768w, https:\/\/blogsaverroes.juntadeandalucia.es\/eeifranciscosorianoserrano\/files\/2025\/03\/IMG-20250304-WA0036-1152x1536.jpg 1152w\" sizes=\"(max-width: 1200px) 100vw, 1200px\" \/> <img loading=\"lazy\" decoding=\"async\" class=\"aligncenter size-full wp-image-7119\" src=\"https:\/\/blogsaverroes.juntadeandalucia.es\/eeifranciscosorianoserrano\/files\/2025\/03\/IMG-20250304-WA0037.jpg\" alt=\"\" width=\"1200\" height=\"1600\" srcset=\"https:\/\/blogsaverroes.juntadeandalucia.es\/eeifranciscosorianoserrano\/files\/2025\/03\/IMG-20250304-WA0037.jpg 1200w, https:\/\/blogsaverroes.juntadeandalucia.es\/eeifranciscosorianoserrano\/files\/2025\/03\/IMG-20250304-WA0037-225x300.jpg 225w, https:\/\/blogsaverroes.juntadeandalucia.es\/eeifranciscosorianoserrano\/files\/2025\/03\/IMG-20250304-WA0037-768x1024.jpg 768w, https:\/\/blogsaverroes.juntadeandalucia.es\/eeifranciscosorianoserrano\/files\/2025\/03\/IMG-20250304-WA0037-1152x1536.jpg 1152w\" sizes=\"(max-width: 1200px) 100vw, 1200px\" \/> <img loading=\"lazy\" decoding=\"async\" class=\"aligncenter size-full wp-image-7120\" src=\"https:\/\/blogsaverroes.juntadeandalucia.es\/eeifranciscosorianoserrano\/files\/2025\/03\/IMG-20250304-WA0038.jpg\" alt=\"\" width=\"1200\" height=\"1600\" srcset=\"https:\/\/blogsaverroes.juntadeandalucia.es\/eeifranciscosorianoserrano\/files\/2025\/03\/IMG-20250304-WA0038.jpg 1200w, https:\/\/blogsaverroes.juntadeandalucia.es\/eeifranciscosorianoserrano\/files\/2025\/03\/IMG-20250304-WA0038-225x300.jpg 225w, https:\/\/blogsaverroes.juntadeandalucia.es\/eeifranciscosorianoserrano\/files\/2025\/03\/IMG-20250304-WA0038-768x1024.jpg 768w, https:\/\/blogsaverroes.juntadeandalucia.es\/eeifranciscosorianoserrano\/files\/2025\/03\/IMG-20250304-WA0038-1152x1536.jpg 1152w\" sizes=\"(max-width: 1200px) 100vw, 1200px\" \/> <img loading=\"lazy\" decoding=\"async\" class=\"aligncenter size-full wp-image-7121\" src=\"https:\/\/blogsaverroes.juntadeandalucia.es\/eeifranciscosorianoserrano\/files\/2025\/03\/IMG-20250304-WA0039.jpg\" alt=\"\" width=\"1200\" height=\"1600\" srcset=\"https:\/\/blogsaverroes.juntadeandalucia.es\/eeifranciscosorianoserrano\/files\/2025\/03\/IMG-20250304-WA0039.jpg 1200w, https:\/\/blogsaverroes.juntadeandalucia.es\/eeifranciscosorianoserrano\/files\/2025\/03\/IMG-20250304-WA0039-225x300.jpg 225w, https:\/\/blogsaverroes.juntadeandalucia.es\/eeifranciscosorianoserrano\/files\/2025\/03\/IMG-20250304-WA0039-768x1024.jpg 768w, https:\/\/blogsaverroes.juntadeandalucia.es\/eeifranciscosorianoserrano\/files\/2025\/03\/IMG-20250304-WA0039-1152x1536.jpg 1152w\" sizes=\"(max-width: 1200px) 100vw, 1200px\" \/> <img loading=\"lazy\" decoding=\"async\" class=\"aligncenter size-full wp-image-7122\" src=\"https:\/\/blogsaverroes.juntadeandalucia.es\/eeifranciscosorianoserrano\/files\/2025\/03\/IMG-20250304-WA0009-copia.jpg\" alt=\"\" width=\"1200\" height=\"1600\" srcset=\"https:\/\/blogsaverroes.juntadeandalucia.es\/eeifranciscosorianoserrano\/files\/2025\/03\/IMG-20250304-WA0009-copia.jpg 1200w, https:\/\/blogsaverroes.juntadeandalucia.es\/eeifranciscosorianoserrano\/files\/2025\/03\/IMG-20250304-WA0009-copia-225x300.jpg 225w, https:\/\/blogsaverroes.juntadeandalucia.es\/eeifranciscosorianoserrano\/files\/2025\/03\/IMG-20250304-WA0009-copia-768x1024.jpg 768w, https:\/\/blogsaverroes.juntadeandalucia.es\/eeifranciscosorianoserrano\/files\/2025\/03\/IMG-20250304-WA0009-copia-1152x1536.jpg 1152w\" sizes=\"(max-width: 1200px) 100vw, 1200px\" \/><\/p>\n<form method=\"post\" id=\"cntctfrm_contact_form\" class=\"cntctfrm_contact_form cntctfrm_one_column cntctfrm_ltr cntctfrm_width_default\" action=\"\/eeifranciscosorianoserrano\/wp-json\/wp\/v2\/posts\/7090#cntctfrm_contact_form\" enctype=\"multipart\/form-data\"><div id=\"cntctfrm_first_column\" class=\"cntctfrm_column\"><div class=\"cntctfrm_field_wrap cntctfrm_field_name_wrap\"namecontact><div class=\"cntctfrm_label cntctfrm_label_name\">\n\t\t\t\t\t\t\t\t\t<label for=\"cntctfrm_contact_name\">Nombre: <span class=\"required\">*<\/span><\/label><\/div><div class=\"cntctfrm_input cntctfrm_input_name\">\n\t\t\t\t\t\t\t\t\t<input namecontact class=\"text\" type=\"text\" size=\"40\" pattern=\"^[\\p{L}\\p{M}]{3,}(\\s\\p{M}*\\p{L}+)*\" title=\"Please enter only letters at least 3 characters, words seperated by spaces\" value=\"\" name=\"cntctfrm_contact_name\" id=\"cntctfrm_contact_name\" \/><\/div><\/div><div class=\"cntctfrm_field_wrap cntctfrm_field_email_wrap\"email><div class=\"cntctfrm_label cntctfrm_label_email\">\n\t\t\t\t\t\t\t\t\t<label for=\"cntctfrm_contact_email\">Direcci\u00f3n de correo electr\u00f3nico: <span class=\"required\">*<\/span><\/label>\n\t\t\t\t\t\t\t\t<\/div><div class=\"cntctfrm_input cntctfrm_input_email\">\n\t\t\t\t\t\t\t\t\t<input email class=\"text\" type=\"email\" size=\"40\" value=\"\" name=\"cntctfrm_contact_email\" id=\"cntctfrm_contact_email\" \/><\/div><\/div><div class=\"cntctfrm_field_wrap cntctfrm_field_subject_wrap\"subject><div class=\"cntctfrm_label cntctfrm_label_subject\">\n\t\t\t\t\t\t\t\t\t<label for=\"cntctfrm_contact_subject\">Asunto: <span class=\"required\">*<\/span><\/label>\n\t\t\t\t\t\t\t\t<\/div><div class=\"cntctfrm_input cntctfrm_input_subject\">\n\t\t\t\t\t\t\t\t<input subject pattern=\"^[\\p{M}\\p{L}]{3,}(\\s\\p{M}*\\p{L}+)*\" title=\"Please enter only letters at least 3 characters, words seperated by spaces\" class=\"text\" type=\"text\" size=\"40\" value=\"\" name=\"cntctfrm_contact_subject\" id=\"cntctfrm_contact_subject\" \/><\/div><\/div><div class=\"cntctfrm_field_wrap cntctfrm_field_message_wrap\"message><div class=\"cntctfrm_label cntctfrm_label_message\">\n\t\t\t\t\t\t\t\t<label for=\"cntctfrm_contact_message\">Mensaje: <span class=\"required\">*<\/span><\/label>\n\t\t\t\t\t\t\t<\/div><div class=\"cntctfrm_input cntctfrm_input_message\">\n\t\t\t\t\t\t\t\t<textarea message rows=\"5\" cols=\"30\"name=\"cntctfrm_contact_message\" id=\"cntctfrm_contact_message\"><\/textarea><\/div><\/div><\/div><div class=\"clear\"><\/div><div class=\"cntctfrm_submit_wrap\"><div id=\"cntctfrm_submit_first_column\" class=\"cntctfrm_column\"><div class=\"cntctfrm_input cntctfrm_input_submit\"><input type=\"hidden\" value=\"send\" name=\"cntctfrm_contact_action\">\n\t\t\t\t\t\t\t<input type=\"hidden\" value=\"default\" name=\"cntctfrm_language\">\n\t\t\t\t\t\t\t<input type=\"hidden\" value=\"1\" name=\"cntctfrm_form_submited\">\n\t\t\t\t\t\t\t<input type=\"hidden\" value=\"cntctfrm_options\" name=\"cntctfrm_options_name\">\n\t\t\t\t\t\t\t<input type=\"submit\" value=\"Enviar\" class=\"cntctfrm_contact_submit\" \/>\n\t\t\t\t\t\t<\/div><\/div><div id=\"cntctfrm_submit_second_column\" class=\"cntctfrm_column\"><\/div><div class=\"clear\"><\/div>\n\t\t\t<\/div>\n\t\t\t<\/form>\n<p>&nbsp;<\/p>\n","protected":false},"excerpt":{"rendered":"<p>PLANTA UN \u00c1RBOL&#8230;. &nbsp; &nbsp; &nbsp;Nuestro alumnado de 5 a\u00f1os, ha participado el la reforestaci\u00f3n que ha tenido lugar en los alrededores de nuestro pueblo. &nbsp; &nbsp; &nbsp;Queremos dar las gracias a la escuela taller de J\u00f3dar por brindarnos la oportunidad de participar en actividades como esta. Pues creemos que es primordial que nuestros alumnos-as &hellip; <a href=\"https:\/\/blogsaverroes.juntadeandalucia.es\/eeifranciscosorianoserrano\/reforestamos\/\" class=\"more-link\">Sigue leyendo <span class=\"screen-reader-text\">REFORESTAMOS<\/span><\/a><\/p>\n","protected":false},"author":11628,"featured_media":7115,"comment_status":"open","ping_status":"open","sticky":false,"template":"","format":"standard","meta":{"ngg_post_thumbnail":0,"footnotes":""},"categories":[670287],"tags":[670241],"aioseo_notices":[],"_links":{"self":[{"href":"https:\/\/blogsaverroes.juntadeandalucia.es\/eeifranciscosorianoserrano\/wp-json\/wp\/v2\/posts\/7090"}],"collection":[{"href":"https:\/\/blogsaverroes.juntadeandalucia.es\/eeifranciscosorianoserrano\/wp-json\/wp\/v2\/posts"}],"about":[{"href":"https:\/\/blogsaverroes.juntadeandalucia.es\/eeifranciscosorianoserrano\/wp-json\/wp\/v2\/types\/post"}],"author":[{"embeddable":true,"href":"https:\/\/blogsaverroes.juntadeandalucia.es\/eeifranciscosorianoserrano\/wp-json\/wp\/v2\/users\/11628"}],"replies":[{"embeddable":true,"href":"https:\/\/blogsaverroes.juntadeandalucia.es\/eeifranciscosorianoserrano\/wp-json\/wp\/v2\/comments?post=7090"}],"version-history":[{"count":1,"href":"https:\/\/blogsaverroes.juntadeandalucia.es\/eeifranciscosorianoserrano\/wp-json\/wp\/v2\/posts\/7090\/revisions"}],"predecessor-version":[{"id":7123,"href":"https:\/\/blogsaverroes.juntadeandalucia.es\/eeifranciscosorianoserrano\/wp-json\/wp\/v2\/posts\/7090\/revisions\/7123"}],"wp:featuredmedia":[{"embeddable":true,"href":"https:\/\/blogsaverroes.juntadeandalucia.es\/eeifranciscosorianoserrano\/wp-json\/wp\/v2\/media\/7115"}],"wp:attachment":[{"href":"https:\/\/blogsaverroes.juntadeandalucia.es\/eeifranciscosorianoserrano\/wp-json\/wp\/v2\/media?parent=7090"}],"wp:term":[{"taxonomy":"category","embeddable":true,"href":"https:\/\/blogsaverroes.juntadeandalucia.es\/eeifranciscosorianoserrano\/wp-json\/wp\/v2\/categories?post=7090"},{"taxonomy":"post_tag","embeddable":true,"href":"https:\/\/blogsaverroes.juntadeandalucia.es\/eeifranciscosorianoserrano\/wp-json\/wp\/v2\/tags?post=7090"}],"curies":[{"name":"wp","href":"https:\/\/api.w.org\/{rel}","templated":true}]}}